{"id":22811,"date":"2019-07-17T18:49:33","date_gmt":"2019-07-17T22:49:33","guid":{"rendered":"http:\/\/blogdalucianaoliveira.com.br\/blog\/?p=22811"},"modified":"2019-07-17T18:49:33","modified_gmt":"2019-07-17T22:49:33","slug":"a-beira-do-ridiculo","status":"publish","type":"post","link":"http:\/\/blogdalucianaoliveira.com.br\/blog\/2019\/07\/17\/a-beira-do-ridiculo\/","title":{"rendered":"\u00c0 beira do rid\u00edculo"},"content":{"rendered":"<p><img data-recalc-dims=\"1\" loading=\"lazy\" decoding=\"async\" data-attachment-id=\"22812\" data-permalink=\"http:\/\/blogdalucianaoliveira.com.br\/blog\/2019\/07\/17\/a-beira-do-ridiculo\/ca130971-bb66-41e8-9832-cacfe8c27e5f\/\" data-orig-file=\"https:\/\/i0.wp.com\/blogdalucianaoliveira.com.br\/blog\/wp-content\/uploads\/2019\/07\/CA130971-BB66-41E8-9832-CACFE8C27E5F.jpeg?fit=768%2C512\" data-orig-size=\"768,512\" data-comments-opened=\"0\" data-image-meta=\"{&quot;aperture&quot;:&quot;0&quot;,&quot;credit&quot;:&quot;&quot;,&quot;camera&quot;:&quot;&quot;,&quot;caption&quot;:&quot;&quot;,&quot;created_timestamp&quot;:&quot;0&quot;,&quot;copyright&quot;:&quot;&quot;,&quot;focal_length&quot;:&quot;0&quot;,&quot;iso&quot;:&quot;0&quot;,&quot;shutter_speed&quot;:&quot;0&quot;,&quot;title&quot;:&quot;&quot;,&quot;orientation&quot;:&quot;0&quot;}\" data-image-title=\"CA130971-BB66-41E8-9832-CACFE8C27E5F\" data-image-description=\"\" data-image-caption=\"\" data-medium-file=\"https:\/\/i0.wp.com\/blogdalucianaoliveira.com.br\/blog\/wp-content\/uploads\/2019\/07\/CA130971-BB66-41E8-9832-CACFE8C27E5F.jpeg?fit=300%2C200\" data-large-file=\"https:\/\/i0.wp.com\/blogdalucianaoliveira.com.br\/blog\/wp-content\/uploads\/2019\/07\/CA130971-BB66-41E8-9832-CACFE8C27E5F.jpeg?fit=600%2C400\" src=\"https:\/\/i0.wp.com\/blogdalucianaoliveira.com.br\/blog\/wp-content\/uploads\/2019\/07\/CA130971-BB66-41E8-9832-CACFE8C27E5F.jpeg?resize=600%2C400\" alt=\"CA130971-BB66-41E8-9832-CACFE8C27E5F\" width=\"600\" height=\"400\" class=\"alignnone size-full wp-image-22812\" srcset=\"https:\/\/i0.wp.com\/blogdalucianaoliveira.com.br\/blog\/wp-content\/uploads\/2019\/07\/CA130971-BB66-41E8-9832-CACFE8C27E5F.jpeg?w=768 768w, https:\/\/i0.wp.com\/blogdalucianaoliveira.com.br\/blog\/wp-content\/uploads\/2019\/07\/CA130971-BB66-41E8-9832-CACFE8C27E5F.jpeg?resize=300%2C200 300w, https:\/\/i0.wp.com\/blogdalucianaoliveira.com.br\/blog\/wp-content\/uploads\/2019\/07\/CA130971-BB66-41E8-9832-CACFE8C27E5F.jpeg?resize=450%2C300 450w\" sizes=\"auto, (max-width: 600px) 100vw, 600px\" \/><\/p>\n<p>Na Folha, por Bruno Boghossian &#8211; Sergio Moro deve ter se animado com os aplausos que recebeu no voo que tomou para a Fl\u00f3rida, na semana passada. O ministro interrompeu as f\u00e9rias com a fam\u00edlia e foi \u00e0s redes sociais para criticar, mais uma vez, a divulga\u00e7\u00e3o de conversas da for\u00e7a-tarefa da Lava Jato.<!--more--><\/p>\n<p>&#8220;Sou grande defensor da liberdade de imprensa, mas essa campanha contra a Lava Jato e a favor da corrup\u00e7\u00e3o est\u00e1 beirando o rid\u00edculo&#8221;, escreveu o ex-juiz, nesta ter\u00e7a-feira (16). &#8220;Se houver algo s\u00e9rio e aut\u00eantico, publiquem por gentileza.&#8221;<\/p>\n<p>O ministro mostrou que n\u00e3o aceita questionamentos sobre sua atua\u00e7\u00e3o como julgador. Segundo sua l\u00f3gica tortuosa, a \u00fanica justificativa para a publica\u00e7\u00e3o dos di\u00e1logos \u00e9 uma conspira\u00e7\u00e3o para proteger criminosos e matar os processos de Curitiba.<\/p>\n<p>Moro ignora o interesse p\u00fablico ao atacar os ve\u00edculos que publicaram reportagens sobre o assunto. O ministro parece ter adotado o comportamento t\u00edpico de autoridades que preferem agir como seres intoc\u00e1veis. Contaminados pelo prest\u00edgio, muitos poderosos simplesmente n\u00e3o admitem ser contrariados.<\/p>\n<p>Nesse epis\u00f3dio, o ex-juiz espelha seu novo chefe. Jair Bolsonaro \u00e9 um mestre em abafar verdades inconvenientes e desqualificar seus cr\u00edticos. Na segunda-feira (15), ele elaborou um racioc\u00ednio esdr\u00faxulo para tentar desmerecer os reparos feitos \u00e0 indica\u00e7\u00e3o de um filho sem qualifica\u00e7\u00f5es para o posto mais importante da diplomacia brasileira no exterior.<\/p>\n<p>&#8220;Se est\u00e1 sendo t\u00e3o criticado, \u00e9 sinal de que \u00e9 a pessoa adequada&#8221;, disse o presidente. Bolsonaro n\u00e3o quis mencionar que tamb\u00e9m houve desaprova\u00e7\u00e3o \u00e0 escolha de Eduardo entre seus aliados. Sempre ouvido e elogiado pela primeira-fam\u00edlia, o ide\u00f3logo Olavo de Carvalho refutou a indica\u00e7\u00e3o, mas foi desprezado.<\/p>\n<p>O presidente e seus auxiliares confundem cr\u00edticos com inimigos, insistem em decis\u00f5es inadequadas e s\u00e3o incapazes de reconhecer seus erros. Dessa maneira, eles buscam uma blindagem para seus atos. Correm o risco, no entanto, de ficar isolados dentro dessa redoma.<\/p>\n","protected":false},"excerpt":{"rendered":"<p>Na Folha, por Bruno Boghossian &#8211; Sergio Moro deve ter se animado com os aplausos que recebeu no voo que tomou para a Fl\u00f3rida, na semana passada. O ministro interrompeu as f\u00e9rias com a fam\u00edlia e foi \u00e0s redes sociais para criticar, mais uma vez, a divulga\u00e7\u00e3o de conversas da for\u00e7a-tarefa da Lava Jato.<\/p>\n","protected":false},"author":1,"featured_media":0,"comment_status":"closed","ping_status":"open","sticky":false,"template":"","format":"standard","meta":{"_exactmetrics_skip_tracking":false,"_exactmetrics_sitenote_active":false,"_exactmetrics_sitenote_note":"","_exactmetrics_sitenote_category":0,"jetpack_post_was_ever_published":false,"_jetpack_newsletter_access":"","_jetpack_dont_email_post_to_subs":false,"_jetpack_newsletter_tier_id":0,"_jetpack_memberships_contains_paywalled_content":false,"_jetpack_memberships_contains_paid_content":false,"footnotes":"","jetpack_publicize_message":"","jetpack_publicize_feature_enabled":true,"jetpack_social_post_already_shared":true,"jetpack_social_options":{"image_generator_settings":{"template":"highway","enabled":false},"version":2}},"categories":[1],"tags":[],"class_list":["post-22811","post","type-post","status-publish","format-standard","hentry","category-notas"],"jetpack_publicize_connections":[],"jetpack_sharing_enabled":true,"jetpack_featured_media_url":"","jetpack_shortlink":"https:\/\/wp.me\/p7wKYW-5VV","jetpack-related-posts":[],"_links":{"self":[{"href":"http:\/\/blogdalucianaoliveira.com.br\/blog\/wp-json\/wp\/v2\/posts\/22811","targetHints":{"allow":["GET"]}}],"collection":[{"href":"http:\/\/blogdalucianaoliveira.com.br\/blog\/wp-json\/wp\/v2\/posts"}],"about":[{"href":"http:\/\/blogdalucianaoliveira.com.br\/blog\/wp-json\/wp\/v2\/types\/post"}],"author":[{"embeddable":true,"href":"http:\/\/blogdalucianaoliveira.com.br\/blog\/wp-json\/wp\/v2\/users\/1"}],"replies":[{"embeddable":true,"href":"http:\/\/blogdalucianaoliveira.com.br\/blog\/wp-json\/wp\/v2\/comments?post=22811"}],"version-history":[{"count":1,"href":"http:\/\/blogdalucianaoliveira.com.br\/blog\/wp-json\/wp\/v2\/posts\/22811\/revisions"}],"predecessor-version":[{"id":22813,"href":"http:\/\/blogdalucianaoliveira.com.br\/blog\/wp-json\/wp\/v2\/posts\/22811\/revisions\/22813"}],"wp:attachment":[{"href":"http:\/\/blogdalucianaoliveira.com.br\/blog\/wp-json\/wp\/v2\/media?parent=22811"}],"wp:term":[{"taxonomy":"category","embeddable":true,"href":"http:\/\/blogdalucianaoliveira.com.br\/blog\/wp-json\/wp\/v2\/categories?post=22811"},{"taxonomy":"post_tag","embeddable":true,"href":"http:\/\/blogdalucianaoliveira.com.br\/blog\/wp-json\/wp\/v2\/tags?post=22811"}],"curies":[{"name":"wp","href":"https:\/\/api.w.org\/{rel}","templated":true}]}}