{"id":22814,"date":"2019-07-17T18:54:03","date_gmt":"2019-07-17T22:54:03","guid":{"rendered":"http:\/\/blogdalucianaoliveira.com.br\/blog\/?p=22814"},"modified":"2019-07-17T18:54:03","modified_gmt":"2019-07-17T22:54:03","slug":"ministerio-sorteia-representantes-de-nova-composicao-do-conama","status":"publish","type":"post","link":"http:\/\/blogdalucianaoliveira.com.br\/blog\/2019\/07\/17\/ministerio-sorteia-representantes-de-nova-composicao-do-conama\/","title":{"rendered":"Minist\u00e9rio sorteia representantes de nova composi\u00e7\u00e3o do Conama"},"content":{"rendered":"<p><img data-recalc-dims=\"1\" loading=\"lazy\" decoding=\"async\" data-attachment-id=\"22815\" data-permalink=\"http:\/\/blogdalucianaoliveira.com.br\/blog\/2019\/07\/17\/ministerio-sorteia-representantes-de-nova-composicao-do-conama\/12f43b2a-e6a5-4017-b96a-5942b4e85307\/\" data-orig-file=\"https:\/\/i0.wp.com\/blogdalucianaoliveira.com.br\/blog\/wp-content\/uploads\/2019\/07\/12F43B2A-E6A5-4017-B96A-5942B4E85307.jpeg?fit=303%2C243\" data-orig-size=\"303,243\" data-comments-opened=\"0\" data-image-meta=\"{&quot;aperture&quot;:&quot;0&quot;,&quot;credit&quot;:&quot;&quot;,&quot;camera&quot;:&quot;&quot;,&quot;caption&quot;:&quot;&quot;,&quot;created_timestamp&quot;:&quot;0&quot;,&quot;copyright&quot;:&quot;&quot;,&quot;focal_length&quot;:&quot;0&quot;,&quot;iso&quot;:&quot;0&quot;,&quot;shutter_speed&quot;:&quot;0&quot;,&quot;title&quot;:&quot;&quot;,&quot;orientation&quot;:&quot;0&quot;}\" data-image-title=\"12F43B2A-E6A5-4017-B96A-5942B4E85307\" data-image-description=\"\" data-image-caption=\"\" data-medium-file=\"https:\/\/i0.wp.com\/blogdalucianaoliveira.com.br\/blog\/wp-content\/uploads\/2019\/07\/12F43B2A-E6A5-4017-B96A-5942B4E85307.jpeg?fit=300%2C241\" data-large-file=\"https:\/\/i0.wp.com\/blogdalucianaoliveira.com.br\/blog\/wp-content\/uploads\/2019\/07\/12F43B2A-E6A5-4017-B96A-5942B4E85307.jpeg?fit=303%2C243\" src=\"https:\/\/i0.wp.com\/blogdalucianaoliveira.com.br\/blog\/wp-content\/uploads\/2019\/07\/12F43B2A-E6A5-4017-B96A-5942B4E85307.jpeg?resize=303%2C243\" alt=\"12F43B2A-E6A5-4017-B96A-5942B4E85307\" width=\"303\" height=\"243\" class=\"alignnone size-full wp-image-22815\" srcset=\"https:\/\/i0.wp.com\/blogdalucianaoliveira.com.br\/blog\/wp-content\/uploads\/2019\/07\/12F43B2A-E6A5-4017-B96A-5942B4E85307.jpeg?w=303 303w, https:\/\/i0.wp.com\/blogdalucianaoliveira.com.br\/blog\/wp-content\/uploads\/2019\/07\/12F43B2A-E6A5-4017-B96A-5942B4E85307.jpeg?resize=300%2C241 300w\" sizes=\"auto, (max-width: 303px) 100vw, 303px\" \/><\/p>\n<p>Ag\u00eancia Brasil &#8211; O Minist\u00e9rio do Meio Ambiente sorteou hoje (17) os representantes do Conselho Nacional do Meio Ambiente (Conama). Os 13 representantes rotativos ter\u00e3o mandato de um ano. Os demais dez conselheiros ser\u00e3o fixos e representam o governo federal. O Decreto n\u00ba 9806, de maio deste ano, alterou a composi\u00e7\u00e3o do Conama, reduzindo o n\u00famero de representantes de 96 para 23.<!--more--><\/p>\n<p>Segundo o minist\u00e9rio, a redu\u00e7\u00e3o \u201cgarante o princ\u00edpio da proporcionalidade e efici\u00eancia administrativa\u201d. O decreto tamb\u00e9m instituiu o sorteio, no lugar da elei\u00e7\u00e3o, para a composi\u00e7\u00e3o dos membros do conselho.<\/p>\n<p>As 13 vagas rotativas s\u00e3o formadas por cinco estados, cada um de uma regi\u00e3o do pa\u00eds; dois munic\u00edpios, sorteados dentre as 26 capitais de estados; dois do setor empresarial, dentre as confedera\u00e7\u00f5es da Ind\u00fastria, Com\u00e9rcio, Servi\u00e7os, Agricultura e Transportes; e quatro de entidades da sociedade civil, entre as registradas no Cadastro Nacional de Entidades Ambientalistas.<\/p>\n<p>As entidades ambientalistas sorteadas foram a Associa\u00e7\u00e3o Novo Encanto de Desenvolvimento Ecol\u00f3gico (AM), a Associa\u00e7\u00e3o Terceira Via (S\u00e3o Paulo), o Centro de Estudos e Pesquisa para o Desenvolvimento do Extremo Sul da Bahia (BA) e a Comiss\u00e3o Ilha Ativa (PI). Os representantes do setor empresarial sorteados foram a Confedera\u00e7\u00e3o Nacional da Agricultura (CNA) e a Confedera\u00e7\u00e3o Nacional da Ind\u00fastria (CNI).<\/p>\n<p>Estados, munic\u00edpios e confedera\u00e7\u00f5es far\u00e3o rod\u00edzio permanente conforme a ordem de coloca\u00e7\u00e3o definida no sorteio desta quarta-feira e n\u00e3o passar\u00e3o mais por sorteio. As entidades ambientalistas ser\u00e3o sorteadas todos os anos.<\/p>\n<p>A nova composi\u00e7\u00e3o do Conama ficou com a seguinte forma\u00e7\u00e3o:<\/p>\n<p>\u2013 Ministro do Meio Ambiente (Presidente)<br \/>\n\u2013 Secretaria-executiva do Minist\u00e9rio do Meio Ambiente<br \/>\n\u2013 Presidente do Ibama<br \/>\n\u2013 Representante da Casa Civil da Presid\u00eancia da Rep\u00fablica<br \/>\n\u2013 Representante do Minist\u00e9rio da Economia<br \/>\n\u2013 Representante do Minist\u00e9rio da Infraestrutura<br \/>\n\u2013 Representante do Minist\u00e9rio da Agricultura, Pecu\u00e1ria e Abastecimento<br \/>\n\u2013 Representante do Minist\u00e9rio de Minas e Energia<br \/>\n\u2013 Representante do Minist\u00e9rio do Desenvolvimento Regional<br \/>\n\u2013 Representante da Secretaria de Governo da Presid\u00eancia da Rep\u00fablica<br \/>\n\u2013 Representante do estado do Rio Grande do Sul<br \/>\n\u2013 Representante do estado do Rio de Janeiro<br \/>\n\u2013 Representante do estado do Mato Grosso do Sul<br \/>\n\u2013 Representante do estado do Tocantins<br \/>\n\u2013 Representante do estado do Piau\u00ed<br \/>\n\u2013 Representante do munic\u00edpio de Bel\u00e9m<br \/>\n\u2013 Representante do munic\u00edpio de Porto Alegre<br \/>\n\u2013 Representante da Confedera\u00e7\u00e3o Nacional da Agricultura<br \/>\n\u2013 Representante da Confedera\u00e7\u00e3o Nacional da Ind\u00fastria<br \/>\n\u2013 Representante da Associa\u00e7\u00e3o Novo Encanto de Desenvolvimento Ecol\u00f3gico<br \/>\n\u2013 Representante da Associa\u00e7\u00e3o Terceira Via<br \/>\n\u2013 Representante de Centro de Estudos e Pesquisa para o Desenvolvimento do Extremo Sul da Bahia<br \/>\n\u2013 Representante da Comiss\u00e3o Ilha Ativa (PI)<\/p>\n","protected":false},"excerpt":{"rendered":"<p>Ag\u00eancia Brasil &#8211; O Minist\u00e9rio do Meio Ambiente sorteou hoje (17) os representantes do Conselho Nacional do Meio Ambiente (Conama). Os 13 representantes rotativos ter\u00e3o mandato de um ano. Os demais dez conselheiros ser\u00e3o fixos e representam o governo federal. O Decreto n\u00ba 9806, de maio deste ano, alterou a composi\u00e7\u00e3o do Conama, reduzindo o&#8230;<a class=\"more-link\" href=\"http:\/\/blogdalucianaoliveira.com.br\/blog\/2019\/07\/17\/ministerio-sorteia-representantes-de-nova-composicao-do-conama\/\">Continue a leitura <span class=\"meta-nav\">&raquo;<\/span><\/a><\/p>\n","protected":false},"author":1,"featured_media":0,"comment_status":"closed","ping_status":"open","sticky":false,"template":"","format":"standard","meta":{"_exactmetrics_skip_tracking":false,"_exactmetrics_sitenote_active":false,"_exactmetrics_sitenote_note":"","_exactmetrics_sitenote_category":0,"jetpack_post_was_ever_published":false,"_jetpack_newsletter_access":"","_jetpack_dont_email_post_to_subs":false,"_jetpack_newsletter_tier_id":0,"_jetpack_memberships_contains_paywalled_content":false,"_jetpack_memberships_contains_paid_content":false,"footnotes":"","jetpack_publicize_message":"","jetpack_publicize_feature_enabled":true,"jetpack_social_post_already_shared":true,"jetpack_social_options":{"image_generator_settings":{"template":"highway","enabled":false},"version":2}},"categories":[1],"tags":[],"class_list":["post-22814","post","type-post","status-publish","format-standard","hentry","category-notas"],"jetpack_publicize_connections":[],"jetpack_sharing_enabled":true,"jetpack_featured_media_url":"","jetpack_shortlink":"https:\/\/wp.me\/p7wKYW-5VY","jetpack-related-posts":[],"_links":{"self":[{"href":"http:\/\/blogdalucianaoliveira.com.br\/blog\/wp-json\/wp\/v2\/posts\/22814","targetHints":{"allow":["GET"]}}],"collection":[{"href":"http:\/\/blogdalucianaoliveira.com.br\/blog\/wp-json\/wp\/v2\/posts"}],"about":[{"href":"http:\/\/blogdalucianaoliveira.com.br\/blog\/wp-json\/wp\/v2\/types\/post"}],"author":[{"embeddable":true,"href":"http:\/\/blogdalucianaoliveira.com.br\/blog\/wp-json\/wp\/v2\/users\/1"}],"replies":[{"embeddable":true,"href":"http:\/\/blogdalucianaoliveira.com.br\/blog\/wp-json\/wp\/v2\/comments?post=22814"}],"version-history":[{"count":1,"href":"http:\/\/blogdalucianaoliveira.com.br\/blog\/wp-json\/wp\/v2\/posts\/22814\/revisions"}],"predecessor-version":[{"id":22816,"href":"http:\/\/blogdalucianaoliveira.com.br\/blog\/wp-json\/wp\/v2\/posts\/22814\/revisions\/22816"}],"wp:attachment":[{"href":"http:\/\/blogdalucianaoliveira.com.br\/blog\/wp-json\/wp\/v2\/media?parent=22814"}],"wp:term":[{"taxonomy":"category","embeddable":true,"href":"http:\/\/blogdalucianaoliveira.com.br\/blog\/wp-json\/wp\/v2\/categories?post=22814"},{"taxonomy":"post_tag","embeddable":true,"href":"http:\/\/blogdalucianaoliveira.com.br\/blog\/wp-json\/wp\/v2\/tags?post=22814"}],"curies":[{"name":"wp","href":"https:\/\/api.w.org\/{rel}","templated":true}]}}