{"id":22817,"date":"2019-07-18T16:31:59","date_gmt":"2019-07-18T20:31:59","guid":{"rendered":"http:\/\/blogdalucianaoliveira.com.br\/blog\/?p=22817"},"modified":"2019-07-18T16:31:59","modified_gmt":"2019-07-18T20:31:59","slug":"mensagens-apontam-que-moro-interferiu-em-negociacao-de-delacoes","status":"publish","type":"post","link":"http:\/\/blogdalucianaoliveira.com.br\/blog\/2019\/07\/18\/mensagens-apontam-que-moro-interferiu-em-negociacao-de-delacoes\/","title":{"rendered":"Mensagens apontam que Moro interferiu em negocia\u00e7\u00e3o de dela\u00e7\u00f5es"},"content":{"rendered":"<p><img data-recalc-dims=\"1\" loading=\"lazy\" decoding=\"async\" data-attachment-id=\"22818\" data-permalink=\"http:\/\/blogdalucianaoliveira.com.br\/blog\/2019\/07\/18\/mensagens-apontam-que-moro-interferiu-em-negociacao-de-delacoes\/08e53e45-2b5a-4940-9122-aff427a55342\/\" data-orig-file=\"https:\/\/i0.wp.com\/blogdalucianaoliveira.com.br\/blog\/wp-content\/uploads\/2019\/07\/08E53E45-2B5A-4940-9122-AFF427A55342.jpeg?fit=750%2C450\" data-orig-size=\"750,450\" data-comments-opened=\"0\" data-image-meta=\"{&quot;aperture&quot;:&quot;0&quot;,&quot;credit&quot;:&quot;&quot;,&quot;camera&quot;:&quot;&quot;,&quot;caption&quot;:&quot;&quot;,&quot;created_timestamp&quot;:&quot;0&quot;,&quot;copyright&quot;:&quot;&quot;,&quot;focal_length&quot;:&quot;0&quot;,&quot;iso&quot;:&quot;0&quot;,&quot;shutter_speed&quot;:&quot;0&quot;,&quot;title&quot;:&quot;&quot;,&quot;orientation&quot;:&quot;0&quot;}\" data-image-title=\"08E53E45-2B5A-4940-9122-AFF427A55342\" data-image-description=\"\" data-image-caption=\"\" data-medium-file=\"https:\/\/i0.wp.com\/blogdalucianaoliveira.com.br\/blog\/wp-content\/uploads\/2019\/07\/08E53E45-2B5A-4940-9122-AFF427A55342.jpeg?fit=300%2C180\" data-large-file=\"https:\/\/i0.wp.com\/blogdalucianaoliveira.com.br\/blog\/wp-content\/uploads\/2019\/07\/08E53E45-2B5A-4940-9122-AFF427A55342.jpeg?fit=600%2C360\" class=\"alignnone size-full wp-image-22818\" src=\"https:\/\/i0.wp.com\/blogdalucianaoliveira.com.br\/blog\/wp-content\/uploads\/2019\/07\/08E53E45-2B5A-4940-9122-AFF427A55342.jpeg?resize=600%2C360\" alt=\"08E53E45-2B5A-4940-9122-AFF427A55342\" width=\"600\" height=\"360\" srcset=\"https:\/\/i0.wp.com\/blogdalucianaoliveira.com.br\/blog\/wp-content\/uploads\/2019\/07\/08E53E45-2B5A-4940-9122-AFF427A55342.jpeg?w=750 750w, https:\/\/i0.wp.com\/blogdalucianaoliveira.com.br\/blog\/wp-content\/uploads\/2019\/07\/08E53E45-2B5A-4940-9122-AFF427A55342.jpeg?resize=300%2C180 300w, https:\/\/i0.wp.com\/blogdalucianaoliveira.com.br\/blog\/wp-content\/uploads\/2019\/07\/08E53E45-2B5A-4940-9122-AFF427A55342.jpeg?resize=500%2C300 500w\" sizes=\"auto, (max-width: 600px) 100vw, 600px\" \/><\/p>\n<p>Conversas mostram diverg\u00eancia entre procuradores da Lava Jato sobre condi\u00e7\u00f5es apresentadas pelo ent\u00e3o juiz para aceitar acordo<!--more--><\/p>\n<p>&nbsp;<\/p>\n<div class=\"c-news__wrap\">\n<div class=\"c-signature\"><strong class=\"c-signature__author\">Ricardo Balthazar, da Folha<\/strong><strong class=\"c-signature__author\">Paula Bianchi, do The Intercept Brasil<\/strong><\/div>\n<\/div>\n<div class=\"c-news__content\">\n<div class=\"c-signature c-signature--left\" data-force-change-font-size=\"\"><strong class=\"c-signature__location\">S\u00c3O PAULO <span class=\"text-lower\">e<\/span> RIO DE JANEIRO <\/strong><\/div>\n<div class=\"c-news__body\" data-share-text=\"\" data-news-content-text=\"\" data-disable-copy=\"\" data-continue-reading=\"\" data-continue-reading-hide-others=\".js-continue-reading-hidden\">\n<p>Mensagens privadas trocadas por procuradores da Opera\u00e7\u00e3o Lava Jato em 2015 mostram que o ent\u00e3o juiz federal Sergio Moro interferiu nas negocia\u00e7\u00f5es das dela\u00e7\u00f5es de dois executivos da construtora <a href=\"https:\/\/www1.folha.uol.com.br\/poder\/2018\/06\/moro-trava-investigacoes-para-proteger-empresas-e-delatores-da-lava-jato.shtml\">Camargo <\/a><a href=\"https:\/\/www1.folha.uol.com.br\/poder\/2018\/06\/moro-trava-investigacoes-para-proteger-empresas-e-delatores-da-lava-jato.shtml\">Corr\u00eaa<\/a>, cruzando limites impostos pela legisla\u00e7\u00e3o para manter ju\u00edzes afastados de conversas com colaboradores.<\/p>\n<p>As mensagens, obtidas pelo The Intercept Brasil e examinadas pela <strong>Folha<\/strong> e pelo site, revelam que Moro avisou aos procuradores que s\u00f3 homologaria as dela\u00e7\u00f5es se a pena proposta aos executivos inclu\u00edsse pelo menos um ano de pris\u00e3o em regime fechado.<\/p>\n<div>\n<div class=\"widget-image\">\n<figure><img data-recalc-dims=\"1\" decoding=\"async\" class=\"img-responsive\" src=\"https:\/\/i0.wp.com\/f.i.uol.com.br\/fotografia\/2019\/07\/17\/15634063475d2fb00b5fefa_1563406347_3x2_md.jpg?w=600&#038;ssl=1\" sizes=\"(min-width: 1024px) 68vw, 100vw\" srcset=\"https:\/\/f.i.uol.com.br\/fotografia\/2019\/07\/17\/15634063475d2fb00b5fefa_1563406347_3x2_th.jpg 100w, https:\/\/f.i.uol.com.br\/fotografia\/2019\/07\/17\/15634063475d2fb00b5fefa_1563406347_3x2_sm.jpg 480w, https:\/\/f.i.uol.com.br\/fotografia\/2019\/07\/17\/15634063475d2fb00b5fefa_1563406347_3x2_md.jpg 768w, https:\/\/f.i.uol.com.br\/fotografia\/2019\/07\/17\/15634063475d2fb00b5fefa_1563406347_3x2_lg.jpg 1024w, https:\/\/f.i.uol.com.br\/fotografia\/2019\/07\/17\/15634063475d2fb00b5fefa_1563406347_3x2_xl.jpg 1200w, https:\/\/f.i.uol.com.br\/fotografia\/2019\/07\/17\/15634063475d2fb00b5fefa_1563406347_3x2_rt.jpg 2400w\" alt=\"Os procuradores da Lava Jato Carlos Fernando dos Santos Lima e Deltan Dallagnol durante entrevista coletiva em Curitiba, em 2016\" \/><figcaption class=\"widget-image__subtitle\">Os procuradores da Lava Jato Carlos Fernando dos Santos Lima e Deltan Dallagnol durante entrevista coletiva em Curitiba, em 2016 &#8211; <span class=\"widget-image__credits\">Paulo Lisboa &#8211; 30.nov.16\/Folhapress<\/span><\/figcaption><\/figure>\n<\/div>\n<\/div>\n<p>A Lei das Organiza\u00e7\u00f5es Criminosas, de 2013, que definiu regras para os acordos de colabora\u00e7\u00e3o premiada, diz que ju\u00edzes devem se manter distantes das negocia\u00e7\u00f5es e t\u00eam como obriga\u00e7\u00e3o apenas a verifica\u00e7\u00e3o da legalidade dos acordos ap\u00f3s sua assinatura.<\/p>\n<p>O objetivo \u00e9 garantir que os magistrados tenham a imparcialidade necess\u00e1ria para avaliar as informa\u00e7\u00f5es fornecidas pelos colaboradores e os benef\u00edcios oferecidos em troca no fim do processo judicial, quando cabe aos ju\u00edzes aplicar as penas negociadas se julgarem os resultados da coopera\u00e7\u00e3o efetivos.<\/p>\n<p>As mensagens obtidas pelo Intercept mostram que Moro desprezou esses limites ao impor condi\u00e7\u00f5es para aceitar as dela\u00e7\u00f5es num est\u00e1gio prematuro, em que seus advogados ainda estavam na mesa negociando com a Procuradoria.<\/p>\n<p>Os di\u00e1logos revelam tamb\u00e9m que a interfer\u00eancia do juiz causou inc\u00f4modo entre os integrantes da for\u00e7a-tarefa \u00e0 frente do caso em Curitiba, que nessa \u00e9poca divergiam sobre a melhor maneira de usar as dela\u00e7\u00f5es para dar impulso \u00e0s investiga\u00e7\u00f5es.<\/p>\n<p>No dia 23 de fevereiro de 2015, o procurador Deltan Dallagnol, chefe da for\u00e7a-tarefa, escreveu a Carlos Fernando dos Santos Lima, que conduzia as negocia\u00e7\u00f5es com a Camargo Corr\u00eaa, e sugeriu que aproveitasse uma reuni\u00e3o com Moro para consult\u00e1-lo sobre as penas a serem propostas aos delatores.<\/p>\n<p>\u201cA t\u00edtulo de sugest\u00e3o, seria bom sondar Moro quanto\u00a0aos patamares estabelecidos\u201d, disse Deltan.<\/p>\n<p>As mensagens indicam que o procurador temia, al\u00e9m da rea\u00e7\u00e3o do juiz, os danos que a Lava Jato sofreria se os benef\u00edcios concedidos aos executivos fossem vistos pela opini\u00e3o p\u00fablica como excessivos.<\/p>\n<\/div>\n<p>Na avalia\u00e7\u00e3o de Carlos Fernando, o mais importante naquele momento era que as informa\u00e7\u00f5es obtidas com os delatores da Camargo Corr\u00eaa abririam frentes de investiga\u00e7\u00e3o novas e promissoras, e isso justificava a proposta de redu\u00e7\u00e3o das penas previstas para seus crimes.<\/p>\n<p>\u201cO procedimento de dela\u00e7\u00e3o virou um caos\u201d, disse Carlos Fernando ao responder \u00e0 mensagem de Deltan. \u201cO que vejo agora \u00e9 um tipo de barganha onde se quer jogar para a plat\u00e9ia, dobrar demasiado o colaborador, submeter o advogado, sem realmente ir em frente\u201d, acrescentou.<\/p>\n<p>Para Carlos Fernando, era preciso pensar no longo prazo, al\u00e9m do acordo com a Camargo Corr\u00eaa. \u201cN\u00e3o sei fazer negocia\u00e7\u00e3o como se fosse um turco\u201d, disse. \u201cIsso at\u00e9 \u00e9 contr\u00e1rio \u00e0 boa-f\u00e9 que entendo um negociador deve ter. E \u00e9 bom lembrar que bons resultados para os advogados s\u00e3o importantes para que sejam trazidos novos colaboradores.\u201d<\/p>\n<p>Embora a lei garanta ao Minist\u00e9rio P\u00fablico autonomia para negociar, Deltan achava arriscado desprezar a opini\u00e3o de Moro e queria que o colega desse mais aten\u00e7\u00e3o ao juiz. No dia 25, o chefe da for\u00e7a-tarefa voltou a manifestar sua preocupa\u00e7\u00e3o.<\/p>\n<p>\u201cVc quer fazer os acordos da Camargo mesmo com pena de que o Moro discorde?\u201d, perguntou a Carlos Fernando. \u201cAcho perigoso pro relacionamento fazer sem ir FALAR com ele, o que n\u00e3o significa que seguiremos.\u201d<\/p>\n<p>\u201cPodemos at\u00e9 fazer fora do que ele colocou (quer que todos tenham pena de pris\u00e3o de um ano), mas tem que falar com ele sob pena de ele dizer que ignoramos o que ele disse\u201d, acrescentou.<\/p>\n<p>As mensagens s\u00e3o reproduzidas tal qual aparecem nos arquivos obtidos pelo Intercept, mantendo eventuais erros de digita\u00e7\u00e3o e normas da l\u00edngua portuguesa.<\/p>\n<p>A opini\u00e3o de Moro foi respeitada. Com a assinatura dos acordos, dois dias depois, ficou acertado que os dois executivos da Camargo Corr\u00eaa, Dalton Avancini e Eduardo Leite, que estavam presos em Curitiba em car\u00e1ter preventivo havia quatro meses, sairiam da cadeia com tornozeleiras e ficariam mais um ano trancados em casa.<\/p>\n<p>Os delatores deram informa\u00e7\u00f5es sobre o cartel organizado pelas empreiteiras para fraudar licita\u00e7\u00f5es da Petrobras, admitiram o pagamento de propina a pol\u00edticos e dirigentes da estatal e revelaram desvios na constru\u00e7\u00e3o da usina nuclear Angra 3 e em outras obras do setor el\u00e9trico.<\/p>\n<p>Foi a primeira vez que executivos de uma das maiores empreiteiras do pa\u00eds admitiram a pr\u00e1tica de corrup\u00e7\u00e3o, abrindo caminho para que outros fizessem o mesmo nos meses seguintes. A <a href=\"https:\/\/www1.folha.uol.com.br\/poder\/2016\/12\/1837429-odebrecht-assina-acordo-de-leniencia-com-procuradores-da-lava-jato.shtml\">Odebrecht<\/a> e a <a href=\"https:\/\/www1.folha.uol.com.br\/poder\/2015\/11\/1711882-andrade-gutierrez-acerta-multa-de-r-1-bi-e-vai-confessar-suborno-em-obras-da-copa.shtml\">Andrade <\/a><a href=\"https:\/\/www1.folha.uol.com.br\/poder\/2015\/11\/1711882-andrade-gutierrez-acerta-multa-de-r-1-bi-e-vai-confessar-suborno-em-obras-da-copa.shtml\">Gutierrez<\/a> decidiram colaborar com a Lava\u00a0Jato em 2016.<\/p>\n<p>A Camargo Corr\u00eaa tamb\u00e9m foi a primeira das grandes empreiteiras a <a href=\"https:\/\/www1.folha.uol.com.br\/poder\/2015\/08\/1671608-camargo-correa-faz-acordo-e-devolvera-r-700-milhoes.shtml\">assinar um acordo de leni\u00eancia<\/a> com os procuradores, em agosto de 2015. A empresa se comprometeu a pagar multa de R$ 700 milh\u00f5es para se livrar de a\u00e7\u00f5es judiciais e poder voltar a fazer neg\u00f3cios com o setor p\u00fablico.<\/p>\n<p>Na audi\u00eancia em que homologou os termos da dela\u00e7\u00e3o de Avancini, em fevereiro, Moro afirmou que seus depoimentos acrescentaram pouco ao que os investigadores j\u00e1 sabiam e foram omissos sobre casos que eram objeto de a\u00e7\u00f5es judiciais em outros estados.<\/p>\n<p>\u201c\u00c9 poss\u00edvel que o acusado em quest\u00e3o desconhe\u00e7a esses fatos\u201d, afirmou o juiz, de acordo com o termo da audi\u00eancia. \u201cEntretanto, tamb\u00e9m \u00e9 poss\u00edvel que n\u00e3o tenha sido totalmente verdadeiro.\u201d Ap\u00f3s ouvir apelos de Carlos Fernando e da defesa de Avancini, Moro decidiu homologar a dela\u00e7\u00e3o.<\/p>\n<p>Para dois advogados que acompanharam as negocia\u00e7\u00f5es com a Camargo Corr\u00eaa e seus executivos nessa \u00e9poca, n\u00e3o h\u00e1 d\u00favida de que Moro ignorou os limites da lei ao impor pena m\u00ednima como condi\u00e7\u00e3o para homologar os acordos dos delatores e, depois, ao questionar o conte\u00fado dos depoimentos de Avancini.<\/p>\n<p>Os advogados consultados pela <strong>Folha<\/strong>disseram que dificilmente os executivos da Camargo Corr\u00eaa teriam aceitado cooperar com a Lava Jato sem ter alguma garantia de que os acordos receberiam o aval do juiz, seguran\u00e7a que s\u00f3 foi poss\u00edvel obter com as conversas que os procuradores tiveram com Moro durante as negocia\u00e7\u00f5es.<\/p>\n<p>Em julho de 2015, Moro condenou Avancini e Leite pelos crimes de corrup\u00e7\u00e3o ativa e lavagem de dinheiro, num processo que tratava da corrup\u00e7\u00e3o na Petrobras. Na senten\u00e7a, reconheceu a relev\u00e2ncia das informa\u00e7\u00f5es fornecidas pelos delatores e aplicou as penas acertadas pelo Minist\u00e9rio P\u00fablico com eles.<\/p>\n<p>As mensagens analisadas pela <strong>Folha<\/strong> e pelo Intercept indicam que, com o tempo, a interfer\u00eancia do juiz passou a ser vista com naturalidade pelos procuradores. Isso ficou claro em agosto de 2015, quando o caso de Avancini foi lembrado num grupo do Telegram que reunia integrantes da for\u00e7a-tarefa de Curitiba e da Procuradoria-Geral da Rep\u00fablica.<\/p>\n<p>\u201cMoro tem reclamado bastante, mas ao final sempre concorda com a nossa proposta\u201d, escreveu o procurador Paulo Roberto Galv\u00e3o, de Curitiba, ao responder a um colega que perguntou sobre casos em que o juiz teria rejeitado acordos de dela\u00e7\u00e3o por considerar fracas as provas apresentadas.<\/p>\n<p>Galv\u00e3o acrescentou que Moro tinha implicado recentemente com outro colaborador, o ex-gerente da Petrobras Eduardo Costa Vaz Musa, mas outro membro da for\u00e7a-tarefa, Orlando Martello, disse que o problema estava sendo resolvido. \u201cEst\u00e3o refor\u00e7ando os depoimentos para superar a quest\u00e3o, mas ainda n\u00e3o foi homologado\u201d, escreveu.<\/p>\n<p>Seis meses depois, quando um terceiro executivo da Camargo Corr\u00eaa, Jo\u00e3o Ricardo Auler, fechou acordo de dela\u00e7\u00e3o premiada e era preciso decidir em que inst\u00e2ncia ele seria submetido a homologa\u00e7\u00e3o, Deltan consultou Moro.<\/p>\n<p>\u201cVejo vantagens pragm\u00e1ticas de homologar por aqui, mas n\u00e3o quisemos avan\u00e7ar sem sua concord\u00e2ncia\u201d,\u00a0disse o procurador.<\/p>\n<p>Moro respondeu que era indiferente \u00e0 quest\u00e3o, mas queria saber os termos do acordo com o empreiteiro mesmo assim. \u201cPara mim tanto faz aonde. Mas quai foram as condicoes e ganhos?\u201d, perguntou ao chefe da for\u00e7a-tarefa no Telegram. \u201cVou checar e eu ou algu\u00e9m informa\u201d, respondeu Deltan.<\/p>\n<p>Dalton Avancini e Eduardo Leite foram condenados por Moro a 16 anos e 4 meses de pris\u00e3o. Gra\u00e7as aos benef\u00edcios obtidos com a dela\u00e7\u00e3o, cumpriram um ano de pris\u00e3o domiciliar em regime fechado e mais dois em regime semiaberto, com recolhimento obrigat\u00f3rio \u00e0 noite e nos finais de semana.<\/p>\n<p>Moro homologou o acordo de Eduardo Musa em setembro de 2015.<\/p>\n<h3 class=\"c-news__subtitle\">OUTRO LADO<\/h3>\n<p>O ministro da Justi\u00e7a, Sergio Moro, afirmou que n\u00e3o participou das negocia\u00e7\u00f5es de nenhum acordo de colabora\u00e7\u00e3o premiada na \u00e9poca em que foi o juiz respons\u00e1vel pelos processos da Opera\u00e7\u00e3o Lava Jato no Paran\u00e1, de 2014 a 2018.<\/p>\n<p>\u201cEnquanto juiz, n\u00e3o houve participa\u00e7\u00e3o na negocia\u00e7\u00e3o de qualquer acordo de colabora\u00e7\u00e3o\u201d, diz nota enviada por sua assessoria para comentar as mensagens obtidas pelo The Intercept Brasil que apontam sua interfer\u00eancia nas negocia\u00e7\u00f5es com executivos da Camargo Corr\u00eaa, em 2015.<\/p>\n<p>\u201cCabe ao juiz, pela lei, homologar ou n\u00e3o acordos de colabora\u00e7\u00e3o\u201d, acrescenta a nota. \u201cPela lei, o juiz pode recusar homologa\u00e7\u00e3o a acordos que n\u00e3o se justifiquem, sendo poss\u00edvel considerar a desproporcionalidade entre colabora\u00e7\u00e3o e benef\u00edcios.\u201d<\/p>\n<p>O ministro mencionou, \u201ccomo exemplo hist\u00f3rico\u201d, o caso do gangster americano Al Capone (1899-1947), que teve um acordo rejeitado por um juiz de Chicago em 1931.<\/p>\n<p>No Brasil, a lei 12.850, de 2013, define como papel do juiz ap\u00f3s a assinatura dos acordos de colabora\u00e7\u00e3o \u201cverificar sua regularidade, legalidade e voluntariedade\u201d. N\u00e3o h\u00e1 men\u00e7\u00e3o na lei \u00e0 an\u00e1lise sugerida por Moro como condi\u00e7\u00e3o para homologa\u00e7\u00e3o das dela\u00e7\u00f5es.<\/p>\n<p>A lei prev\u00ea que as informa\u00e7\u00f5es fornecidas pelos colaboradores e os benef\u00edcios oferecidos em troca de sua coopera\u00e7\u00e3o sejam avaliados pelo juiz na senten\u00e7a, ao final do processo judicial, depois de terem sido submetidos a questionamentos da defesa dos acusados pelos delatores.<\/p>\n<p>Moro afirmou que n\u00e3o reconhece a autenticidade do material obtido pelo Intercept, como vem fazendo desde a publica\u00e7\u00e3o das primeiras reportagens sobre mensagens trocadas pelos procuradores da Lava Jato, no in\u00edcio de junho. Ele n\u00e3o apontou ind\u00edcios de adultera\u00e7\u00e3o nos di\u00e1logos, por\u00e9m.<\/p>\n<p>Ao interpretar as mensagens analisadas pela <strong>Folha<\/strong> e pelo Intercept, o ministro afirmou que \u201cos procuradores referem-se a decis\u00f5es judiciais expressas, inclusive em termos de audi\u00eancia, que exigiram esclarecimentos, ajustes ou maior rigor penal para homologa\u00e7\u00e3o de acordos\u201d.<\/p>\n<p>Na verdade, os di\u00e1logos em que a reportagem se baseia mostram os procuradores discutindo condi\u00e7\u00f5es apresentadas por Moro durante as negocia\u00e7\u00f5es dos acordos de colabora\u00e7\u00e3o premiada, antes das audi\u00eancias realizadas para sua homologa\u00e7\u00e3o e antes de qualquer decis\u00e3o judicial.<\/p>\n<p>\u201cRessalta-se que n\u00e3o h\u00e1 ilegalidade ou imoralidade nas decis\u00f5es judiciais, que est\u00e3o nos autos processuais, repudiando-se nova tentativa de, mediante sensacionalismo e viola\u00e7\u00e3o criminosa da privacidade, atacar a corre\u00e7\u00e3o dos esfor\u00e7os anticorrup\u00e7\u00e3o da Opera\u00e7\u00e3o Lava Jato\u201d, diz a nota do ministro.<\/p>\n<p>Informada sobre o conte\u00fado das mensagens examinadas pela <strong>Folha<\/strong> e pelo Intercept, a for\u00e7a-tarefa da Lava Jato em Curitiba afirmou que n\u00e3o se manifestaria sobre o assunto sem ver os di\u00e1logos, mas reiterou que n\u00e3o reconhece a autenticidade do material.<\/p>\n<p>\u201cA for\u00e7a-tarefa da Lava Jato em Curitiba n\u00e3o reconhece as mensagens que t\u00eam sido atribu\u00eddas a seus integrantes\u201d, disse, por meio de nota. \u201cO material \u00e9 oriundo de crime cibern\u00e9tico e n\u00e3o pode ter seu contexto e veracidade confirmados.\u201d<\/p>\n<p>As defesas dos ex-diretores da Camargo Corr\u00eaa que fecharam acordos de colabora\u00e7\u00e3o premiada com a Lava Jato, Dalton Avancini, Eduardo Leite e Jo\u00e3o Ricardo Auler, e do ex-gerente da Petrobras Eduardo Costa Vaz Musa, tamb\u00e9m n\u00e3o quiseram se manifestar sobre os di\u00e1logos.<\/p>\n<h3 class=\"c-news__subtitle\">REPORTAGEM<\/h3>\n<p>Esta \u00e9 a quinta de uma <a href=\"https:\/\/www1.folha.uol.com.br\/poder\/2019\/06\/serie-de-reportagens-da-folha-explora-mensagens-obtidas-por-site-the-intercept-brasil.shtml\">s\u00e9rie de reportagens<\/a>que a <strong>Folha<\/strong> planeja produzir com base nas mensagens trocadas pelos procuradores da Opera\u00e7\u00e3o Lava Jato nos \u00faltimos anos e obtidas pelo site The Intercept Brasil.<\/p>\n<p>O site permitiu que a <strong>Folha<\/strong> tivesse acesso ao acervo, que diz ter recebido de uma fonte an\u00f4nima h\u00e1 semanas.<\/p>\n<p>Rep\u00f3rteres do jornal e do site trabalharam lado a lado, pesquisando as mensagens.<\/p>\n<p>Ao examinar o material, a reportagem da <strong>Folha<\/strong> n\u00e3o detectou ind\u00edcios de que ele possa ter sido adulterado.<\/p>\n<p>A PF abriu inqu\u00e9ritos para apurar suspeitas de ataques de hackers a procuradores e ao ministro Sergio Moro (Justi\u00e7a).<\/p>\n<p class=\"g-pstyle0\">No in\u00edcio de 2015, a for\u00e7a-tarefa da Lava Jato em Curitiba negociava um acordo de leni\u00eancia com a Camargo Corr\u00eaa e acordos de dela\u00e7\u00e3o premiada com executivos da empreiteira que estavam presos desde novembro de 2014.<\/p>\n<p>&nbsp;<\/p>\n<p class=\"g-pstyle1\">21.jan.2015<\/p>\n<p>&nbsp;<\/p>\n<p class=\"g-pstyle2\">Deltan Dallagnol<\/p>\n<p class=\"g-pstyle3\"><span class=\"g-cstyle0\">16:15:15<\/span>\u2002Oi lindao<\/p>\n<p>&nbsp;<\/p>\n<p class=\"g-pstyle4\">Carlos Fernando dos Santos Lima<\/p>\n<p><span class=\"g-cstyle0\">16:16:42\u2002<\/span>Fechei o escopo \u2018a princ\u00edpio\u2019 com a Camargo. Parece razo\u00e1vel. Petrobras, Belo Monte, Angra 3, Valec.<\/p>\n<p>&nbsp;<\/p>\n<p class=\"g-pstyle4\">Deltan<\/p>\n<p><span class=\"g-cstyle0\">16:27:37\u2002<\/span>N\u00f3s t\u00ednhamos que ser duros na negocia\u00e7\u00e3o. Mas o sistema hoje n\u00e3o permite que eles digam tudo, e o que dir\u00e3o \u00e9 bem razo\u00e1vel. Agora temos que pensar na multa. Pede pro <span class=\"g-cstyle1\">Roberto Leonel<\/span> o faturamento e o lucro das empresas do grupo nos \u00faltimos 5 anos&#8230;<\/p>\n<p>&nbsp;<\/p>\n<p class=\"g-pstyle4\">Carlos Fernando<\/p>\n<p class=\"g-pstyle5\"><span class=\"g-cstyle2\">21:29:50<\/span><span class=\"g-cstyle3\">\u2002Vou pedir <\/span>2 bilh\u00f5es de d\u00f3lares.<\/p>\n<p>&nbsp;<\/p>\n<p class=\"g-pstyle4\">Deltan<\/p>\n<p><span class=\"g-cstyle0\">22:10:24<\/span>\u2002Temos que ter os dados&#8230;. E calcular qto pagou de propina&#8230; Pra ter par\u00e2metros. Sem preju\u00edzo de pegar tudo que da<\/p>\n<p>&nbsp;<\/p>\n<p class=\"g-pstyle4\">Carlos Fernando<\/p>\n<p><span class=\"g-cstyle0\">22:19:56\u2002<\/span>Se tiver informa\u00e7\u00f5es, sim. A reuni\u00e3o ser\u00e1 na pr\u00f3xima semana.<\/p>\n<p>&nbsp;<\/p>\n<p class=\"g-pstyle6\">CITA\u00c7\u00d5ES<\/p>\n<p class=\"g-pstyle3\"><span class=\"g-cstyle1\">Roberto Leonel<\/span>\u2002Auditor que chefiava a \u00e1rea de intelig\u00eancia da Receita Federal em Curitiba<\/p>\n<p class=\"g-pstyle3\"><span class=\"g-cstyle1\">2 bilh\u00f5es de d\u00f3lares<\/span>\u2002O acordo de leni\u00eancia foi fechado em agosto, e a multa ficou em R$ 700 milh\u00f5es<\/p>\n<p>&nbsp;<\/p>\n<p>&nbsp;<\/p>\n<p class=\"g-pstyle0\">Na reta final das negocia\u00e7\u00f5es com os executivos, Deltan sugeriu a Carlos Fernando que consultasse o ent\u00e3o juiz Sergio Moro antes de definir os benef\u00edcios que seriam propostos aos colaboradores. Segundo Deltan, Moro disse que n\u00e3o aceitaria homologar as dela\u00e7\u00f5es se a pena prevista n\u00e3o inclu\u00edsse pelo menos um ano de pris\u00e3o em regime fechado. Os dois procuradores divergiam sobre a estrat\u00e9gia a adotar nas negocia\u00e7\u00f5es com os colaboradores<\/p>\n<p>&nbsp;<\/p>\n<p class=\"g-pstyle7\">23.fev.2015<\/p>\n<p>&nbsp;<\/p>\n<p class=\"g-pstyle4\">Deltan<\/p>\n<p><span class=\"g-cstyle0\">23:57:09<\/span>\u2002Eu n\u00e3o estarei aqui na quarta, nem na reuni\u00e3o com o Moro, mas seria bom que houvesse uma conversa sobre os acordos dos tr\u00eas porquinhos. CF, Vc reclamou que me meti, mas podiamos ter problemas com a quest\u00e3o da Valec se o <span class=\"g-cstyle1\">Helio Telho<\/span> depois n\u00e3o concordasse ou criticasse nosso acordo, sendo ele o proc natural. A t\u00edtulo de sugest\u00e3o, seria bom sondar Moro quanto aos patamares estabelecidos ontem. Pensei sobre o que Vc disse de eles trazerem a <span class=\"g-cstyle1\">CC<\/span>. Pode acontecer, mas se eles n\u00e3o v\u00e3o indicar um acionista, pegar\u00edamos eventualmente outros diretores, torcendo para eles indicarem os acionistas. \u00c9 poss\u00edvel que ocorra, mas temos que pensar em duas coisas: 1) vamos ter bra\u00e7o para tudo isso, ir atr\u00e1s do diretor logo para que depois venha a CC? H\u00e1 v\u00e1rias prioridades em andamento. 2) a meu ver, essa estrat\u00e9gia pode sim ser perseguida, mas as prioridades vivem mudando e o acordo deve ser justific\u00e1vel por si s\u00f3. Colabora\u00e7\u00f5es s\u00e3o um flanco para cr\u00edticas. Caminhamos com a for\u00e7a da opini\u00e3o p\u00fablica e n\u00e3o podemos perd\u00ea-la. Sei que Vc discorda do item 2, estou s\u00f3 colocando minha opini\u00e3o. Estarei l\u00e1 na quinta para sustentar isso; 3) uma cr\u00edtica que vir\u00e1 \u00e9 o do n\u00famero de acordos de colabora\u00e7\u00e3o&#8230; n\u00e3o concordo com essa cr\u00edtica se o acordo foi individualmente justific\u00e1vel, e n\u00e3o \u00e9 minha maior preocupa\u00e7\u00e3o, mas vi um ou dois de n\u00f3s mencionarem essa preocupa\u00e7\u00e3o.<\/p>\n<p>&nbsp;<\/p>\n<p class=\"g-pstyle7\">24.fev.2015<\/p>\n<p>&nbsp;<\/p>\n<p class=\"g-pstyle4\">Carlos Fernando<\/p>\n<p><span class=\"g-cstyle0\">07:26:12<\/span>\u2002Deltan. Como disse ontem, n\u00e3o somos novi\u00e7as virgens para ficar t\u00e3o preocupados com o que v\u00e3o pensar de n\u00f3s. As cr\u00edticas vem sempre, e ultimamente somos mais criticados pelo que n\u00e3o fazemos, como o <span class=\"g-cstyle1\">PGR<\/span> agora com o <span class=\"g-cstyle1\">Pessoa<\/span>. A minha cr\u00edtica, e neste ponto falo pelo <span class=\"g-cstyle1\">Janu\u00e1rio<\/span>, \u00e9 que o procedimento de dela\u00e7\u00e3o virou um caos. Creio que se a sua divis\u00e3o de servi\u00e7o pressup\u00f5e que eu e Janu\u00e1rio estamos encarregados dos acordos, eles devem ser tratados por n\u00f3s. Voc\u00ea \u00e9 o Promotor natural e pode discordar, e eu sempre ou\u00e7o todos, mas o que vejo agora \u00e9 um tipo de barganha onde se quer jogar para a plat\u00e9ia, dobrar demasiado o colaborador, submeter o advogado, sem realmente ir em frente. N\u00e3o sei fazer negocia\u00e7\u00e3o como se fosse um turco. Isso at\u00e9 \u00e9 contr\u00e1rio \u00e0 boa-f\u00e9 que entendo um negociador deve ter. E \u00e9 bom lembrar que bons resultados para os advogados s\u00e3o importantes para que sejam trazidos novos colaboradores. Eu desejo que sejam estabelecidas pautas razo\u00e1veis, e que eu e Janu\u00e1rio possamos trabalhar com mais liberdade. Os \u00faltimos acordos que fizemos foi por exclusiva vontade minha. E n\u00e3o vejo a reclama\u00e7\u00e3o generalizada contra eles. Muito pelo contr\u00e1rio. Agora o acordo com o <span class=\"g-cstyle1\">Rafael<\/span>foi bom para aplacar a inseguran\u00e7a de Bras\u00edlia. Vamos pensar a longo prazo. Se falta de m\u00e3os fosse um argumento, n\u00e3o estar\u00edamos aqui hoje.<\/p>\n<p>&nbsp;<\/p>\n<p class=\"g-pstyle4\">Deltan<\/p>\n<p><span class=\"g-cstyle0\">08:29:16<\/span>\u2002Carlos, eu apoiei todos os acordos que Vc fez. Essa autonomia n\u00e3o est\u00e1 existindo em nenhum setor. Todos est\u00e3o opinando em <span class=\"g-cstyle1\">AIAs<\/span>, nas den\u00fancias, no relacionamento com a imprensa, com a PGR, at\u00e9 no uso do meu tempo rs. Quanto mais sens\u00edvel \u00e9 o tema, mais todos querem contribuir para que o resultado seja melhor. O que acho que faltou no caso dos acordos, na minha opini\u00e3o, foi conversarmos antes e pensarmos na estrat\u00e9gia. Reconhe\u00e7o que falhei em n\u00e3o organizar reuni\u00f5es de coordena\u00e7\u00e3o. Devem existir mesmo. Como todos s\u00e3o Barbados e experientes, e n\u00e3o queria ficar me metendo, estava deixando rolar e que cada um marcasse reuni\u00e3o Qdo queria. Mas vejo agora que n\u00e3o \u00e9 o ideal, e que tenho que estar mais perto de todos. Mas at\u00e9 isso n\u00e3o \u00e9 un\u00e2nime rs. Os acordos s\u00e3o sens\u00edveis por diversas raz\u00f5es. Uma \u00e9 opini\u00e3o p\u00fablica e precisamos dela meu amigo. Outra \u00e9 o fato de que nossa e minha reputa\u00e7\u00e3o est\u00e3o ligados ao caso. Estamos numa era tecnol\u00f3gica e como promotores n\u00e3o ganhamos mas dependemos de nossas reputa\u00e7\u00f5es. Isso me leva a ser mais conservador do que arrojado, mas te entendo tamb\u00e9m. Enfim, acho que devemos conversar mais e vamos fazer isso para trabalharmos como um time mais entrosado.<\/p>\n<p>&nbsp;<\/p>\n<p class=\"g-pstyle4\">Carlos Fernando<\/p>\n<p><span class=\"g-cstyle0\">09:37:52<\/span>\u2002Vou discordar de muitas das suas premissas, mas n\u00e3o aqui. Quero essa reuni\u00e3o com a presen\u00e7a de Janu\u00e1rio e <span class=\"g-cstyle1\">Orlando<\/span>, ao menos.<\/p>\n<p>&nbsp;<\/p>\n<p class=\"g-pstyle7\">25.fev.2015<\/p>\n<p>&nbsp;<\/p>\n<p class=\"g-pstyle4\">Deltan<\/p>\n<p><span class=\"g-cstyle0\">01:53:47<\/span>\u2002Carlos Vc quer fazer os acordos da Camargo mesmo com pena de que o Moro discorde? Acho perigoso pro relacionamento fazer sem ir FALAR com ele, o que n\u00e3o significa que seguiremos. Podemos at\u00e9 fazer fora do que ele colocou (quer que todos tenham pena de pris\u00e3o de um ano), mas tem que falar com ele sob pena de ele dizer que ignoramos o que ele disse. Vc pode at\u00e9 dizer que ouve e considera , mas conveni\u00eancia \u00e9 nossa e ele fica \u00e0 vontade pra n\u00e3o homologar, se quiser chegar a esse ponto. Minha sugest\u00e3o \u00e9 apenas falar.<\/p>\n<p>&nbsp;<\/p>\n<p class=\"g-pstyle6\">CITA\u00c7\u00d5ES<\/p>\n<p class=\"g-pstyle3\"><span class=\"g-cstyle1\">Helio Telho\u2002<\/span>Procurador que investigava a corrup\u00e7\u00e3o na constru\u00e7\u00e3o de ferrovias da estatal Valec, em Goi\u00e1s<\/p>\n<p class=\"g-pstyle3\"><span class=\"g-cstyle1\">CC\u2002<\/span>Camargo Corr\u00eaa<\/p>\n<p class=\"g-pstyle3\"><span class=\"g-cstyle1\">PGR\u2002<\/span>Procuradoria-Geral da Rep\u00fablica<\/p>\n<p class=\"g-pstyle3\"><span class=\"g-cstyle1\">Pessoa\u2002<\/span>O dono da UTC, Ricardo Pessoa, que fechou acordo com a PGR em maio<\/p>\n<p class=\"g-pstyle3\"><span class=\"g-cstyle1\">Janu\u00e1rio<\/span>\u2002O procurador Janu\u00e1rio Paludo<\/p>\n<p class=\"g-pstyle3\"><span class=\"g-cstyle1\">Rafael\u2002<\/span>Rafael Angulo Lopez, funcion\u00e1rio do doleiro Alberto Youssef que fechou acordo em dezembro de 2014<\/p>\n<p class=\"g-pstyle3\"><span class=\"g-cstyle1\">AIAs<\/span>\u2002A\u00e7\u00f5es de improbidade administrativa movidas no in\u00edcio da Lava Jato para buscar repara\u00e7\u00e3o de danos causados pela corrup\u00e7\u00e3o<\/p>\n<p class=\"g-pstyle3\"><span class=\"g-cstyle1\">Orlando\u2002<\/span>O procurador Orlando Martello<\/p>\n<p>&nbsp;<\/p>\n<p>&nbsp;<\/p>\n<p>&nbsp;<\/p>\n<p class=\"g-pstyle0\">Meses depois de conclu\u00eddas as negocia\u00e7\u00f5es com a Camargo Corr\u00eaa e seus executivos, os procuradores da for\u00e7a-tarefa de Curitiba tratavam com naturalidade da interfer\u00eancia de Moro ao discutir o assunto com colegas de Bras\u00edlia num grupo de mensagens do qual participavam no Telegram.<\/p>\n<p>&nbsp;<\/p>\n<p class=\"g-pstyle7\">26.ago.2015<\/p>\n<p>&nbsp;<\/p>\n<p class=\"g-pstyle4\">Douglas Fischer<\/p>\n<p><span class=\"g-cstyle0\">11:35:24\u2002<\/span>Galera. O paulo disse ontem en passant aqui em Bsb que teria havia dois casos em que o Moro n\u00e3o aceitou proposta de acordos por falta de originalidade nas provas apresentadas. Voc\u00eas tem estas decis\u00f5es dele ? Obrigado<\/p>\n<p>&nbsp;<\/p>\n<p class=\"g-pstyle4\">Paulo Roberto Galv\u00e3o<\/p>\n<p><span class=\"g-cstyle0\">19:59:58<\/span>\u2002Douglas, o Moro tem reclamado bastante, mas ao final sempre concorda com a nossa proposta. No caso do <span class=\"g-cstyle1\">Dalton Avancini<\/span>, ele inclusive consignou a discord\u00e2ncia (acho que em ata de audi\u00eancia) e deu<span class=\"g-cstyle1\"> cinco dias para justificar<\/span>, mas depois aceitou. Mais recentemente ele tamb\u00e9m implicou com o acordo do <span class=\"g-cstyle1\">Musa<\/span>, mas n\u00e3o sei se constou por escrito (<span class=\"g-cstyle1\">Diogo<\/span> sabe?)<\/p>\n<p>&nbsp;<\/p>\n<p class=\"g-pstyle4\">Orlando Martello<\/p>\n<p><span class=\"g-cstyle0\">20:02:52<\/span>\u2002Januario est\u00e3o refor\u00e7ando os depoimentos para superar a quest\u00e3o, mas ainda n\u00e3o foi homologado o do Musa.<\/p>\n<p>&nbsp;<\/p>\n<p class=\"g-pstyle6\">CITA\u00c7\u00d5ES<\/p>\n<p class=\"g-pstyle3\"><span class=\"g-cstyle1\">Dalton Avancini<\/span>\u2002Um dos executivos da Camargo Corr\u00eaa que fechou acordo de dela\u00e7\u00e3o premiada em fevereiro<\/p>\n<p class=\"g-pstyle3\"><span class=\"g-cstyle1\">\u201ccinco dias para justificar\u201d<\/span>\u2002Moro deu 45 dias para que Avancini apresentasse novos depoimentos<\/p>\n<p class=\"g-pstyle3\"><span class=\"g-cstyle1\">Musa<\/span>\u2002O ex-gerente da Petrobras Eduardo Costa Vaz Musa, que fechou acordo em setembro<\/p>\n<p class=\"g-pstyle3\"><span class=\"g-cstyle1\">Diogo<\/span>\u2002O procurador Diogo Castor de Mattos<\/p>\n<p>&nbsp;<\/p>\n<p>&nbsp;<\/p>\n<p>&nbsp;<\/p>\n<p class=\"g-pstyle0\">Em fevereiro de 2016, Deltan procurou Moro para discutir o caso de outro executivo da Camargo Corr\u00eaa, Jo\u00e3o Ricardo Auler, que estava fechando acordo de dela\u00e7\u00e3o premiada. Era preciso decidir em que inst\u00e2ncia ele seria homologado, com Moro ou o juiz Jo\u00e3o Pedro Gebran Neto, relator da Lava Jato no Tribunal Regional Federal da 4\u00aa Regi\u00e3o.<\/p>\n<p>&nbsp;<\/p>\n<p class=\"g-pstyle7\">5.fev.2016<\/p>\n<p>&nbsp;<\/p>\n<p class=\"g-pstyle4\">Deltan<\/p>\n<p><span class=\"g-cstyle0\">23:36:36<\/span>\u2002Caro: Gebran e colegas da regional entenderam que n\u00e3o seria o caso de homologar o acordo do Auler l\u00e1, por n\u00e3o haver pessoas indicadas que tenham prerrogativa de foro. Ainda que discordando tecnicamente, vejo vantagens pragm\u00e1ticas de homologar por aqui, mas n\u00e3o quisemos avan\u00e7ar sem sua concord\u00e2ncia quanto \u00e0 an\u00e1lise dessa quest\u00e3o por aqui&#8230; Podemos prosseguir? Se preferir, vou \u00e0 <span class=\"g-cstyle1\">JF<\/span> conversar pessoalmente<\/p>\n<p>&nbsp;<\/p>\n<p class=\"g-pstyle7\">6.fev.2016<\/p>\n<p>&nbsp;<\/p>\n<p class=\"g-pstyle4\">Sergio Moro<\/p>\n<p><span class=\"g-cstyle0\">01:20:08\u2002<\/span>Para mim tanto faz aonde. Mas quai foram as condicoes e ganhos?<\/p>\n<p>&nbsp;<\/p>\n<p class=\"g-pstyle4\">Deltan<\/p>\n<p><span class=\"g-cstyle0\">08:06:36<\/span>\u2002Ok. N\u00e3o sei, quem fez, creio, foi <span class=\"g-cstyle1\">CF<\/span>. Vou checar e eu ou algu\u00e9m informa<\/p>\n<p>&nbsp;<\/p>\n<p class=\"g-pstyle6\">CITA\u00c7\u00d5ES<\/p>\n<p class=\"g-pstyle3\"><span class=\"g-cstyle1\">JF<\/span>\u2002Justi\u00e7a Federal, onde Moro atuava<\/p>\n<p class=\"g-pstyle3\"><span class=\"g-cstyle1\">CF<\/span>\u2002O procurador Carlos Fernando dos Santos Lima<\/p>\n<p>&nbsp;<\/p>\n<p>&nbsp;<\/p>\n<p class=\"g-pstyle8\">A transcri\u00e7\u00e3o das mensagens manteve a grafia original dos arquivos obtidos pelo The Intercept Brasil<\/p>\n<p>&nbsp;<\/p>\n<p>&nbsp;<\/p>\n<p>&nbsp;<\/p>\n<div class=\"c-news__body\" data-share-text=\"\" data-news-content-text=\"\" data-disable-copy=\"\" data-continue-reading=\"\" data-continue-reading-hide-others=\".js-continue-reading-hidden\">\n<p>&nbsp;<\/p>\n<p>&nbsp;<\/p>\n<\/div>\n<\/div>\n","protected":false},"excerpt":{"rendered":"<p>Conversas mostram diverg\u00eancia entre procuradores da Lava Jato sobre condi\u00e7\u00f5es apresentadas pelo ent\u00e3o juiz para aceitar acordo<\/p>\n","protected":false},"author":1,"featured_media":0,"comment_status":"closed","ping_status":"open","sticky":false,"template":"","format":"standard","meta":{"_exactmetrics_skip_tracking":false,"_exactmetrics_sitenote_active":false,"_exactmetrics_sitenote_note":"","_exactmetrics_sitenote_category":0,"jetpack_post_was_ever_published":false,"_jetpack_newsletter_access":"","_jetpack_dont_email_post_to_subs":false,"_jetpack_newsletter_tier_id":0,"_jetpack_memberships_contains_paywalled_content":false,"_jetpack_memberships_contains_paid_content":false,"footnotes":"","jetpack_publicize_message":"","jetpack_publicize_feature_enabled":true,"jetpack_social_post_already_shared":true,"jetpack_social_options":{"image_generator_settings":{"template":"highway","enabled":false},"version":2}},"categories":[1],"tags":[],"class_list":["post-22817","post","type-post","status-publish","format-standard","hentry","category-notas"],"jetpack_publicize_connections":[],"jetpack_sharing_enabled":true,"jetpack_featured_media_url":"","jetpack_shortlink":"https:\/\/wp.me\/p7wKYW-5W1","jetpack-related-posts":[],"_links":{"self":[{"href":"http:\/\/blogdalucianaoliveira.com.br\/blog\/wp-json\/wp\/v2\/posts\/22817","targetHints":{"allow":["GET"]}}],"collection":[{"href":"http:\/\/blogdalucianaoliveira.com.br\/blog\/wp-json\/wp\/v2\/posts"}],"about":[{"href":"http:\/\/blogdalucianaoliveira.com.br\/blog\/wp-json\/wp\/v2\/types\/post"}],"author":[{"embeddable":true,"href":"http:\/\/blogdalucianaoliveira.com.br\/blog\/wp-json\/wp\/v2\/users\/1"}],"replies":[{"embeddable":true,"href":"http:\/\/blogdalucianaoliveira.com.br\/blog\/wp-json\/wp\/v2\/comments?post=22817"}],"version-history":[{"count":1,"href":"http:\/\/blogdalucianaoliveira.com.br\/blog\/wp-json\/wp\/v2\/posts\/22817\/revisions"}],"predecessor-version":[{"id":22819,"href":"http:\/\/blogdalucianaoliveira.com.br\/blog\/wp-json\/wp\/v2\/posts\/22817\/revisions\/22819"}],"wp:attachment":[{"href":"http:\/\/blogdalucianaoliveira.com.br\/blog\/wp-json\/wp\/v2\/media?parent=22817"}],"wp:term":[{"taxonomy":"category","embeddable":true,"href":"http:\/\/blogdalucianaoliveira.com.br\/blog\/wp-json\/wp\/v2\/categories?post=22817"},{"taxonomy":"post_tag","embeddable":true,"href":"http:\/\/blogdalucianaoliveira.com.br\/blog\/wp-json\/wp\/v2\/tags?post=22817"}],"curies":[{"name":"wp","href":"https:\/\/api.w.org\/{rel}","templated":true}]}}