{"id":22820,"date":"2019-07-18T16:37:02","date_gmt":"2019-07-18T20:37:02","guid":{"rendered":"http:\/\/blogdalucianaoliveira.com.br\/blog\/?p=22820"},"modified":"2019-07-18T16:37:02","modified_gmt":"2019-07-18T20:37:02","slug":"motorista-avanca-sobre-manifestacao-do-mst-e-mata-homem-de-72-anos-em-valinhos-sp","status":"publish","type":"post","link":"http:\/\/blogdalucianaoliveira.com.br\/blog\/2019\/07\/18\/motorista-avanca-sobre-manifestacao-do-mst-e-mata-homem-de-72-anos-em-valinhos-sp\/","title":{"rendered":"Motorista avan\u00e7a sobre manifesta\u00e7\u00e3o do MST e mata homem de 72 anos em Valinhos (SP)"},"content":{"rendered":"<p><img data-recalc-dims=\"1\" loading=\"lazy\" decoding=\"async\" data-attachment-id=\"22821\" data-permalink=\"http:\/\/blogdalucianaoliveira.com.br\/blog\/2019\/07\/18\/motorista-avanca-sobre-manifestacao-do-mst-e-mata-homem-de-72-anos-em-valinhos-sp\/24341297-3a69-4822-8750-77fa32bd3e39\/\" data-orig-file=\"https:\/\/i0.wp.com\/blogdalucianaoliveira.com.br\/blog\/wp-content\/uploads\/2019\/07\/24341297-3A69-4822-8750-77FA32BD3E39.jpeg?fit=600%2C450\" data-orig-size=\"600,450\" data-comments-opened=\"0\" data-image-meta=\"{&quot;aperture&quot;:&quot;0&quot;,&quot;credit&quot;:&quot;&quot;,&quot;camera&quot;:&quot;&quot;,&quot;caption&quot;:&quot;&quot;,&quot;created_timestamp&quot;:&quot;0&quot;,&quot;copyright&quot;:&quot;&quot;,&quot;focal_length&quot;:&quot;0&quot;,&quot;iso&quot;:&quot;0&quot;,&quot;shutter_speed&quot;:&quot;0&quot;,&quot;title&quot;:&quot;&quot;,&quot;orientation&quot;:&quot;0&quot;}\" data-image-title=\"24341297-3A69-4822-8750-77FA32BD3E39\" data-image-description=\"\" data-image-caption=\"\" data-medium-file=\"https:\/\/i0.wp.com\/blogdalucianaoliveira.com.br\/blog\/wp-content\/uploads\/2019\/07\/24341297-3A69-4822-8750-77FA32BD3E39.jpeg?fit=300%2C225\" data-large-file=\"https:\/\/i0.wp.com\/blogdalucianaoliveira.com.br\/blog\/wp-content\/uploads\/2019\/07\/24341297-3A69-4822-8750-77FA32BD3E39.jpeg?fit=600%2C450\" class=\"alignnone size-full wp-image-22821\" src=\"https:\/\/i0.wp.com\/blogdalucianaoliveira.com.br\/blog\/wp-content\/uploads\/2019\/07\/24341297-3A69-4822-8750-77FA32BD3E39.jpeg?resize=600%2C450\" alt=\"24341297-3A69-4822-8750-77FA32BD3E39\" width=\"600\" height=\"450\" srcset=\"https:\/\/i0.wp.com\/blogdalucianaoliveira.com.br\/blog\/wp-content\/uploads\/2019\/07\/24341297-3A69-4822-8750-77FA32BD3E39.jpeg?w=600 600w, https:\/\/i0.wp.com\/blogdalucianaoliveira.com.br\/blog\/wp-content\/uploads\/2019\/07\/24341297-3A69-4822-8750-77FA32BD3E39.jpeg?resize=300%2C225 300w, https:\/\/i0.wp.com\/blogdalucianaoliveira.com.br\/blog\/wp-content\/uploads\/2019\/07\/24341297-3A69-4822-8750-77FA32BD3E39.jpeg?resize=400%2C300 400w\" sizes=\"auto, (max-width: 600px) 100vw, 600px\" \/><\/p>\n<p>Fam\u00edlias do acampamento Marielle Vive distribu\u00edam alimentos quando foram atingidas por caminhonete<!--more--><\/p>\n<p>Pedro Ribeiro Nogueira e Anelize Moreira<br \/>\nBrasil de Fato <\/p>\n<p>Um motorista n\u00e3o identificado avan\u00e7ou com sua caminhonete preta em alta velocidade sobre uma manifesta\u00e7\u00e3o de fam\u00edlias do acampamento Marielle Vive, em Valinhos (SP), a uma hora da capital do estado de S\u00e3o Paulo, na manh\u00e3 desta quinta-feira (18).<\/p>\n<p>Cerca de 500 integrantes do Movimento dos Trabalhadores Rurais Sem Terra (MST), que vivem no local, distribu\u00edam alimentos e protestam pelo fornecimento de \u00e1gua no acampamento. <\/p>\n<p>Um deles, Luiz Ferreira da Costa, de 72 anos, n\u00e3o resistiu aos ferimentos e morreu antes de chegar \u00e0 Unidade de Pronto Atendimento (UPA). Ele estava terminando um processo de alfabetiza\u00e7\u00e3o para adultos. Testemunhas afirmam que o assassino estava armado e amea\u00e7ou os manifestantes quando eles tentaram perseguir o ve\u00edculo ap\u00f3s o atropelamento.<\/p>\n<p>O assassinato ocorreu no quil\u00f4metro 7 da Estrada do Jequitib\u00e1. De acordo com o relato dos manifestantes, o condutor da caminhonete deixou clara sua inten\u00e7\u00e3o de atingir os sem-terra. O movimento ainda apura o n\u00famero de feridos.<\/p>\n<p>&#8220;O protesto ocorria em frente ao acampamento. \u00c9 uma estrada movimentada, mas eles estavam ali em den\u00fancia \u00e0 situa\u00e7\u00e3o de falta de fornecimento de \u00e1gua no acampamento, distribuindo alimentos da reforma agr\u00e1ria e panfletos para os carros que passavam&#8221;, afirma Kelli Mafort, da dire\u00e7\u00e3o do movimento. <\/p>\n<p>Ela explica que o MST est\u00e1 pressionado as autoridades de Valinhos para que a investiga\u00e7\u00e3o do caso comece imediatamente. &#8220;N\u00f3s j\u00e1 temos a descri\u00e7\u00e3o da caminhonete, mas vai ser f\u00e1cil a identifica\u00e7\u00e3o da placa do carro e do assassino do Luiz. A estrada \u00e9 toda cercada de c\u00e2meras de seguran\u00e7a&#8221;, explica  <\/p>\n<p>Mil fam\u00edlias vivem no Acampamento Marielle Vive, ocupado em 14 de abril de 2018 \u2013 um m\u00eas ap\u00f3s a execu\u00e7\u00e3o da vereadora Marielle Franco, no Rio de Janeiro \u2013 e localizado na Fazenda Eldorado Empreendimentos Ltda. <\/p>\n<p>&#8220;A guarda municipal de Valinhos est\u00e1 no local e s\u00f3 pede o tempo todo para gente desobstruir a pista, mas n\u00e3o quer falar sobre puni\u00e7\u00e3o. Isso \u00e9 mais uma vez a pol\u00edcia querendo culpar as v\u00edtimas e n\u00e3o ir atr\u00e1s do que causou todo esse problema. &#8220;, ressalta dirigente do MST. <\/p>\n<p>Em nota, o MST exige puni\u00e7\u00e3o ao assassino, &#8220;que age sob o clima de terror contra os movimentos populares, incentivado por autoridades irrespons\u00e1veis que est\u00e3o no governo brasileiro&#8221;.<\/p>\n<p>Ao menos duas pessoas deram entrada no sistema de sa\u00fade municipal. Al\u00e9m de Luiz Ferreira da Costa, que n\u00e3o resistiu aos ferimentos, o jornalista Carlos Filipe Tavares, de 59 anos, sofreu escoria\u00e7\u00f5es e passou por exames na UPA.<\/p>\n<p>Ao Brasil de Fato, a assessoria de comunica\u00e7\u00e3o da Prefeitura de Valinhos informou que havia uma reuni\u00e3o marcada para esta quarta-feira (17) sobre o fornecimento de \u00e1gua, mas a agenda acabou sendo adiada para esta quinta (18). A Prefeitura acrescenta que esta semana come\u00e7ou o fornecimento de \u00e1gua via caminh\u00f5es-pipa. Sobre o ato criminoso, afirmam &#8220;que \u00e9 caso de pol\u00edcia, e o respons\u00e1vel precisa ser investigado e punido&#8221;.<\/p>\n<p>A Secretaria de Seguran\u00e7a P\u00fablica do Estado de S\u00e3o Paulo informou que j\u00e1 foi aberta dilig\u00eancia para investiga\u00e7\u00e3o do caso qualificado como homic\u00eddio simples e les\u00e3o corporal, no 1\u00ba DP de Valinhos.  Ser\u00e1 realizada per\u00edcia no local e exame IML.<\/p>\n<p>Edi\u00e7\u00e3o: Daniel Giovanaz<\/p>\n","protected":false},"excerpt":{"rendered":"<p>Fam\u00edlias do acampamento Marielle Vive distribu\u00edam alimentos quando foram atingidas por caminhonete<\/p>\n","protected":false},"author":1,"featured_media":0,"comment_status":"closed","ping_status":"open","sticky":false,"template":"","format":"standard","meta":{"_exactmetrics_skip_tracking":false,"_exactmetrics_sitenote_active":false,"_exactmetrics_sitenote_note":"","_exactmetrics_sitenote_category":0,"jetpack_post_was_ever_published":false,"_jetpack_newsletter_access":"","_jetpack_dont_email_post_to_subs":false,"_jetpack_newsletter_tier_id":0,"_jetpack_memberships_contains_paywalled_content":false,"_jetpack_memberships_contains_paid_content":false,"footnotes":"","jetpack_publicize_message":"","jetpack_publicize_feature_enabled":true,"jetpack_social_post_already_shared":true,"jetpack_social_options":{"image_generator_settings":{"template":"highway","enabled":false},"version":2}},"categories":[1],"tags":[],"class_list":["post-22820","post","type-post","status-publish","format-standard","hentry","category-notas"],"jetpack_publicize_connections":[],"jetpack_sharing_enabled":true,"jetpack_featured_media_url":"","jetpack_shortlink":"https:\/\/wp.me\/p7wKYW-5W4","jetpack-related-posts":[],"_links":{"self":[{"href":"http:\/\/blogdalucianaoliveira.com.br\/blog\/wp-json\/wp\/v2\/posts\/22820","targetHints":{"allow":["GET"]}}],"collection":[{"href":"http:\/\/blogdalucianaoliveira.com.br\/blog\/wp-json\/wp\/v2\/posts"}],"about":[{"href":"http:\/\/blogdalucianaoliveira.com.br\/blog\/wp-json\/wp\/v2\/types\/post"}],"author":[{"embeddable":true,"href":"http:\/\/blogdalucianaoliveira.com.br\/blog\/wp-json\/wp\/v2\/users\/1"}],"replies":[{"embeddable":true,"href":"http:\/\/blogdalucianaoliveira.com.br\/blog\/wp-json\/wp\/v2\/comments?post=22820"}],"version-history":[{"count":1,"href":"http:\/\/blogdalucianaoliveira.com.br\/blog\/wp-json\/wp\/v2\/posts\/22820\/revisions"}],"predecessor-version":[{"id":22822,"href":"http:\/\/blogdalucianaoliveira.com.br\/blog\/wp-json\/wp\/v2\/posts\/22820\/revisions\/22822"}],"wp:attachment":[{"href":"http:\/\/blogdalucianaoliveira.com.br\/blog\/wp-json\/wp\/v2\/media?parent=22820"}],"wp:term":[{"taxonomy":"category","embeddable":true,"href":"http:\/\/blogdalucianaoliveira.com.br\/blog\/wp-json\/wp\/v2\/categories?post=22820"},{"taxonomy":"post_tag","embeddable":true,"href":"http:\/\/blogdalucianaoliveira.com.br\/blog\/wp-json\/wp\/v2\/tags?post=22820"}],"curies":[{"name":"wp","href":"https:\/\/api.w.org\/{rel}","templated":true}]}}