{"id":22829,"date":"2019-07-22T10:23:04","date_gmt":"2019-07-22T14:23:04","guid":{"rendered":"http:\/\/blogdalucianaoliveira.com.br\/blog\/?p=22829"},"modified":"2019-07-22T10:23:04","modified_gmt":"2019-07-22T14:23:04","slug":"maioria-acha-que-bolsonaro-nao-fez-nada-de-bom-e-repudia-decreto-das-armas","status":"publish","type":"post","link":"http:\/\/blogdalucianaoliveira.com.br\/blog\/2019\/07\/22\/maioria-acha-que-bolsonaro-nao-fez-nada-de-bom-e-repudia-decreto-das-armas\/","title":{"rendered":"Maioria acha que Bolsonaro n\u00e3o fez nada de bom e repudia decreto das armas"},"content":{"rendered":"<div class=\"article__lead\"><\/div>\n<div class=\"articleMetadata marginBottom30\"><\/div>\n<figure><picture><source srcset=\"https:\/\/publisher-publish.s3.eu-central-1.amazonaws.com\/pb-brasil247\/swp\/jtjeq9\/media\/20190719110736_f646ae06-a8de-455a-9928-ad26e6ebd503.webp\" type=\"image\/webp\" media=\"(max-width: 680px)\" \/><source srcset=\"https:\/\/publisher-publish.s3.eu-central-1.amazonaws.com\/pb-brasil247\/swp\/jtjeq9\/media\/20190719110736_f646ae06-a8de-455a-9928-ad26e6ebd503.jpeg\" type=\"image\/jpeg\" media=\"(max-width: 680px)\" \/><source srcset=\"https:\/\/publisher-publish.s3.eu-central-1.amazonaws.com\/pb-brasil247\/swp\/jtjeq9\/media\/20190719110736_4299510a-f3c5-4a4e-bbc2-2680bc9e22b9.webp\" type=\"image\/webp\" media=\"(min-width: 681px)\" \/><source srcset=\"https:\/\/publisher-publish.s3.eu-central-1.amazonaws.com\/pb-brasil247\/swp\/jtjeq9\/media\/20190719110736_4299510a-f3c5-4a4e-bbc2-2680bc9e22b9.jpeg\" type=\"image\/jpeg\" media=\"(min-width: 681px)\" \/><img data-recalc-dims=\"1\" decoding=\"async\" title=\" (Foto: Marcos Corr\u00eaa - PR)\" src=\"https:\/\/i0.wp.com\/publisher-publish.s3.eu-central-1.amazonaws.com\/pb-brasil247\/swp\/jtjeq9\/media\/20190719110736_4299510a-f3c5-4a4e-bbc2-2680bc9e22b9.jpeg?w=600&#038;ssl=1\" alt=\"\" \/><\/picture><figcaption>(Foto: Marcos Corr\u00eaa &#8211; PR)<\/figcaption><\/figure>\n<div class=\"article__text marginTop30\">\n<div class=\"ad-first-text\"><\/div>\n<p><b>247 &#8211;<\/b>\u00a0Pesquisa Datafolha mostra que Bolsonaro \u00e9 o presidente em primeiro mandato com a pior avalia\u00e7\u00e3o a esta altura do governo desde Fernando Collor de Mello, em 1990.<\/p>\n<p>Mat\u00e9ria da jornalista Fl\u00e1via Faria na\u00a0<a href=\"https:\/\/https\/\/www1.folha.uol.com.br\/poder\/2019\/07\/4-em-10-nao-conseguem-citar-medida-positiva-de-bolsonaro-aponta-datafolha.shtml\"><b>Folha de S.Paulo<\/b><\/a>\u00a0revela que para 4 a cada 10 brasileiros (39%), o presidente Jair Bolsonaro n\u00e3o fez nada de muito positivo ou que mere\u00e7a destaque em seus seis meses de governo. A pesquisa foi feita nos dias 4 e 5 de julho.<\/p>\n<p>Segundo a mat\u00e9ria, o percentual sobe para 45% entre mulheres e pessoas com apenas o ensino fundamental, para 46% entre negros, para 47% no Nordeste, para 52% entre adeptos de religi\u00f5es de matrizes africanas e para 76% entre quem avalia o governo como ruim ou p\u00e9ssimo.<\/p>\n<p>Os decretos das armas aparecem em primeiro lugar entre as iniciativas ruins, mencionados por 21% dos entrevistados. O rep\u00fadio \u00e9 maior entre os negros (25%), quem avalia o governo como ruim ou p\u00e9ssimo (27%) e esp\u00edritas (28%).<\/p>\n<p>A pesquisa ouviu 2.860 pessoas com mais de 16 anos, em 130 cidades. A margem de erro \u00e9 de dois pontos percentuais, para mais ou para menos, e o \u00edndice de confian\u00e7a \u00e9 95%. \u00a0Para 33% dos entrevistados, Bolsonaro faz um trabalho ruim ou p\u00e9ssimo.<\/p>\n<p>&nbsp;<\/p>\n<\/div>\n","protected":false},"excerpt":{"rendered":"<p>(Foto: Marcos Corr\u00eaa &#8211; PR) 247 &#8211;\u00a0Pesquisa Datafolha mostra que Bolsonaro \u00e9 o presidente em primeiro mandato com a pior avalia\u00e7\u00e3o a esta altura do governo desde Fernando Collor de Mello, em 1990. Mat\u00e9ria da jornalista Fl\u00e1via Faria na\u00a0Folha de S.Paulo\u00a0revela que para 4 a cada 10 brasileiros (39%), o presidente Jair Bolsonaro n\u00e3o fez&#8230;<a class=\"more-link\" href=\"http:\/\/blogdalucianaoliveira.com.br\/blog\/2019\/07\/22\/maioria-acha-que-bolsonaro-nao-fez-nada-de-bom-e-repudia-decreto-das-armas\/\">Continue a leitura <span class=\"meta-nav\">&raquo;<\/span><\/a><\/p>\n","protected":false},"author":1,"featured_media":0,"comment_status":"closed","ping_status":"open","sticky":false,"template":"","format":"standard","meta":{"_exactmetrics_skip_tracking":false,"_exactmetrics_sitenote_active":false,"_exactmetrics_sitenote_note":"","_exactmetrics_sitenote_category":0,"jetpack_post_was_ever_published":false,"_jetpack_newsletter_access":"","_jetpack_dont_email_post_to_subs":false,"_jetpack_newsletter_tier_id":0,"_jetpack_memberships_contains_paywalled_content":false,"_jetpack_memberships_contains_paid_content":false,"footnotes":"","jetpack_publicize_message":"","jetpack_publicize_feature_enabled":true,"jetpack_social_post_already_shared":true,"jetpack_social_options":{"image_generator_settings":{"template":"highway","enabled":false},"version":2}},"categories":[1],"tags":[],"class_list":["post-22829","post","type-post","status-publish","format-standard","hentry","category-notas"],"jetpack_publicize_connections":[],"jetpack_sharing_enabled":true,"jetpack_featured_media_url":"","jetpack_shortlink":"https:\/\/wp.me\/p7wKYW-5Wd","jetpack-related-posts":[],"_links":{"self":[{"href":"http:\/\/blogdalucianaoliveira.com.br\/blog\/wp-json\/wp\/v2\/posts\/22829","targetHints":{"allow":["GET"]}}],"collection":[{"href":"http:\/\/blogdalucianaoliveira.com.br\/blog\/wp-json\/wp\/v2\/posts"}],"about":[{"href":"http:\/\/blogdalucianaoliveira.com.br\/blog\/wp-json\/wp\/v2\/types\/post"}],"author":[{"embeddable":true,"href":"http:\/\/blogdalucianaoliveira.com.br\/blog\/wp-json\/wp\/v2\/users\/1"}],"replies":[{"embeddable":true,"href":"http:\/\/blogdalucianaoliveira.com.br\/blog\/wp-json\/wp\/v2\/comments?post=22829"}],"version-history":[{"count":1,"href":"http:\/\/blogdalucianaoliveira.com.br\/blog\/wp-json\/wp\/v2\/posts\/22829\/revisions"}],"predecessor-version":[{"id":22830,"href":"http:\/\/blogdalucianaoliveira.com.br\/blog\/wp-json\/wp\/v2\/posts\/22829\/revisions\/22830"}],"wp:attachment":[{"href":"http:\/\/blogdalucianaoliveira.com.br\/blog\/wp-json\/wp\/v2\/media?parent=22829"}],"wp:term":[{"taxonomy":"category","embeddable":true,"href":"http:\/\/blogdalucianaoliveira.com.br\/blog\/wp-json\/wp\/v2\/categories?post=22829"},{"taxonomy":"post_tag","embeddable":true,"href":"http:\/\/blogdalucianaoliveira.com.br\/blog\/wp-json\/wp\/v2\/tags?post=22829"}],"curies":[{"name":"wp","href":"https:\/\/api.w.org\/{rel}","templated":true}]}}