{"id":22831,"date":"2019-07-22T10:41:58","date_gmt":"2019-07-22T14:41:58","guid":{"rendered":"http:\/\/blogdalucianaoliveira.com.br\/blog\/?p=22831"},"modified":"2019-07-22T10:41:58","modified_gmt":"2019-07-22T14:41:58","slug":"saiba-o-que-esta-por-tras-dos-latifundios-dos-dallagnol-na-amazonia","status":"publish","type":"post","link":"http:\/\/blogdalucianaoliveira.com.br\/blog\/2019\/07\/22\/saiba-o-que-esta-por-tras-dos-latifundios-dos-dallagnol-na-amazonia\/","title":{"rendered":"Saiba o que est\u00e1 por tr\u00e1s dos latif\u00fandios dos Dallagnol na Amaz\u00f4nia"},"content":{"rendered":"<p><img data-recalc-dims=\"1\" loading=\"lazy\" decoding=\"async\" data-attachment-id=\"22832\" data-permalink=\"http:\/\/blogdalucianaoliveira.com.br\/blog\/2019\/07\/22\/saiba-o-que-esta-por-tras-dos-latifundios-dos-dallagnol-na-amazonia\/amazonia-1-696x387\/\" data-orig-file=\"https:\/\/i0.wp.com\/blogdalucianaoliveira.com.br\/blog\/wp-content\/uploads\/2019\/07\/amazonia-1-696x387.png?fit=696%2C387\" data-orig-size=\"696,387\" data-comments-opened=\"0\" data-image-meta=\"{&quot;aperture&quot;:&quot;0&quot;,&quot;credit&quot;:&quot;&quot;,&quot;camera&quot;:&quot;&quot;,&quot;caption&quot;:&quot;&quot;,&quot;created_timestamp&quot;:&quot;0&quot;,&quot;copyright&quot;:&quot;&quot;,&quot;focal_length&quot;:&quot;0&quot;,&quot;iso&quot;:&quot;0&quot;,&quot;shutter_speed&quot;:&quot;0&quot;,&quot;title&quot;:&quot;&quot;,&quot;orientation&quot;:&quot;0&quot;}\" data-image-title=\"amazonia-1-696&amp;#215;387\" data-image-description=\"\" data-image-caption=\"\" data-medium-file=\"https:\/\/i0.wp.com\/blogdalucianaoliveira.com.br\/blog\/wp-content\/uploads\/2019\/07\/amazonia-1-696x387.png?fit=300%2C167\" data-large-file=\"https:\/\/i0.wp.com\/blogdalucianaoliveira.com.br\/blog\/wp-content\/uploads\/2019\/07\/amazonia-1-696x387.png?fit=600%2C334\" src=\"https:\/\/i0.wp.com\/blogdalucianaoliveira.com.br\/blog\/wp-content\/uploads\/2019\/07\/amazonia-1-696x387.png?resize=600%2C334\" alt=\"amazonia-1-696x387\" width=\"600\" height=\"334\" class=\"alignnone size-full wp-image-22832\" srcset=\"https:\/\/i0.wp.com\/blogdalucianaoliveira.com.br\/blog\/wp-content\/uploads\/2019\/07\/amazonia-1-696x387.png?resize=696%2C387 696w, https:\/\/i0.wp.com\/blogdalucianaoliveira.com.br\/blog\/wp-content\/uploads\/2019\/07\/amazonia-1-696x387.png?resize=300%2C167 300w, https:\/\/i0.wp.com\/blogdalucianaoliveira.com.br\/blog\/wp-content\/uploads\/2019\/07\/amazonia-1-696x387.png?resize=540%2C300 540w\" sizes=\"auto, (max-width: 600px) 100vw, 600px\" \/><\/p>\n<p>A revista Carta Capital que circulou na sexta-feira adiantou algumas informa\u00e7\u00f5es sobre os latif\u00fandios da fam\u00edlia Dallagnol no Mato Grosso, em plena floresta Amaz\u00f4nica. Em reportagem feita pelo De Olho nos Ruralistas.<\/p>\n<p>No Blog Da Cidadania &#8211; O observat\u00f3rio detalha agora, em uma s\u00e9rie de textos, uma vers\u00e3o mais completa dessa saga. Do desmatamento aos conflitos agr\u00e1rios (numa regi\u00e3o onde protagonistas da disputa foram assassinados), do hist\u00f3rico fundi\u00e1rio peculiar ao atual lit\u00edgio com o Incra descortina-se um pa\u00eds bem diferente daquele do imagin\u00e1rio da Opera\u00e7\u00e3o Lava Jato.<!--more--><\/p>\n<p>Optamos por abrir a s\u00e9rie com as desapropria\u00e7\u00f5es em 2016 feitas pelo Instituto Nacional de Coloniza\u00e7\u00e3o e Reforma Agr\u00e1ria (Incra), durante o governo de Michel Temer, iniciadas ainda durante o governo de Dilma Rousseff.  O pr\u00f3prio Incra informou em maio que esse processo \u2013 envolvendo R$ 41 milh\u00f5es, pelo menos R$ 36,9 milh\u00f5es para a fam\u00edlia Dallagnol, foi composto por fraudes cometidas por funcion\u00e1rios p\u00fablicos: \u201cIncra diz que desapropria\u00e7\u00e3o de R$ 41 milh\u00f5es no MT que beneficiou pai, tios e e primos de Deltan Dallagnol foi ilegal\u201c.<\/p>\n<p>A hist\u00f3ria desses latif\u00fandios envolve conflitos com uma madeireira e interesses de camponeses. Um dos textos \u2013 que publicaremos na segunda-feira \u2013 ajudar\u00e1 a entender como as fazendas dos Dallagnol est\u00e3o relacionadas a essa disputa espacial.<\/p>\n<p>Outra reportagem oferece uma perspectiva hist\u00f3rica: \u201cFam\u00edlia Dallagnol obteve 400 mil hectares de terras no Mato Grosso durante a ditadura\u201c.<\/p>\n<p>Entre os personagens do cl\u00e3, destacam-se dois tios de Deltan Dallagnol, o famoso procurador da Lava Jato, em Curitiba. Um deles, Leonar Dallagnol, conhecido na regi\u00e3o por um apelido: \u201cConhecido como Tenente, tio de Deltan Dallagnol foi acusado de invadir terras ao lado de \u2018Pedro Doido\u2019\u201d.<\/p>\n<p>Outro, o advogado Xavier Dallagnol, um dos expoentes jur\u00eddicos dessa fam\u00edlia de advogados e procuradores. De Cuiab\u00e1, ele comanda a defesa dos latif\u00fandios em Nova Bandeirantes (MT): \u201cTio de Deltan, Xavier Dallagnol foi flagrado em grampo sobre compra de senten\u00e7as\u201c.<\/p>\n<p>Ao lado de Leonar, Xavier e sua mulher, Maria das Gra\u00e7as Prestes, protagonizam os casos de desmatamento diretamente ligados ao cl\u00e3, em plena regi\u00e3o conhecida como Portal da Amaz\u00f4nia, j\u00e1 em regi\u00e3o de floresta: \u201cTr\u00eas tios de Deltan Dallagnol figuram entre desmatadores da Amaz\u00f4nia\u201c.<\/p>\n<p>Mas a maior beneficiada foi a filha de Xavier, prima de Deltan: \u201cEm 2016, prima de Dallagnol ficou em d\u00e9cimo lugar entre maiores beneficiados por recursos agr\u00e1rios no pa\u00eds\u201c.<\/p>\n<p>A movimenta\u00e7\u00e3o pol\u00edtica em Bras\u00edlia e Cuiab\u00e1 \u2013 no Incra, por exemplo \u2013 ter\u00e1 feito alguma diferen\u00e7a na decis\u00e3o por desapropria\u00e7\u00f5es? Tentemos entender melhor este aspecto: \u201cIndeniza\u00e7\u00e3o milion\u00e1ria para os Dallagnol no MT foi liberada quando diretor de Obten\u00e7\u00e3o de Terras do Incra era do estado\u201c.<\/p>\n<p>E os camponeses, como ficam? \u201cNa outra ponta do impasse fundi\u00e1rio em Nova Bandeirantes (MT), camponeses se sentem acuados com situa\u00e7\u00e3o\u201c.<\/p>\n<p>O nome do procurador Deltan Dallagnol n\u00e3o est\u00e1 diretamente relacionado a nenhum dos casos esmiu\u00e7ados nesta s\u00e9rie de reportagens. Ele \u00e9 um dos herdeiros de Agenor Dallagnol, um dos propriet\u00e1rios de latif\u00fandios na regi\u00e3o e um dos beneficiados pela desapropria\u00e7\u00e3o feita pelo Incra.<\/p>\n<p>Fonte: De De Olho nos Ruralistas<\/p>\n","protected":false},"excerpt":{"rendered":"<p>A revista Carta Capital que circulou na sexta-feira adiantou algumas informa\u00e7\u00f5es sobre os latif\u00fandios da fam\u00edlia Dallagnol no Mato Grosso, em plena floresta Amaz\u00f4nica. Em reportagem feita pelo De Olho nos Ruralistas. No Blog Da Cidadania &#8211; O observat\u00f3rio detalha agora, em uma s\u00e9rie de textos, uma vers\u00e3o mais completa dessa saga. Do desmatamento aos&#8230;<a class=\"more-link\" href=\"http:\/\/blogdalucianaoliveira.com.br\/blog\/2019\/07\/22\/saiba-o-que-esta-por-tras-dos-latifundios-dos-dallagnol-na-amazonia\/\">Continue a leitura <span class=\"meta-nav\">&raquo;<\/span><\/a><\/p>\n","protected":false},"author":1,"featured_media":0,"comment_status":"closed","ping_status":"open","sticky":false,"template":"","format":"standard","meta":{"_exactmetrics_skip_tracking":false,"_exactmetrics_sitenote_active":false,"_exactmetrics_sitenote_note":"","_exactmetrics_sitenote_category":0,"jetpack_post_was_ever_published":false,"_jetpack_newsletter_access":"","_jetpack_dont_email_post_to_subs":false,"_jetpack_newsletter_tier_id":0,"_jetpack_memberships_contains_paywalled_content":false,"_jetpack_memberships_contains_paid_content":false,"footnotes":"","jetpack_publicize_message":"","jetpack_publicize_feature_enabled":true,"jetpack_social_post_already_shared":true,"jetpack_social_options":{"image_generator_settings":{"template":"highway","enabled":false},"version":2}},"categories":[1],"tags":[],"class_list":["post-22831","post","type-post","status-publish","format-standard","hentry","category-notas"],"jetpack_publicize_connections":[],"jetpack_sharing_enabled":true,"jetpack_featured_media_url":"","jetpack_shortlink":"https:\/\/wp.me\/p7wKYW-5Wf","jetpack-related-posts":[],"_links":{"self":[{"href":"http:\/\/blogdalucianaoliveira.com.br\/blog\/wp-json\/wp\/v2\/posts\/22831","targetHints":{"allow":["GET"]}}],"collection":[{"href":"http:\/\/blogdalucianaoliveira.com.br\/blog\/wp-json\/wp\/v2\/posts"}],"about":[{"href":"http:\/\/blogdalucianaoliveira.com.br\/blog\/wp-json\/wp\/v2\/types\/post"}],"author":[{"embeddable":true,"href":"http:\/\/blogdalucianaoliveira.com.br\/blog\/wp-json\/wp\/v2\/users\/1"}],"replies":[{"embeddable":true,"href":"http:\/\/blogdalucianaoliveira.com.br\/blog\/wp-json\/wp\/v2\/comments?post=22831"}],"version-history":[{"count":1,"href":"http:\/\/blogdalucianaoliveira.com.br\/blog\/wp-json\/wp\/v2\/posts\/22831\/revisions"}],"predecessor-version":[{"id":22833,"href":"http:\/\/blogdalucianaoliveira.com.br\/blog\/wp-json\/wp\/v2\/posts\/22831\/revisions\/22833"}],"wp:attachment":[{"href":"http:\/\/blogdalucianaoliveira.com.br\/blog\/wp-json\/wp\/v2\/media?parent=22831"}],"wp:term":[{"taxonomy":"category","embeddable":true,"href":"http:\/\/blogdalucianaoliveira.com.br\/blog\/wp-json\/wp\/v2\/categories?post=22831"},{"taxonomy":"post_tag","embeddable":true,"href":"http:\/\/blogdalucianaoliveira.com.br\/blog\/wp-json\/wp\/v2\/tags?post=22831"}],"curies":[{"name":"wp","href":"https:\/\/api.w.org\/{rel}","templated":true}]}}