{"id":22834,"date":"2019-07-22T10:45:45","date_gmt":"2019-07-22T14:45:45","guid":{"rendered":"http:\/\/blogdalucianaoliveira.com.br\/blog\/?p=22834"},"modified":"2019-07-22T10:45:45","modified_gmt":"2019-07-22T14:45:45","slug":"congelamento-de-recursos-e-cortes-ameacam-avancos-de-30-anos-de-sus","status":"publish","type":"post","link":"http:\/\/blogdalucianaoliveira.com.br\/blog\/2019\/07\/22\/congelamento-de-recursos-e-cortes-ameacam-avancos-de-30-anos-de-sus\/","title":{"rendered":"Congelamento de recursos e cortes amea\u00e7am avan\u00e7os de 30 anos de SUS"},"content":{"rendered":"<p><img data-recalc-dims=\"1\" loading=\"lazy\" decoding=\"async\" data-attachment-id=\"22835\" data-permalink=\"http:\/\/blogdalucianaoliveira.com.br\/blog\/2019\/07\/22\/congelamento-de-recursos-e-cortes-ameacam-avancos-de-30-anos-de-sus\/sus-5\/\" data-orig-file=\"https:\/\/i0.wp.com\/blogdalucianaoliveira.com.br\/blog\/wp-content\/uploads\/2019\/07\/sus.jpg?fit=640%2C313\" data-orig-size=\"640,313\" data-comments-opened=\"0\" data-image-meta=\"{&quot;aperture&quot;:&quot;0&quot;,&quot;credit&quot;:&quot;&quot;,&quot;camera&quot;:&quot;&quot;,&quot;caption&quot;:&quot;&quot;,&quot;created_timestamp&quot;:&quot;0&quot;,&quot;copyright&quot;:&quot;&quot;,&quot;focal_length&quot;:&quot;0&quot;,&quot;iso&quot;:&quot;0&quot;,&quot;shutter_speed&quot;:&quot;0&quot;,&quot;title&quot;:&quot;&quot;,&quot;orientation&quot;:&quot;0&quot;}\" data-image-title=\"sus\" data-image-description=\"\" data-image-caption=\"\" data-medium-file=\"https:\/\/i0.wp.com\/blogdalucianaoliveira.com.br\/blog\/wp-content\/uploads\/2019\/07\/sus.jpg?fit=300%2C147\" data-large-file=\"https:\/\/i0.wp.com\/blogdalucianaoliveira.com.br\/blog\/wp-content\/uploads\/2019\/07\/sus.jpg?fit=600%2C293\" src=\"https:\/\/i0.wp.com\/blogdalucianaoliveira.com.br\/blog\/wp-content\/uploads\/2019\/07\/sus.jpg?resize=600%2C293\" alt=\"sus\" width=\"600\" height=\"293\" class=\"alignnone size-full wp-image-22835\" srcset=\"https:\/\/i0.wp.com\/blogdalucianaoliveira.com.br\/blog\/wp-content\/uploads\/2019\/07\/sus.jpg?w=640 640w, https:\/\/i0.wp.com\/blogdalucianaoliveira.com.br\/blog\/wp-content\/uploads\/2019\/07\/sus.jpg?resize=300%2C147 300w, https:\/\/i0.wp.com\/blogdalucianaoliveira.com.br\/blog\/wp-content\/uploads\/2019\/07\/sus.jpg?resize=613%2C300 613w\" sizes=\"auto, (max-width: 600px) 100vw, 600px\" \/><\/p>\n<p>No Brasil De Fato &#8211; Artigo publicado pela revista The Lancet \u201cSistema \u00danico de Sa\u00fade no Brasil: os primeiros 30 anos e perspectivas para o futuro\u201d, com base no estudo liderado pelo departamento de Sa\u00fade Global e Popula\u00e7\u00e3o da Harvard TH CHang of Public Health, que teve a participa\u00e7\u00e3o de diversos pesquisadores de institui\u00e7\u00f5es nacionais e internacionais, revela que as principais conquistas obtidas nos \u00faltimos 30 anos pelo SUS est\u00e3o amea\u00e7adas pela Emenda Constitucional 95 e aprofundamento das pol\u00edticas de austeridade do governo Bolsonaro.<!--more--><\/p>\n<p>O estudo publicado tra\u00e7a cen\u00e1rios para o SUS a partir de proje\u00e7\u00f5es de financiamento da oferta do servi\u00e7o na ponta. S\u00e3o quatro possibilidades. No primeiro cen\u00e1rio, a Uni\u00e3o envia para os munic\u00edpios os mesmos recursos de 2015; nos outros tr\u00eas, as transfer\u00eancias aumentam 1%, 2% ou 3% ao ano, a depender do crescimento do Produto Interno Bruto (PIB) brasileiro.<\/p>\n<p>Os pesquisadores apontam que em todos cen\u00e1rios os \u00edndices de mortalidade infantil, de atendimento pr\u00e9-natal \u00e0s gestantes, do acesso a cuidados na Aten\u00e7\u00e3o Prim\u00e1ria \u00e0 Sa\u00fade (APS) e do n\u00famero de mortes evit\u00e1veis por doen\u00e7as cardiovasculares pioraram, sobretudo para os munic\u00edpios menores e mais pobres, com menor capacidade de arrecada\u00e7\u00e3o e maior depend\u00eancia de verbas da Uni\u00e3o.<\/p>\n<p>Em entrevista ao Rep\u00f3rter SUS, programa produzido em parceria com a Escola Polit\u00e9cnica de Sa\u00fade Joaquim Ven\u00e2ncio da Funda\u00e7\u00e3o Oswaldo Cruz (EPSJV\/Fiocruz), Luiz Augusto Facchini, professor do Departamento de Medicina Social da Universidade Federal de Pelotas (UFPel), e um dos autores do artigo publicado no peri\u00f3dico The Lancet, alerta que o processo de expans\u00e3o do sistema em tr\u00eas d\u00e9cadas, que promoveu a melhoria das condi\u00e7\u00f5es de sa\u00fade no pa\u00eds est\u00e1 em franco risco de retrocesso.<\/p>\n<p>\u201c[Esse processo] melhorou a sa\u00fade no pa\u00eds, promoveu o bem-estar da popula\u00e7\u00e3o mais pobre, reduziu iniquidades, desigualdades em sa\u00fade, e marcou, portanto, avan\u00e7os muito importantes nas condi\u00e7\u00f5es de sa\u00fade da popula\u00e7\u00e3o. Se n\u00e3o forem mantidos os esfor\u00e7os que resultaram no desenvolvimento do sistema, da rede de sa\u00fade do pa\u00eds, eles podem ser revertidos e piorados\u201d.<\/p>\n<p>Segundo Facchini, que tamb\u00e9m \u00e9 coordenador da Rede de Pesquisas em Aten\u00e7\u00e3o Prim\u00e1ria \u00e0 Sa\u00fade (Rede APS), e ex-presidente da Associa\u00e7\u00e3o Brasileira de Sa\u00fade Coletiva (Abrasco), entre 2009 e 2012, as proje\u00e7\u00f5es do estudo mostram tamb\u00e9m que os indicadores podem melhorar em caso de aumento dos recursos federais para a sa\u00fade, principalmente na Aten\u00e7\u00e3o Prim\u00e1ria, para garantir cobertura universal, mas o vento tem soprado na dire\u00e7\u00e3o contr\u00e1ria.<\/p>\n<p>\u201c\u00c9 necess\u00e1rio que recursos p\u00fablicos suficientes sejam adequadamente alocados. Tamb\u00e9m com apoio de desenvolvimento tecnol\u00f3gico, \u00e0 informa\u00e7\u00e3o em sa\u00fade, assist\u00eancia em sa\u00fade, ao desenvolvimento de estrat\u00e9gias que possam, de fato, melhorar o cuidado, a aten\u00e7\u00e3o \u00e0 popula\u00e7\u00e3o\u201d.<\/p>\n<p>Facchini acrescenta que para o pa\u00eds resgatar a capacidade de a\u00e7\u00e3o \u00e9 indispens\u00e1vel a valoriza\u00e7\u00e3o do conhecimento universal.<\/p>\n<p>\u201cUma capacidade de a\u00e7\u00e3o que valorize o conhecimento universal, n\u00e3o s\u00f3 produzido no Brasil, mas em outros pa\u00edses, aonde os sistemas de sa\u00fade s\u00e3o similares ao nosso e que os avan\u00e7os foram mais marcantes. De modo a gente ter capacidade de continuar o progresso que se observava at\u00e9 2016 e que come\u00e7ou a ser desmantelado\u201d.<\/p>\n<p>Da mesma forma, ele lembra a garantia de medicamentos essenciais \u00e0 popula\u00e7\u00e3o e o di\u00e1logo entre governo e sociedade civil, por meio das confer\u00eancias de sa\u00fade.<\/p>\n<p>Edi\u00e7\u00e3o: Cec\u00edlia Figueiredo<\/p>\n","protected":false},"excerpt":{"rendered":"<p>No Brasil De Fato &#8211; Artigo publicado pela revista The Lancet \u201cSistema \u00danico de Sa\u00fade no Brasil: os primeiros 30 anos e perspectivas para o futuro\u201d, com base no estudo liderado pelo departamento de Sa\u00fade Global e Popula\u00e7\u00e3o da Harvard TH CHang of Public Health, que teve a participa\u00e7\u00e3o de diversos pesquisadores de institui\u00e7\u00f5es nacionais&#8230;<a class=\"more-link\" href=\"http:\/\/blogdalucianaoliveira.com.br\/blog\/2019\/07\/22\/congelamento-de-recursos-e-cortes-ameacam-avancos-de-30-anos-de-sus\/\">Continue a leitura <span class=\"meta-nav\">&raquo;<\/span><\/a><\/p>\n","protected":false},"author":1,"featured_media":0,"comment_status":"closed","ping_status":"open","sticky":false,"template":"","format":"standard","meta":{"_exactmetrics_skip_tracking":false,"_exactmetrics_sitenote_active":false,"_exactmetrics_sitenote_note":"","_exactmetrics_sitenote_category":0,"jetpack_post_was_ever_published":false,"_jetpack_newsletter_access":"","_jetpack_dont_email_post_to_subs":false,"_jetpack_newsletter_tier_id":0,"_jetpack_memberships_contains_paywalled_content":false,"_jetpack_memberships_contains_paid_content":false,"footnotes":"","jetpack_publicize_message":"","jetpack_publicize_feature_enabled":true,"jetpack_social_post_already_shared":true,"jetpack_social_options":{"image_generator_settings":{"template":"highway","enabled":false},"version":2}},"categories":[1],"tags":[],"class_list":["post-22834","post","type-post","status-publish","format-standard","hentry","category-notas"],"jetpack_publicize_connections":[],"jetpack_sharing_enabled":true,"jetpack_featured_media_url":"","jetpack_shortlink":"https:\/\/wp.me\/p7wKYW-5Wi","jetpack-related-posts":[],"_links":{"self":[{"href":"http:\/\/blogdalucianaoliveira.com.br\/blog\/wp-json\/wp\/v2\/posts\/22834","targetHints":{"allow":["GET"]}}],"collection":[{"href":"http:\/\/blogdalucianaoliveira.com.br\/blog\/wp-json\/wp\/v2\/posts"}],"about":[{"href":"http:\/\/blogdalucianaoliveira.com.br\/blog\/wp-json\/wp\/v2\/types\/post"}],"author":[{"embeddable":true,"href":"http:\/\/blogdalucianaoliveira.com.br\/blog\/wp-json\/wp\/v2\/users\/1"}],"replies":[{"embeddable":true,"href":"http:\/\/blogdalucianaoliveira.com.br\/blog\/wp-json\/wp\/v2\/comments?post=22834"}],"version-history":[{"count":1,"href":"http:\/\/blogdalucianaoliveira.com.br\/blog\/wp-json\/wp\/v2\/posts\/22834\/revisions"}],"predecessor-version":[{"id":22836,"href":"http:\/\/blogdalucianaoliveira.com.br\/blog\/wp-json\/wp\/v2\/posts\/22834\/revisions\/22836"}],"wp:attachment":[{"href":"http:\/\/blogdalucianaoliveira.com.br\/blog\/wp-json\/wp\/v2\/media?parent=22834"}],"wp:term":[{"taxonomy":"category","embeddable":true,"href":"http:\/\/blogdalucianaoliveira.com.br\/blog\/wp-json\/wp\/v2\/categories?post=22834"},{"taxonomy":"post_tag","embeddable":true,"href":"http:\/\/blogdalucianaoliveira.com.br\/blog\/wp-json\/wp\/v2\/tags?post=22834"}],"curies":[{"name":"wp","href":"https:\/\/api.w.org\/{rel}","templated":true}]}}