{"id":22837,"date":"2019-07-22T10:50:40","date_gmt":"2019-07-22T14:50:40","guid":{"rendered":"http:\/\/blogdalucianaoliveira.com.br\/blog\/?p=22837"},"modified":"2019-07-22T10:50:40","modified_gmt":"2019-07-22T14:50:40","slug":"pedro-serrano-perseguicao-a-glenn-e-mais-grave-que-o-suposto-hacker-de-moro","status":"publish","type":"post","link":"http:\/\/blogdalucianaoliveira.com.br\/blog\/2019\/07\/22\/pedro-serrano-perseguicao-a-glenn-e-mais-grave-que-o-suposto-hacker-de-moro\/","title":{"rendered":"Pedro Serrano: persegui\u00e7\u00e3o a Glenn \u00e9 mais grave que o suposto hacker de Moro"},"content":{"rendered":"<div class=\"article__lead\"><\/div>\n<figure><picture><source srcset=\"https:\/\/publisher-publish.s3.eu-central-1.amazonaws.com\/pb-brasil247\/swp\/jtjeq9\/media\/20190716140740_db762c67-b995-4620-b1df-48bfe6ac323a.webp\" type=\"image\/webp\" media=\"(max-width: 680px)\" \/><source srcset=\"https:\/\/publisher-publish.s3.eu-central-1.amazonaws.com\/pb-brasil247\/swp\/jtjeq9\/media\/20190716140740_db762c67-b995-4620-b1df-48bfe6ac323a.jpeg\" type=\"image\/jpeg\" media=\"(max-width: 680px)\" \/><source srcset=\"https:\/\/publisher-publish.s3.eu-central-1.amazonaws.com\/pb-brasil247\/swp\/jtjeq9\/media\/20190716140740_4e9118c7-0141-48ec-8925-5a50b47df737.webp\" type=\"image\/webp\" media=\"(min-width: 681px)\" \/><source srcset=\"https:\/\/publisher-publish.s3.eu-central-1.amazonaws.com\/pb-brasil247\/swp\/jtjeq9\/media\/20190716140740_4e9118c7-0141-48ec-8925-5a50b47df737.jpeg\" type=\"image\/jpeg\" media=\"(min-width: 681px)\" \/><img data-recalc-dims=\"1\" decoding=\"async\" title=\" \" src=\"https:\/\/i0.wp.com\/publisher-publish.s3.eu-central-1.amazonaws.com\/pb-brasil247\/swp\/jtjeq9\/media\/20190716140740_4e9118c7-0141-48ec-8925-5a50b47df737.jpeg?w=600&#038;ssl=1\" alt=\"\" \/><\/picture><\/figure>\n<div class=\"article__lead\">\n<p>Pedro Serrano afirma que &#8220;mais grave, por\u00e9m, do que falar em hackeamento criminoso \u00e9 a investida contra o jornalista Glenn Greenwald. Embora ele n\u00e3o seja oficialmente alvo da Pol\u00edcia Federal, pululam na m\u00eddia not\u00edcias de que as movimenta\u00e7\u00f5es financeiras do jornalista estariam sob investiga\u00e7\u00e3o do Coaf&#8221;<\/p>\n<\/div>\n<p><!--more--><\/p>\n<div class=\"articleMetadata marginBottom30\">\u00a0<a href=\"https:\/\/www.cartacapital.com.br\/carta-capital\/perseguicao-a-greenwald-e-mais-grave-que-o-suposto-hacker-de-moro\/\"><i><b>\u00a0Carta Capital &#8211;<\/b><\/i><\/a><i><b>\u00a0<\/b><\/i>Pululam na m\u00eddia not\u00edcias de que as movimenta\u00e7\u00f5es financeiras do jornalista estariam sob investiga\u00e7\u00e3o do Coaf.<\/div>\n<div class=\"articleMetadata marginBottom30\"><\/div>\n<div class=\"articleMetadata marginBottom30\">\n<p>Uma das quest\u00f5es levantadas sobre a chamada Vaza Jato \u00e9 a suposta ilegalidade das mensagens, pelo fato de que poderiam ter sido obtidas por a\u00e7\u00e3o de hackers.<\/p>\n<p>Organismos do governo federal, em especial o Minist\u00e9rio da Justi\u00e7a e a Pol\u00edcia Federal, e outra parcela da m\u00eddia se apressaram em atribuir o vazamento a conduta criminosa, conclus\u00e3o, no m\u00ednimo, precipitada.<\/p>\n<p>N\u00e3o h\u00e1 d\u00favida de que \u00e9 necess\u00e1rio investigar se houve efetivamente o hackeamento de aplicativos de mensagens dos envolvidos.<\/p>\n<p>\u00c9 preciso que se esclare\u00e7a se as conversas foram obtidas por intercepta\u00e7\u00e3o de sistema inform\u00e1tico ou vazadas de outra forma, por exemplo, por algum de seus interlocutores ou at\u00e9 mesmo por funcion\u00e1rio do pr\u00f3prio Minist\u00e9rio P\u00fablico Federal que a elas tenha tido acesso.<\/p>\n<p>Mais grave, por\u00e9m, do que falar em hackeamento criminoso \u00e9 a investida contra o jornalista Glenn Greenwald, do The Intercept Brasil. Embora ele n\u00e3o seja oficialmente alvo da Pol\u00edcia Federal, pululam na m\u00eddia not\u00edcias de que as movimenta\u00e7\u00f5es financeiras do jornalista estariam sob investiga\u00e7\u00e3o do Coaf.<\/p>\n<p>Como vivemos tempos em que o \u00f3bvio precisa ser dito e redito, \u00e9 preciso deixar claro que qualquer tentativa de incriminar o jornalista pela divulga\u00e7\u00e3o das mensagens \u00e9 uma arbitrariedade.<\/p>\n<p>No exerc\u00edcio da sua atividade, o jornalista n\u00e3o comete crime ao divulgar o conte\u00fado das mensagens, da mesma forma que n\u00e3o cometeram crime os jornalistas que divulgaram informa\u00e7\u00f5es vazadas pela Lava Jato durante as investiga\u00e7\u00f5es dos casos de corrup\u00e7\u00e3o.<\/p>\n<p>\u00c9 da fun\u00e7\u00e3o do jornalismo, no sistema democr\u00e1tico, a divulga\u00e7\u00e3o de informa\u00e7\u00f5es de interesse p\u00fablico.<\/p>\n<p>Quem hackeia e transfere as informa\u00e7\u00f5es \u00e9 o respons\u00e1vel eventual pelo cometimento de crime, nunca o pr\u00f3prio jornalista. Logo, essa tentativa de intimida\u00e7\u00e3o \u00e9 uma ofensa grave ao direito \u00e0 livre express\u00e3o de pensamento, \u00e0 livre circula\u00e7\u00e3o de informa\u00e7\u00f5es e ao direito de imprensa livre. A investiga\u00e7\u00e3o contra Greenwald, neste contexto, vulnera frontalmente a nossa Constitui\u00e7\u00e3o e os valores da democracia e da vida civilizada, inaceit\u00e1vel no plano jur\u00eddico.<\/p>\n<p>De volta \u00e0 a\u00e7\u00e3o de suposto hacker, \u00e9 preciso considerar um aspecto que \u00e9 apontado e que importa a uma an\u00e1lise mais ampla da quest\u00e3o. Mesmo que se confirme a ocorr\u00eancia de intercepta\u00e7\u00e3o indevida, n\u00e3o se pode inferir de imediato que houve conduta criminosa, pois alguns fatores tornam esse caso especial.<\/p>\n<div class=\"contentAd contentAd--noBackground marginBottom30\">\n<p>Deve-se ponderar \u00e9 que as divulga\u00e7\u00f5es revelam di\u00e1logos entre servidores p\u00fablicos que, inclusive, se utilizaram de equipamentos (telefones e computadores) p\u00fablicos para tratar de assuntos que deveriam ter sido abordados em processos judiciais, nos quais a defesa dos investigados tamb\u00e9m tivesse acesso \u00e0s informa\u00e7\u00f5es.<\/p>\n<p>Curiosamente, segundo divulgado, em 2018 o pr\u00f3prio Deltan Dallagnol, no contexto das discuss\u00f5es sobre a legitimidade de vazamentos da Lava Jato, em grupo no Telegram chamado \u201cLiberdade de express\u00e3o CF\u201d, afirmou que \u201cautoridades p\u00fablicas est\u00e3o sujeitas a cr\u00edticas e t\u00eam uma esfera de privacidade menor do que o cidad\u00e3o que n\u00e3o \u00e9 pessoa p\u00fablica\u201d.<\/p>\n<p>De fato, no exerc\u00edcio da fun\u00e7\u00e3o, o agente p\u00fablico lida, ou deveria lidar, com o interesse p\u00fablico, e n\u00e3o com o interesse privado.<\/p>\n<p>O que se extrai das mensagens \u201cvazadas\u201d \u00e9, ao menos, a suspeita de que houve manipula\u00e7\u00e3o de investiga\u00e7\u00f5es e processos com a finalidade de se obter a condena\u00e7\u00e3o de alguns r\u00e9us, o que implicaria condutas muito incorretas por parte dos agentes estatais que delas participaram, resultando em grave vulnera\u00e7\u00e3o dos direitos fundamentais dos investigados.<\/p>\n<p>Diante desses fatos, mesmo que tenha havido conduta ilegal por parte de um hacker, h\u00e1 que se levar em conta a figura da leg\u00edtima defesa de terceiro.<\/p>\n<p>O direito reconhece como leg\u00edtima a conduta, a priori ilegal, realizada para defender o pr\u00f3prio direito ou de um terceiro.<\/p>\n<p>\u00c9 poss\u00edvel, embora n\u00e3o prov\u00e1vel, que as investiga\u00e7\u00f5es levem \u00e0 conclus\u00e3o de que o hacker agiu para poder revelar a atua\u00e7\u00e3o ilegal de agentes p\u00fablicos, que se utilizaram da for\u00e7a do Estado contra os direitos dos cidad\u00e3os.<\/p>\n<p>Um eventual hackeamento em face da ofensa ao direito essencial de liberdade, que, depois do direito \u00e0 vida, \u00e9 o mais relevante a ser protegido, significa uma infra\u00e7\u00e3o de potencial agressivo muito menor.<\/p>\n<div class=\"contentAd contentAd--noBackground marginBottom30\">\n<p>Como afirmamos, e agora fica evidente com as revela\u00e7\u00f5es trazidas pelo The Intercept, a Lava Jato produziu processos penais de exce\u00e7\u00e3o \u2013 express\u00e3o cunhada pelo professor Fernando Hideo Lacerda \u2013, que, embora em sua forma tivessem uma apar\u00eancia de cumprimento da lei, da Constitui\u00e7\u00e3o e dos valores da democracia, traziam conte\u00fado autorit\u00e1rio, de persecu\u00e7\u00e3o pol\u00edtica, tratando r\u00e9us como inimigos, e n\u00e3o como seres humanos detentores de direitos.<\/p>\n<p>Por tudo isso \u00e9 preciso ter cautela ao se afirmar, antes de investiga\u00e7\u00e3o e devido processo legal, que houve crime na forma de obten\u00e7\u00e3o das conversas divulgadas pela m\u00eddia.<\/p>\n<\/div>\n<\/div>\n<\/div>\n<div class=\"article__text marginTop30\"><\/div>\n","protected":false},"excerpt":{"rendered":"<p>Pedro Serrano afirma que &#8220;mais grave, por\u00e9m, do que falar em hackeamento criminoso \u00e9 a investida contra o jornalista Glenn Greenwald. Embora ele n\u00e3o seja oficialmente alvo da Pol\u00edcia Federal, pululam na m\u00eddia not\u00edcias de que as movimenta\u00e7\u00f5es financeiras do jornalista estariam sob investiga\u00e7\u00e3o do Coaf&#8221;<\/p>\n","protected":false},"author":1,"featured_media":0,"comment_status":"closed","ping_status":"open","sticky":false,"template":"","format":"standard","meta":{"_exactmetrics_skip_tracking":false,"_exactmetrics_sitenote_active":false,"_exactmetrics_sitenote_note":"","_exactmetrics_sitenote_category":0,"jetpack_post_was_ever_published":false,"_jetpack_newsletter_access":"","_jetpack_dont_email_post_to_subs":false,"_jetpack_newsletter_tier_id":0,"_jetpack_memberships_contains_paywalled_content":false,"_jetpack_memberships_contains_paid_content":false,"footnotes":"","jetpack_publicize_message":"","jetpack_publicize_feature_enabled":true,"jetpack_social_post_already_shared":true,"jetpack_social_options":{"image_generator_settings":{"template":"highway","enabled":false},"version":2}},"categories":[1],"tags":[],"class_list":["post-22837","post","type-post","status-publish","format-standard","hentry","category-notas"],"jetpack_publicize_connections":[],"jetpack_sharing_enabled":true,"jetpack_featured_media_url":"","jetpack_shortlink":"https:\/\/wp.me\/p7wKYW-5Wl","jetpack-related-posts":[],"_links":{"self":[{"href":"http:\/\/blogdalucianaoliveira.com.br\/blog\/wp-json\/wp\/v2\/posts\/22837","targetHints":{"allow":["GET"]}}],"collection":[{"href":"http:\/\/blogdalucianaoliveira.com.br\/blog\/wp-json\/wp\/v2\/posts"}],"about":[{"href":"http:\/\/blogdalucianaoliveira.com.br\/blog\/wp-json\/wp\/v2\/types\/post"}],"author":[{"embeddable":true,"href":"http:\/\/blogdalucianaoliveira.com.br\/blog\/wp-json\/wp\/v2\/users\/1"}],"replies":[{"embeddable":true,"href":"http:\/\/blogdalucianaoliveira.com.br\/blog\/wp-json\/wp\/v2\/comments?post=22837"}],"version-history":[{"count":1,"href":"http:\/\/blogdalucianaoliveira.com.br\/blog\/wp-json\/wp\/v2\/posts\/22837\/revisions"}],"predecessor-version":[{"id":22838,"href":"http:\/\/blogdalucianaoliveira.com.br\/blog\/wp-json\/wp\/v2\/posts\/22837\/revisions\/22838"}],"wp:attachment":[{"href":"http:\/\/blogdalucianaoliveira.com.br\/blog\/wp-json\/wp\/v2\/media?parent=22837"}],"wp:term":[{"taxonomy":"category","embeddable":true,"href":"http:\/\/blogdalucianaoliveira.com.br\/blog\/wp-json\/wp\/v2\/categories?post=22837"},{"taxonomy":"post_tag","embeddable":true,"href":"http:\/\/blogdalucianaoliveira.com.br\/blog\/wp-json\/wp\/v2\/tags?post=22837"}],"curies":[{"name":"wp","href":"https:\/\/api.w.org\/{rel}","templated":true}]}}