{"id":22841,"date":"2019-07-22T11:15:24","date_gmt":"2019-07-22T15:15:24","guid":{"rendered":"http:\/\/blogdalucianaoliveira.com.br\/blog\/?p=22841"},"modified":"2019-07-22T11:16:32","modified_gmt":"2019-07-22T15:16:32","slug":"festival-cultural-de-nazare-2019","status":"publish","type":"post","link":"http:\/\/blogdalucianaoliveira.com.br\/blog\/2019\/07\/22\/festival-cultural-de-nazare-2019\/","title":{"rendered":"FESTIVAL CULTURAL DE NAZAR\u00c9 2019"},"content":{"rendered":"<div class=\"jetpack-video-wrapper\"><iframe loading=\"lazy\" title=\"Festival Cultural de Nazar\u00e9 2019.\" width=\"600\" height=\"338\" src=\"https:\/\/www.youtube.com\/embed\/tew0DPWqow4?feature=oembed\" frameborder=\"0\" allow=\"accelerometer; autoplay; clipboard-write; encrypted-media; gyroscope; picture-in-picture; web-share\" referrerpolicy=\"strict-origin-when-cross-origin\" allowfullscreen><\/iframe><\/div>\n<p>\u00a0<br \/>\nMais de meio s\u00e9culo de uma tradi\u00e7\u00e3o que come\u00e7ou com um professor. Maciel Nunes, presente!<\/p>\n<p>Trago mais uma edi\u00e7\u00e3o deste valioso evento que acontece todos os anos no distrito ribeirinho que fica numa curva de rio no baixo Madeira.<\/p>\n<div class=\"text_exposed_show\">\n<p>VEJA, CURTA, COMPARTILHE!<\/p>\n<p>O registro \u00e9 caseiro, mas feito com muito amor e gratid\u00e3o.<\/p>\n<p>Minha &#8216;equipe&#8217; de produ\u00e7\u00e3o e edi\u00e7\u00e3o se resume a mim.<\/p>\n<p>Muitos j\u00e1 foram ao festival por terem visto sua beleza aqui nos meus canais.<\/p>\n<p>Ent\u00e3o, leve adiante a celebra\u00e7\u00e3o de uma luta por prote\u00e7\u00e3o de identidade e tradi\u00e7\u00e3o beradeira.<\/p>\n<\/div>\n<\/div>\n<\/div>\n<div class=\"_3x-2\" data-ft=\"{&quot;tn&quot;:&quot;H&quot;}\"><\/div>\n","protected":false},"excerpt":{"rendered":"<p>\u00a0 Mais de meio s\u00e9culo de uma tradi\u00e7\u00e3o que come\u00e7ou com um professor. Maciel Nunes, presente! Trago mais uma edi\u00e7\u00e3o deste valioso evento que acontece todos os anos no distrito ribeirinho que fica numa curva de rio no baixo Madeira. VEJA, CURTA, COMPARTILHE! O registro \u00e9 caseiro, mas feito com muito amor e gratid\u00e3o. Minha&#8230;<a class=\"more-link\" href=\"http:\/\/blogdalucianaoliveira.com.br\/blog\/2019\/07\/22\/festival-cultural-de-nazare-2019\/\">Continue a leitura <span class=\"meta-nav\">&raquo;<\/span><\/a><\/p>\n","protected":false},"author":1,"featured_media":0,"comment_status":"closed","ping_status":"open","sticky":false,"template":"","format":"standard","meta":{"_exactmetrics_skip_tracking":false,"_exactmetrics_sitenote_active":false,"_exactmetrics_sitenote_note":"","_exactmetrics_sitenote_category":0,"jetpack_post_was_ever_published":false,"_jetpack_newsletter_access":"","_jetpack_dont_email_post_to_subs":false,"_jetpack_newsletter_tier_id":0,"_jetpack_memberships_contains_paywalled_content":false,"_jetpack_memberships_contains_paid_content":false,"footnotes":"","jetpack_publicize_message":"","jetpack_publicize_feature_enabled":true,"jetpack_social_post_already_shared":true,"jetpack_social_options":{"image_generator_settings":{"template":"highway","enabled":false},"version":2}},"categories":[1],"tags":[],"class_list":["post-22841","post","type-post","status-publish","format-standard","hentry","category-notas"],"jetpack_publicize_connections":[],"jetpack_sharing_enabled":true,"jetpack_featured_media_url":"","jetpack_shortlink":"https:\/\/wp.me\/p7wKYW-5Wp","jetpack-related-posts":[],"_links":{"self":[{"href":"http:\/\/blogdalucianaoliveira.com.br\/blog\/wp-json\/wp\/v2\/posts\/22841","targetHints":{"allow":["GET"]}}],"collection":[{"href":"http:\/\/blogdalucianaoliveira.com.br\/blog\/wp-json\/wp\/v2\/posts"}],"about":[{"href":"http:\/\/blogdalucianaoliveira.com.br\/blog\/wp-json\/wp\/v2\/types\/post"}],"author":[{"embeddable":true,"href":"http:\/\/blogdalucianaoliveira.com.br\/blog\/wp-json\/wp\/v2\/users\/1"}],"replies":[{"embeddable":true,"href":"http:\/\/blogdalucianaoliveira.com.br\/blog\/wp-json\/wp\/v2\/comments?post=22841"}],"version-history":[{"count":2,"href":"http:\/\/blogdalucianaoliveira.com.br\/blog\/wp-json\/wp\/v2\/posts\/22841\/revisions"}],"predecessor-version":[{"id":22843,"href":"http:\/\/blogdalucianaoliveira.com.br\/blog\/wp-json\/wp\/v2\/posts\/22841\/revisions\/22843"}],"wp:attachment":[{"href":"http:\/\/blogdalucianaoliveira.com.br\/blog\/wp-json\/wp\/v2\/media?parent=22841"}],"wp:term":[{"taxonomy":"category","embeddable":true,"href":"http:\/\/blogdalucianaoliveira.com.br\/blog\/wp-json\/wp\/v2\/categories?post=22841"},{"taxonomy":"post_tag","embeddable":true,"href":"http:\/\/blogdalucianaoliveira.com.br\/blog\/wp-json\/wp\/v2\/tags?post=22841"}],"curies":[{"name":"wp","href":"https:\/\/api.w.org\/{rel}","templated":true}]}}