{"id":22852,"date":"2019-07-23T10:06:31","date_gmt":"2019-07-23T14:06:31","guid":{"rendered":"http:\/\/blogdalucianaoliveira.com.br\/blog\/?p=22852"},"modified":"2019-07-23T10:06:31","modified_gmt":"2019-07-23T14:06:31","slug":"cientistas-questionam-guru-ambiental-de-bolsonaro-que-coloca-brasil-como-lider-em-preservacao","status":"publish","type":"post","link":"http:\/\/blogdalucianaoliveira.com.br\/blog\/2019\/07\/23\/cientistas-questionam-guru-ambiental-de-bolsonaro-que-coloca-brasil-como-lider-em-preservacao\/","title":{"rendered":"Cientistas questionam &#8216;guru ambiental de Bolsonaro&#8217; que coloca Brasil como l\u00edder em preserva\u00e7\u00e3o"},"content":{"rendered":"<p><img data-recalc-dims=\"1\" loading=\"lazy\" decoding=\"async\" data-attachment-id=\"22853\" data-permalink=\"http:\/\/blogdalucianaoliveira.com.br\/blog\/2019\/07\/23\/cientistas-questionam-guru-ambiental-de-bolsonaro-que-coloca-brasil-como-lider-em-preservacao\/te-2\/\" data-orig-file=\"https:\/\/i0.wp.com\/blogdalucianaoliveira.com.br\/blog\/wp-content\/uploads\/2019\/07\/te.jpg?fit=660%2C371\" data-orig-size=\"660,371\" data-comments-opened=\"0\" data-image-meta=\"{&quot;aperture&quot;:&quot;0&quot;,&quot;credit&quot;:&quot;&quot;,&quot;camera&quot;:&quot;&quot;,&quot;caption&quot;:&quot;&quot;,&quot;created_timestamp&quot;:&quot;0&quot;,&quot;copyright&quot;:&quot;&quot;,&quot;focal_length&quot;:&quot;0&quot;,&quot;iso&quot;:&quot;0&quot;,&quot;shutter_speed&quot;:&quot;0&quot;,&quot;title&quot;:&quot;&quot;,&quot;orientation&quot;:&quot;0&quot;}\" data-image-title=\"te\" data-image-description=\"\" data-image-caption=\"\" data-medium-file=\"https:\/\/i0.wp.com\/blogdalucianaoliveira.com.br\/blog\/wp-content\/uploads\/2019\/07\/te.jpg?fit=300%2C169\" data-large-file=\"https:\/\/i0.wp.com\/blogdalucianaoliveira.com.br\/blog\/wp-content\/uploads\/2019\/07\/te.jpg?fit=600%2C337\" class=\"alignnone size-full wp-image-22853\" src=\"https:\/\/i0.wp.com\/blogdalucianaoliveira.com.br\/blog\/wp-content\/uploads\/2019\/07\/te.jpg?resize=600%2C337\" alt=\"te\" width=\"600\" height=\"337\" srcset=\"https:\/\/i0.wp.com\/blogdalucianaoliveira.com.br\/blog\/wp-content\/uploads\/2019\/07\/te.jpg?w=660 660w, https:\/\/i0.wp.com\/blogdalucianaoliveira.com.br\/blog\/wp-content\/uploads\/2019\/07\/te.jpg?resize=300%2C169 300w, https:\/\/i0.wp.com\/blogdalucianaoliveira.com.br\/blog\/wp-content\/uploads\/2019\/07\/te.jpg?resize=534%2C300 534w\" sizes=\"auto, (max-width: 600px) 100vw, 600px\" \/><\/p>\n<p>Mariana Schreiber &#8211; @marischreiber<br \/>\nDa BBC News Brasil em Bras\u00edlia<\/p>\n<p>&#8220;Somos o pa\u00eds que mais preserva o meio ambiente&#8221;. A frase, dita por Jair Bolsonaro durante o F\u00f3rum Econ\u00f4mico Mundial, em janeiro, na Su\u00ed\u00e7a, \u00e9 repetida com frequ\u00eancia pelo presidente brasileiro quando fala sobre quest\u00f5es ambientais e constantemente ecoa nas vozes de seus ministros e filhos.<\/p>\n<p>Embora dados oficiais mostrem que o desmatamento na Amaz\u00f4nia tem crescido desde 2012 e se intensificou neste ano, o Pal\u00e1cio do Planalto questiona a veracidade dos n\u00fameros e insiste que o Brasil \u00e9 &#8220;exemplo de preserva\u00e7\u00e3o&#8221; e &#8220;tem muito a ensinar&#8221; a outros pa\u00edses.<!--more--><\/p>\n<p>A ideia de que o Brasil lidera na preserva\u00e7\u00e3o ambiental j\u00e1 foi defendida pelos ministros Ricardo Salles (Meio Ambiente), Onyx Lorenzoni (Casa Civil), Tereza Cristina (Agricultura) e Augusto Heleno (Gabinete de Seguran\u00e7a Institucional). O senador Fl\u00e1vio Bolsonaro, por sua vez, usou o argumento ao apresentar em abril um projeto de lei para acabar com a &#8220;reserva legal&#8221;, \u00e1rea que os produtores rurais s\u00e3o obrigados a preservar dentro de suas propriedades, segundo o C\u00f3digo Florestal.<\/p>\n<p>&#8220;N\u00e3o \u00e9 demais reafirmar que o Brasil \u00e9 o pa\u00eds que mais preserva sua vegeta\u00e7\u00e3o nativa e o produtor rural \u00e9 personagem central desta preserva\u00e7\u00e3o, ao bancar do pr\u00f3prio bolso a conserva\u00e7\u00e3o de um quarto do territ\u00f3rio nacional&#8221;, escreveu, na justifica da proposta.<\/p>\n<p>Essa linha de que o Brasil \u00e9 o pa\u00eds que mais preserva o meio ambientese baseia em n\u00fameros do agr\u00f4nomo Evaristo Eduardo de Miranda, chefe da Embrapa Territorial, uma das unidades da Empresa Brasileira de Pesquisa Agropecu\u00e1ria (Embrapa), estatal vinculada ao Minist\u00e9rio da Agricultura.<\/p>\n<p>Miranda, que est\u00e1 na empresa h\u00e1 quase quarenta anos,foi chamado, ap\u00f3s ter coordenado &#8211; durante a transi\u00e7\u00e3o de governo &#8211; um grupo de trabalho sobre pol\u00edtica ambiental<strong>,\u00a0<\/strong>de &#8220;guru ambiental de Bolsonaro&#8221; pelo diretor de reda\u00e7\u00e3o do programa\u00a0<i>Globo Rural<\/i>, Bruno Blecher.<\/p>\n<p>Sua tese do &#8220;Brasil l\u00edder em preserva\u00e7\u00e3o&#8221; foi sintetizada no ano passado no livro\u00a0<i>Tons de Verde<\/i>, editado com apoio de 15 institui\u00e7\u00f5es do agroneg\u00f3cio, segundo informa\u00e7\u00f5es da Frente Parlamentar da Agropecu\u00e1ria, que realizou pr\u00e9-lan\u00e7amento da publica\u00e7\u00e3o.<\/p>\n<figure class=\"media-landscape has-caption full-width\"><span class=\"image-and-copyright-container\"><img data-recalc-dims=\"1\" loading=\"lazy\" decoding=\"async\" class=\"responsive-image__img js-image-replace\" src=\"https:\/\/i0.wp.com\/ichef.bbci.co.uk\/news\/624\/cpsprodpb\/3E38\/production\/_107982951_46779072471_58f22153d8_z.jpg?resize=600%2C338&#038;ssl=1\" alt=\"Reuni\u00e3o de Evaristo Eduardo de Miranda, chefe da Embrapa Territorial, com Bolsonaro e o ent\u00e3o ministro-chefe da Secretaria de Governo da Presid\u00eancia da Rep\u00fablica, general Santos Cruz em janeiro de 2019.\" width=\"600\" height=\"338\" data-highest-encountered-width=\"624\" \/><span class=\"off-screen\">Direito de imagem<\/span><span class=\"story-image-copyright\">ALAN SANTOS\/PR<\/span><\/span><figcaption class=\"media-caption\"><span class=\"off-screen\">Image caption<\/span><span class=\"media-caption__text\">Evaristo Miranda (esq), que est\u00e1 na Embrapa h\u00e1 quase 40 anos, j\u00e1 foi chamado de &#8216;guru ambiental de Bolsonaro&#8217; pelo diretor de reda\u00e7\u00e3o do programa Globo Rural, Bruno Blecher<\/span><\/figcaption><\/figure>\n<p>Seus argumentos, por\u00e9m, s\u00e3o contestados por cientistas, ambientalistas e enfrentam cr\u00edticas tamb\u00e9m dentro da Embrapa. Um artigo publicado por autores brasileiros ano passado na revista Environmental Conservation, da universidade de Cambridge (Reino Unido), com o t\u00edtulo &#8220;Os dados confirmam que Brasil lidera o mundo em preserva\u00e7\u00e3o ambiental?&#8221;, chama os n\u00fameros de Miranda de &#8220;estat\u00edsticas criativas&#8221;, &#8220;influenciadas por uma narrativa ideol\u00f3gica que distorce a realidade ambiental brasileira&#8221;.<\/p>\n<h2 class=\"story-body__crosshead\">&#8216;D\u00e1 48 pa\u00edses da Europa&#8217;<\/h2>\n<p>Em seu livro, Miranda sustenta que \u00e1reas de mata nativa dentro de propriedades privadas somam 218 milh\u00f5es de hectares e representam 25% do territ\u00f3rio do Brasil, fazendo do produtor rural a categoria que mais preserva no pa\u00eds. Sua equipe da Embrapa estimou em R$ 3,1 trilh\u00f5es o capital imobilizado nessas \u00e1reas por n\u00e3o serem usadas para planta\u00e7\u00e3o ou cria\u00e7\u00e3o de gado &#8211; e em R$ 20 bilh\u00f5es o custo de sua preserva\u00e7\u00e3o.<\/p>\n<p>O c\u00e1lculo da \u00e1rea preservada foi feito a partir do que os pr\u00f3prios propriet\u00e1rios declararam ao realizar o Cadastro Ambiental Rural (CAR), exig\u00eancia do C\u00f3digo Florestal aprovada em 2012, que atualizou a legisla\u00e7\u00e3o ambiental de 1965. A nova lei prev\u00ea que o dono de terras \u00e9 obrigado a preservar parte da \u00e1rea de vegeta\u00e7\u00e3o nativa em sua propriedade, o que se chama de &#8220;reserva legal&#8221;. Na Amaz\u00f4nia, o percentual &#8220;reservado&#8221; \u00e9de 80% da propriedade, no cerrado \u00e9 de 35% e nos demais biomas 20%.<\/p>\n<p>O prazo para realizar o cadastro vencia em maio de 2015, mas vem sendo sucessivamente adiado, o que impede o avan\u00e7o da etapa seguinte, de fiscaliza\u00e7\u00e3o e regulariza\u00e7\u00e3o dos que desmataram mais do que podiam. Depois de os ex-presidentes Dilma Rousseff e Michel Temer terem prorrogado o per\u00edodo de cadastro, Bolsonaro editou uma medida provis\u00f3ria em junho extinguindo o prazo, deixando produtores livres para cumprir essa exig\u00eancia quando quiserem.<\/p>\n<figure class=\"media-landscape has-caption full-width\"><span class=\"image-and-copyright-container\"><img data-recalc-dims=\"1\" loading=\"lazy\" decoding=\"async\" class=\"responsive-image__img js-image-replace\" src=\"https:\/\/i0.wp.com\/ichef.bbci.co.uk\/news\/624\/cpsprodpb\/D316\/production\/_107983045_gettyimages-185208123.jpg?resize=600%2C338&#038;ssl=1\" alt=\"caminh\u00e3o com toras de madeira na Amaz\u00f4nia\" width=\"600\" height=\"338\" data-highest-encountered-width=\"624\" \/><span class=\"off-screen\">Direito de imagem<\/span><span class=\"story-image-copyright\">GETTY IMAGES<\/span><\/span><figcaption class=\"media-caption\"><span class=\"off-screen\">Image caption<\/span><span class=\"media-caption__text\">Chefe da Embrapa diz que Brasil \u00e9 l\u00edder em preserva\u00e7\u00e3o ambiental<\/span><\/figcaption><\/figure>\n<p>\u00c9 justamente essa obriga\u00e7\u00e3o, o cadastro de reserva legal, que Fl\u00e1vio Bolsonaro quer acabar, citando em sua proposta os n\u00fameros de Miranda.<\/p>\n<p>&#8220;O maior trabalho escravo da hist\u00f3ria do Brasil. Cinco milh\u00f5es de pessoas obrigadas, sem ganhar nada, a fazer esse trabalho, sob coa\u00e7\u00e3o, sob amea\u00e7a de perda de cr\u00e9dito&#8221;, criticou Miranda, colocando a obriga\u00e7\u00e3o dos produtores de registrar suas propriedades como um encargo pior que mais de tr\u00eas s\u00e9culos de trabalho for\u00e7ado impostos aos negros no Brasil.<\/p>\n<p>A fala pode ser vista em v\u00eddeo que j\u00e1 alcan\u00e7ou quase 300 mil visualiza\u00e7\u00f5es do YouTube, registro de sua palestra no VI F\u00f3rum de Agricultura da Am\u00e9rica do Sul, h\u00e1 um ano, em Curitiba.<\/p>\n<p>Ao somar os hectares que estariam preservados por produtores \u00e0s \u00e1reas protegidas nas unidades de conserva\u00e7\u00e3o, terras ind\u00edgenas e por\u00e7\u00f5es de terras p\u00fablicas devolutas ou de controle militar, sua equipe aponta que 66% do pa\u00eds \u00e9 ocupado por florestas ou outros tipos de vegeta\u00e7\u00e3o original, o que corresponde a 48 pa\u00edses da Europa.<\/p>\n<p>&#8220;\u00c9 um pa\u00eds que j\u00e1 resolveu todos os seus problemas de saneamento, de sa\u00fade, de infraestrutura&#8230; Como temos um fundo soberano que as na\u00e7\u00f5es invejam, a maior renda per capita do planeta, ah, vamos deixar tr\u00eas quartos (do pa\u00eds preservados) para ajudar o planeta. D\u00e1 48 pa\u00edses da Europa&#8221;, ironizou.<\/p>\n<p>Ao dizer que o Brasil \u00e9 l\u00edder em preserva\u00e7\u00e3o, Miranda usa ainda um banco de dados gerenciado pela ONU, o World Database on Protected Areas, que compila \u00e1reas legalmente protegidas, para comparar o desempenho dos dez maiores pa\u00edses em extens\u00e3o territorial.<\/p>\n<figure class=\"media-landscape has-caption full-width\"><span class=\"image-and-copyright-container\"><img data-recalc-dims=\"1\" loading=\"lazy\" decoding=\"async\" class=\"responsive-image__img js-image-replace\" src=\"https:\/\/i0.wp.com\/ichef.bbci.co.uk\/news\/624\/cpsprodpb\/0C42\/production\/_107983130_tv055188224.jpg?resize=600%2C338&#038;ssl=1\" alt=\"Foto de 12 de janeiro de 2013, uma on\u00e7a-pintada em cativeiro bebe \u00e1gua em um recinto na Fazenda Petro Velho, um ref\u00fagio da organiza\u00e7\u00e3o n\u00e3o-governamental NEX em Corumb\u00e1 de Goi\u00e1s, a cerca de 80 km de Bras\u00edlia.\" width=\"600\" height=\"338\" data-highest-encountered-width=\"624\" \/><span class=\"off-screen\">Direito de imagem<\/span><span class=\"story-image-copyright\">AFP\/GETTY<\/span><\/span><figcaption class=\"media-caption\"><span class=\"off-screen\">Image caption<\/span><span class=\"media-caption__text\">Cr\u00edticos de Miranda dizem que chefe da Embrapa usa estat\u00edsticas de forma controversa<\/span><\/figcaption><\/figure>\n<p>Nessa compara\u00e7\u00e3o, o Brasil aparece no topo do ranking, com 29% de territ\u00f3rio protegido, considerando unidades de conserva\u00e7\u00e3o e terras ind\u00edgenas. A m\u00e9dia dos outros nove (Austr\u00e1lia, China, Estados Unidos, R\u00fassia, Canad\u00e1, Argentina, Arg\u00e9lia, \u00cdndia e Cazaquist\u00e3o) fica em 10%.<\/p>\n<p>Quando considerados todos os pa\u00edses do mundo, no entanto, o Brasil aparece acima da m\u00e9dia mundial, mas atr\u00e1s de mais de vinte na\u00e7\u00f5es, como Alemanha (38%), Gr\u00e9cia (35%), Nova Zel\u00e2ndia (32%), Venezuela (54%), Bol\u00edvia (30%) e Congo (41%).<\/p>\n<h2 class=\"story-body__crosshead\">Desmatamento acelerado nas propriedades rurais<\/h2>\n<p>Um dos cr\u00edticos do chefe da Embrapa Territorial \u00e9 o o professor da Universidade Federal de Minas Gerais (UFMG) Raoni Raj\u00e3o, que tem artigos sobre preserva\u00e7\u00e3o ambiental publicados com colegas nas principais revistas cient\u00edficas mundiais, como a americana Science e a brit\u00e2nica Nature Climate Change.<\/p>\n<p>Ele tamb\u00e9m calcula que a cobertura de vegeta\u00e7\u00e3o nativa no Brasil supere 60%, como aponta Miranda. Por\u00e9m, na sua vis\u00e3o, esse \u00edndice isoladamente n\u00e3o atesta que o Brasil seja l\u00edder em preserva\u00e7\u00e3o.<\/p>\n<p>&#8220;Esse n\u00famero n\u00e3o \u00e9 alvo de controv\u00e9rsia. O uso que \u00e9 feito dele \u00e9 que \u00e9 controverso. A foto pode ser boa, mas o filme \u00e9 muito ruim. O pa\u00eds est\u00e1 perdendo rapidamente sua riqueza (florestal)&#8221;, critica Raj\u00e3o.<\/p>\n<p>&#8220;O que faz o Brasil ter 60% de floresta, e n\u00e3o 30% ou 40%, \u00e9 que a entrada (mais intensificada) na Amaz\u00f4nia foi a partir da d\u00e9cada de 70. Se for ver o percentual de floresta que tem em S\u00e3o Paulo, Santa Catarina, Paran\u00e1, vai ver que \u00edndice \u00e9 menor que na Fran\u00e7a, na Alemanha&#8221;, ressalta.<\/p>\n<figure class=\"media-landscape has-caption full-width\"><span class=\"image-and-copyright-container\"><img data-recalc-dims=\"1\" loading=\"lazy\" decoding=\"async\" class=\"responsive-image__img js-image-replace\" src=\"https:\/\/i0.wp.com\/ichef.bbci.co.uk\/news\/624\/cpsprodpb\/10188\/production\/_107982956_tv007906714.jpg?resize=600%2C338&#038;ssl=1\" alt=\"Fogo numa fazenda de gado em S\u00e3o Felix Do Xingu, Par\u00e1, em 2008\" width=\"600\" height=\"338\" data-highest-encountered-width=\"624\" \/><span class=\"off-screen\">Direito de imagem<\/span><span class=\"story-image-copyright\">GREENPEACE<\/span><\/span><figcaption class=\"media-caption\"><span class=\"off-screen\">Image caption<\/span><span class=\"media-caption__text\">&#8216;O pa\u00eds est\u00e1 perdendo rapidamente sua riqueza (florestal)&#8217;, diz o pesquisador da UFMG Raoni Raj\u00e3o<\/span><\/figcaption><\/figure>\n<p>Dados do MapBiomas &#8211; projeto de mapeamento do uso do solo brasileiro desenvolvido por universidades, ONGS e empresas de tecnologia &#8211; apontam que as propriedades privadas possuem, em m\u00e9dia, metade de sua extens\u00e3o preservada, resultado tamb\u00e9m similar ao de Miranda. Isso corresponde a um ter\u00e7o das florestas brasileiras, enquanto outro ter\u00e7o est\u00e3o em terras ind\u00edgenas e unidades de conserva\u00e7\u00e3o, e o ter\u00e7o restante principalmente em \u00e1reas p\u00fablicas n\u00e3o demarcadas para preserva\u00e7\u00e3o.<\/p>\n<p>No entanto, um levantamento da varia\u00e7\u00e3o ao longo do tempo pelo MapBiomas revela que 20% da floresta que existia em propriedades privadas foi desmatada ou degradada entre 1985 e 2017. No mesmo per\u00edodo, a perda de mata nativa em unidades de conserva\u00e7\u00e3o e terras ind\u00edgenas foi inferior a 1%, enquanto nas demais \u00e1reas p\u00fablicas ficou abaixo de 5%.<\/p>\n<p>J\u00e1 uma pesquisa desenvolvida pelo promotor de justi\u00e7a Marcelo Vacchiano, na Universidade Federal do Mato Grosso, constatou que, de 75 grandes propriedades na regi\u00e3o de Rondon\u00f3polis (MT), 49 declararam ter \u00e1rea preservada maior do que o observado nas imagens de sat\u00e9lites.<\/p>\n<p>Ele \u00e9 um dos autores do artigo na Environmental Conservation que contesta diretamente o uso de informa\u00e7\u00f5es autodeclarat\u00f3rias do CAR por Miranda para sustentar que os produtores rurais s\u00e3o os que mais preservam no Brasil, classificando seus n\u00fameros de &#8220;estat\u00edsticas criativas&#8221;.<\/p>\n<figure class=\"media-landscape has-caption full-width\"><span class=\"image-and-copyright-container\"><img data-recalc-dims=\"1\" loading=\"lazy\" decoding=\"async\" class=\"responsive-image__img js-image-replace\" src=\"https:\/\/i0.wp.com\/ichef.bbci.co.uk\/news\/624\/cpsprodpb\/14846\/production\/_107983048_26653860217_032d5162df_o.jpg?resize=600%2C338&#038;ssl=1\" alt=\"Chefe-geral da Empresa Brasileira de Pesquisa Agropecu\u00e1ria (Embrapa Territorial), Evaristo Eduardo de Miranda na Comiss\u00e3o de Agricultura e Reforma Agr\u00e1ria (CRA) do Senado realiza audi\u00eancia interativa para discutir Plano de Macrolog\u00edstica do Agro.\" width=\"600\" height=\"338\" data-highest-encountered-width=\"624\" \/><span class=\"off-screen\">Direito de imagem<\/span><span class=\"story-image-copyright\">MARCOS OLIVEIRA\/AG\u00caNCIA SENADO<\/span><\/span><figcaption class=\"media-caption\"><span class=\"off-screen\">Image caption<\/span><span class=\"media-caption__text\">Evaristo de Miranda: &#8216;A Embrapa tem sido notabilizada por ser uma institui\u00e7\u00e3o muito s\u00e9ria, com trabalho t\u00e9cnico de excel\u00eancia&#8217;<\/span><\/figcaption><\/figure>\n<p>Outra cr\u00edtica \u00e0 argumenta\u00e7\u00e3o de Miranda \u00e9 que ele contrap\u00f5e as \u00e1reas preservadas \u00e0 riqueza econ\u00f4mica gerada pelo agroneg\u00f3cio, como se n\u00e3o houvesse atividades econ\u00f4micas em florestas. Entre os tipos de unidades de conserva\u00e7\u00e3o, por exemplo, existem as Reservas Extrativistas e as Florestas Nacionais (Flonas), onde \u00e9 permitido concess\u00e3o para minera\u00e7\u00e3o e extra\u00e7\u00e3o de madeira, de forma sustent\u00e1vel. A maior mina de ferro do mundo, operada pela Vale, fica na Flona de Caraj\u00e1s, no Par\u00e1.<\/p>\n<p>&#8220;O Evaristo faz m\u00e1gica com os n\u00fameros, de m\u00e1-f\u00e9&#8221;, critica a especialista em biodiversidade Nurit Bensusan, do Instituto Socioambiental (ISA).<\/p>\n<p>&#8220;N\u00e3o \u00e9 verdade que preservamos demais, mas se fosse, seria bom. A biodiversidade \u00e9 fronteira (econ\u00f4mica) a ser explorada, mas n\u00e3o estamos investindo nisso&#8221;, acrescenta.<\/p>\n<h2 class=\"story-body__crosshead\">&#8216;Embrapa \u00e9 s\u00e9ria&#8217;<\/h2>\n<p>A BBC News Brasil procurou Evaristo de Miranda no in\u00edcio de julho para que pudesse responder as cr\u00edticas, mas ele n\u00e3o quis falar.<\/p>\n<p>Desde a semana passada, um entusiasta de suas teses, o engenheiro agr\u00f4nomo Celso Moretti, assumiu o comando interino da Embrapa. Antes, Moretti estava como diretor-executivo de Pesquisa e Desenvolvimento da estatal. O futuro presidente do \u00f3rg\u00e3o ainda ser\u00e1 escolhido pela ministra Tereza Cristina.<\/p>\n<p>Para o presidente da Comiss\u00e3o de Meio Ambiente da Confedera\u00e7\u00e3o da Agricultura e Pecu\u00e1ria do Brasil (CNA), Muni Louren\u00e7o, n\u00e3o h\u00e1 porque desconfiar dos n\u00fameros da Embrapa Territorial. A institui\u00e7\u00e3o premiou Miranda por seu livro no ano passado.<\/p>\n<figure class=\"media-landscape has-caption full-width\"><span class=\"image-and-copyright-container\"><img data-recalc-dims=\"1\" loading=\"lazy\" decoding=\"async\" class=\"responsive-image__img js-image-replace\" src=\"https:\/\/i0.wp.com\/ichef.bbci.co.uk\/news\/624\/cpsprodpb\/36D6\/production\/_107983041_tv017531205.jpg?resize=600%2C338&#038;ssl=1\" alt=\"Floresta Amaz\u00f4nica em 2012\" width=\"600\" height=\"338\" data-highest-encountered-width=\"624\" \/><span class=\"off-screen\">Direito de imagem<\/span><span class=\"story-image-copyright\">GETTY IMAGES<\/span><\/span><figcaption class=\"media-caption\"><span class=\"off-screen\">Image caption<\/span><span class=\"media-caption__text\">O desmatamento na Amaz\u00f4nia Legal, que engloba a regi\u00e3o Norte mais parte do Maranh\u00e3o e Mato Grosso, caiu de 27,8 mil km\u00b2 em 2004 para 4,6 mil km\u00b2 em 2012, menor resultado hist\u00f3rico<\/span><\/figcaption><\/figure>\n<p>&#8220;A Embrapa tem sido notabilizada por ser uma institui\u00e7\u00e3o muito s\u00e9ria, com trabalho t\u00e9cnico de excel\u00eancia&#8221;, defendeu.<\/p>\n<p>&#8220;O setor est\u00e1 permanentemente buscando mecanismos, tecnologias, que possam cada vez mais dar uma condi\u00e7\u00e3o de aumento de produ\u00e7\u00e3o e sustentabilidade ambiental. Somos l\u00edderes em v\u00e1rias tecnologias de baixa emiss\u00e3o de carbono, como plantio direto, fixa\u00e7\u00e3o de nitrog\u00eanio no solo, e a integra\u00e7\u00e3o lavoura, pecu\u00e1ria e floresta&#8221;, disse tamb\u00e9m.<\/p>\n<p>Questionado pela BBC News Brasil, Louren\u00e7o n\u00e3o quis externar a posi\u00e7\u00e3o da CNA sobre os constantes adiamentos da completa implementa\u00e7\u00e3o do CAR no pa\u00eds.<\/p>\n<p>Dentro da Embrapa, por\u00e9m, h\u00e1 pesquisadores que preferem se distanciar de Miranda.<\/p>\n<p>&#8220;Existe uma Embrapa muito s\u00e9ria e existe um grupo dentro da Embrapa que n\u00e3o \u00e9 respeitado nem dentro da Embrapa&#8221;, criticou o engenheiro agr\u00f4nomo Eduardo Assad, pesquisador da estatal desde 1987 e professor da FGV, durante um semin\u00e1rio do MapBiomas, no ano passado.<\/p>\n<p>&#8220;(A Embrapa Territorial) Est\u00e1 a servi\u00e7o do que tem de pior na pol\u00edtica ambiental e rural brasileira&#8221;, disse tamb\u00e9m, atribuindo o espa\u00e7o de Miranda no \u00f3rg\u00e3o desde os anos 80 a &#8220;apoio pol\u00edtico&#8221;.<\/p>\n<p>Assad e mais de cem outros pesquisadores da Embrapa assinaram em maio uma nota t\u00e9cnica contra o projeto de lei de Fl\u00e1vio Bolsonaro que tenta acabar com a reserva legal nas propriedades rurais.<\/p>\n<h2 class=\"story-body__crosshead\">Desmatamento no Brasil x reflorestamento em pa\u00edses desenvolvidos<\/h2>\n<p>O desmatamento na Amaz\u00f4nia Legal, que engloba a regi\u00e3o Norte mais parte do Maranh\u00e3o e Mato Grosso, caiu de 27,8 mil km\u00b2 em 2004 para o menor resultado hist\u00f3rico em 2012 (4,6 mil km\u00b2), queda que \u00e9 atribu\u00edda ao aumento da fiscaliza\u00e7\u00e3o e repress\u00e3o, possibilitado pela melhora do monitoramento por sat\u00e9lites. A redu\u00e7\u00e3o n\u00e3o freou a agropecu\u00e1ria &#8211; o PIB (gera\u00e7\u00e3o de riqueza) do setor cresceu 80% no per\u00edodo, segundo o IBGE.<\/p>\n<p>Desde ent\u00e3o, por\u00e9m, os dados medidos pelo Instituto Nacional de Pesquisas Espaciais (Inpe) mostram crescimento quase cont\u00ednuo do corte de floresta. Os dados para o \u00faltimo ano (per\u00edodo que engloba de agosto de 2017 a julho de 2018) s\u00e3o de 7,9 mil quil\u00f4metros quadrados de perda de mata nativa na regi\u00e3o, aumento de 15% ante os doze meses anteriores.<\/p>\n<p>J\u00e1 os n\u00fameros preliminares de 2019 t\u00eam indicado piora da situa\u00e7\u00e3o: o sistema do Inpe aponta que o desmatamento na Amaz\u00f4nia Legal brasileira atingiu 920,4 km\u00b2 no m\u00eas passado, um aumento de 88% na compara\u00e7\u00e3o com junho de 2018. Para ambientalistas, a forte alta reflete o enfraquecimento das pol\u00edticas de preserva\u00e7\u00e3o.<\/p>\n<figure class=\"media-landscape has-caption full-width\"><span class=\"image-and-copyright-container\"><img data-recalc-dims=\"1\" loading=\"lazy\" decoding=\"async\" class=\"responsive-image__img js-image-replace\" src=\"https:\/\/i0.wp.com\/ichef.bbci.co.uk\/news\/624\/cpsprodpb\/84F6\/production\/_107983043_gettyimages-115949132.jpg?resize=600%2C338&#038;ssl=1\" alt=\"desmatamento na Amazonia\" width=\"600\" height=\"338\" data-highest-encountered-width=\"624\" \/><span class=\"off-screen\">Direito de imagem<\/span><span class=\"story-image-copyright\">GETTY IMAGES<\/span><\/span><figcaption class=\"media-caption\"><span class=\"off-screen\">Image caption<\/span><span class=\"media-caption__text\">Dados oficiais mostram que o desmatamento na Amaz\u00f4nia \u00e9 crescente desde 2012<\/span><\/figcaption><\/figure>\n<p>Na \u00faltima sexta-feira, Bolsonaro disse que h\u00e1 uma &#8220;psicose ambiental&#8221; em rela\u00e7\u00e3o ao Brasil, tachou os n\u00fameros do Inpe de &#8220;mentirosos&#8221; e insinuou que o \u00f3rg\u00e3o estaria &#8220;a servi\u00e7o de alguma ONG&#8221;. Depois, mudou um pouco o tom sobre a veracidade dos n\u00fameros, mas criticou a forma como s\u00e3o divulgados. &#8220;Um dado desse a\u00ed, da maneira de divulgar, prejudica a gente&#8221;, criticou no s\u00e1bado.<\/p>\n<p>&#8220;O Brasil n\u00e3o \u00e9 exemplo (de preserva\u00e7\u00e3o) para ningu\u00e9m e n\u00e3o deve ser comparado com pa\u00edses de desenvolvimento antigo. \u00c9 \u00f3bvio que (pa\u00edses ricos) desmataram mais, porque a biodiversidade n\u00e3o tinha a import\u00e2ncia que tem hoje, mas o esfor\u00e7o que fazem de recupera\u00e7\u00e3o \u00e9 enorme&#8221;, afirma a ambientalista Maria Tereza P\u00e1dua, conhecida como a &#8220;m\u00e3e dos parques nacionais do Brasil&#8221; por seu esfor\u00e7o em implementar reservas ambientais quando dirigiu o Instituto Brasileiro de Desenvolvimento Florestal, nos anos 70 e 80.<\/p>\n<p>Segundo a Organiza\u00e7\u00e3o das Na\u00e7\u00f5es Unidas para a Alimenta\u00e7\u00e3o e a Agricultura (FAO), a \u00e1rea da Uni\u00e3o Europeia coberta por florestas subiu de 35% para 38% de 1990 a 2016. No mesmo per\u00edodo, o \u00edndice passou de 33% para 34% nos Estados Unidos, enquanto na China aumentou de 16,7% para 22,3%. J\u00e1 no Brasil, houve queda de 65,4% para 59% no mesmo intervalo.<\/p>\n<h2 class=\"story-body__crosshead\">&#8216;Precisamos da nossa floresta para produzir&#8217;<\/h2>\n<p>Na palestra cujo v\u00eddeo viralizou, Evaristo Miranda cita um documento financiado por produtores rurais americanos &#8211; &#8220;Farms Here, Forests There&#8221; (Fazendas Aqui, Florestas l\u00e1) &#8211; para demonstrar que a conserva\u00e7\u00e3o no Brasil favorece os Estados Unidos. A publica\u00e7\u00e3o defende o combate ao desmatamento em pa\u00edses como o Brasil, para limitar a expans\u00e3o da nossa agropecu\u00e1ria e reduzir a competi\u00e7\u00e3o enfrentada pelo agroneg\u00f3cio americano no mercado global.<\/p>\n<p>Para o engenheiro agr\u00f4nomo Andr\u00e9 Guimar\u00e3es, um dos representantes da Coaliz\u00e3o Brasil Clima, Florestas e Agricultura, parte dos produtores rurais j\u00e1 entendeu que, na verdade, \u00e9 o desmatamento que amea\u00e7a sua atividade. A coaliz\u00e3o re\u00fane dezenas de associa\u00e7\u00f5es do agroneg\u00f3cio e organiza\u00e7\u00f5es ambientais.<\/p>\n<p>&#8220;Nossa agricultura \u00e9 fortemente dependente de chuvas, mais de 90% n\u00e3o \u00e9 irrig\u00e1vel. A floresta \u00e9 o que mais se assemelha a uma f\u00e1brica de \u00e1gua. Se subtrair vegeta\u00e7\u00e3o nativa, tem menos evapotranspira\u00e7\u00e3o, ou seja, as plantas jogam menos umidade para a atmosfera e h\u00e1 menos chuva. Isso j\u00e1 est\u00e1 acontecendo em algumas regi\u00f5es do cerrado e da Amaz\u00f4nia&#8221;, alerta.<\/p>\n<p>&#8220;Compara\u00e7\u00e3o com outros pa\u00edses \u00e9 in\u00f3cua. N\u00f3s precisamos da nossa floresta para produzir&#8221;, resume.<\/p>\n<figure class=\"media-landscape no-caption body-width\"><span class=\"image-and-copyright-container\"><img data-recalc-dims=\"1\" loading=\"lazy\" decoding=\"async\" class=\"responsive-image__img js-image-replace\" src=\"https:\/\/i0.wp.com\/ichef.bbci.co.uk\/news\/624\/cpsprodpb\/1683C\/production\/_104602229_line976.jpg?resize=464%2C2&#038;ssl=1\" alt=\"L\u00ednea\" width=\"464\" height=\"2\" data-highest-encountered-width=\"624\" \/><\/span><\/figure>\n","protected":false},"excerpt":{"rendered":"<p>Mariana Schreiber &#8211; @marischreiber Da BBC News Brasil em Bras\u00edlia &#8220;Somos o pa\u00eds que mais preserva o meio ambiente&#8221;. A frase, dita por Jair Bolsonaro durante o F\u00f3rum Econ\u00f4mico Mundial, em janeiro, na Su\u00ed\u00e7a, \u00e9 repetida com frequ\u00eancia pelo presidente brasileiro quando fala sobre quest\u00f5es ambientais e constantemente ecoa nas vozes de seus ministros e&#8230;<a class=\"more-link\" href=\"http:\/\/blogdalucianaoliveira.com.br\/blog\/2019\/07\/23\/cientistas-questionam-guru-ambiental-de-bolsonaro-que-coloca-brasil-como-lider-em-preservacao\/\">Continue a leitura <span class=\"meta-nav\">&raquo;<\/span><\/a><\/p>\n","protected":false},"author":1,"featured_media":0,"comment_status":"closed","ping_status":"open","sticky":false,"template":"","format":"standard","meta":{"_exactmetrics_skip_tracking":false,"_exactmetrics_sitenote_active":false,"_exactmetrics_sitenote_note":"","_exactmetrics_sitenote_category":0,"jetpack_post_was_ever_published":false,"_jetpack_newsletter_access":"","_jetpack_dont_email_post_to_subs":false,"_jetpack_newsletter_tier_id":0,"_jetpack_memberships_contains_paywalled_content":false,"_jetpack_memberships_contains_paid_content":false,"footnotes":"","jetpack_publicize_message":"","jetpack_publicize_feature_enabled":true,"jetpack_social_post_already_shared":true,"jetpack_social_options":{"image_generator_settings":{"template":"highway","enabled":false},"version":2}},"categories":[1],"tags":[],"class_list":["post-22852","post","type-post","status-publish","format-standard","hentry","category-notas"],"jetpack_publicize_connections":[],"jetpack_sharing_enabled":true,"jetpack_featured_media_url":"","jetpack_shortlink":"https:\/\/wp.me\/p7wKYW-5WA","jetpack-related-posts":[],"_links":{"self":[{"href":"http:\/\/blogdalucianaoliveira.com.br\/blog\/wp-json\/wp\/v2\/posts\/22852","targetHints":{"allow":["GET"]}}],"collection":[{"href":"http:\/\/blogdalucianaoliveira.com.br\/blog\/wp-json\/wp\/v2\/posts"}],"about":[{"href":"http:\/\/blogdalucianaoliveira.com.br\/blog\/wp-json\/wp\/v2\/types\/post"}],"author":[{"embeddable":true,"href":"http:\/\/blogdalucianaoliveira.com.br\/blog\/wp-json\/wp\/v2\/users\/1"}],"replies":[{"embeddable":true,"href":"http:\/\/blogdalucianaoliveira.com.br\/blog\/wp-json\/wp\/v2\/comments?post=22852"}],"version-history":[{"count":1,"href":"http:\/\/blogdalucianaoliveira.com.br\/blog\/wp-json\/wp\/v2\/posts\/22852\/revisions"}],"predecessor-version":[{"id":22854,"href":"http:\/\/blogdalucianaoliveira.com.br\/blog\/wp-json\/wp\/v2\/posts\/22852\/revisions\/22854"}],"wp:attachment":[{"href":"http:\/\/blogdalucianaoliveira.com.br\/blog\/wp-json\/wp\/v2\/media?parent=22852"}],"wp:term":[{"taxonomy":"category","embeddable":true,"href":"http:\/\/blogdalucianaoliveira.com.br\/blog\/wp-json\/wp\/v2\/categories?post=22852"},{"taxonomy":"post_tag","embeddable":true,"href":"http:\/\/blogdalucianaoliveira.com.br\/blog\/wp-json\/wp\/v2\/tags?post=22852"}],"curies":[{"name":"wp","href":"https:\/\/api.w.org\/{rel}","templated":true}]}}