{"id":22855,"date":"2019-07-23T10:15:36","date_gmt":"2019-07-23T14:15:36","guid":{"rendered":"http:\/\/blogdalucianaoliveira.com.br\/blog\/?p=22855"},"modified":"2019-07-23T10:15:36","modified_gmt":"2019-07-23T14:15:36","slug":"defender-o-inpe-e-defender-a-ciencia-brasileira-diz-fisico-apos-ataques-de-bolsonaro","status":"publish","type":"post","link":"http:\/\/blogdalucianaoliveira.com.br\/blog\/2019\/07\/23\/defender-o-inpe-e-defender-a-ciencia-brasileira-diz-fisico-apos-ataques-de-bolsonaro\/","title":{"rendered":"Defender o Inpe \u00e9 defender a ci\u00eancia brasileira, diz f\u00edsico ap\u00f3s ataques de Bolsonaro"},"content":{"rendered":"<figure id=\"attachment_22856\" aria-describedby=\"caption-attachment-22856\" style=\"width: 640px\" class=\"wp-caption alignnone\"><img data-recalc-dims=\"1\" loading=\"lazy\" decoding=\"async\" data-attachment-id=\"22856\" data-permalink=\"http:\/\/blogdalucianaoliveira.com.br\/blog\/2019\/07\/23\/defender-o-inpe-e-defender-a-ciencia-brasileira-diz-fisico-apos-ataques-de-bolsonaro\/des-4\/\" data-orig-file=\"https:\/\/i0.wp.com\/blogdalucianaoliveira.com.br\/blog\/wp-content\/uploads\/2019\/07\/des.jpg?fit=640%2C428\" data-orig-size=\"640,428\" data-comments-opened=\"0\" data-image-meta=\"{&quot;aperture&quot;:&quot;0&quot;,&quot;credit&quot;:&quot;\\u00a9 Daniel Beltra&quot;,&quot;camera&quot;:&quot;NIKON D800E&quot;,&quot;caption&quot;:&quot;September 19, 2013.rBrazil. Aerials from Macap\\u00e1 to Santarem, checking several logging areas.rPhoto by Daniel Beltra for Greenpeace&quot;,&quot;created_timestamp&quot;:&quot;1379600539&quot;,&quot;copyright&quot;:&quot;\\u00a9 Daniel Beltra&quot;,&quot;focal_length&quot;:&quot;90&quot;,&quot;iso&quot;:&quot;800&quot;,&quot;shutter_speed&quot;:&quot;0.000625&quot;,&quot;title&quot;:&quot;&quot;,&quot;orientation&quot;:&quot;0&quot;}\" data-image-title=\"des\" data-image-description=\"\" data-image-caption=\"&lt;p&gt;September 19, 2013.rBrazil. Aerials from Macap\u00e1 to Santarem, checking several logging areas.rPhoto by Daniel Beltra for Greenpeace&lt;\/p&gt;\n\" data-medium-file=\"https:\/\/i0.wp.com\/blogdalucianaoliveira.com.br\/blog\/wp-content\/uploads\/2019\/07\/des.jpg?fit=300%2C201\" data-large-file=\"https:\/\/i0.wp.com\/blogdalucianaoliveira.com.br\/blog\/wp-content\/uploads\/2019\/07\/des.jpg?fit=600%2C401\" class=\"size-full wp-image-22856\" src=\"https:\/\/i0.wp.com\/blogdalucianaoliveira.com.br\/blog\/wp-content\/uploads\/2019\/07\/des.jpg?resize=600%2C401\" alt=\"September 19, 2013.rBrazil. Aerials from Macap\u00e1 to Santarem, checking several logging areas.rPhoto by Daniel Beltra for Greenpeace\" width=\"600\" height=\"401\" srcset=\"https:\/\/i0.wp.com\/blogdalucianaoliveira.com.br\/blog\/wp-content\/uploads\/2019\/07\/des.jpg?w=640 640w, https:\/\/i0.wp.com\/blogdalucianaoliveira.com.br\/blog\/wp-content\/uploads\/2019\/07\/des.jpg?resize=300%2C201 300w, https:\/\/i0.wp.com\/blogdalucianaoliveira.com.br\/blog\/wp-content\/uploads\/2019\/07\/des.jpg?resize=449%2C300 449w\" sizes=\"auto, (max-width: 600px) 100vw, 600px\" \/><figcaption id=\"caption-attachment-22856\" class=\"wp-caption-text\">September 19, 2013.rBrazil. Aerials from Macap\u00e1 to Santarem, checking several logging areas.rPhoto by Daniel Beltra for Greenpeace<\/figcaption><\/figure>\n<h2 class=\"description\">Comunidade cient\u00edfica enaltece trabalho de pesquisadores do instituto, que exp\u00f4s dados sobre avan\u00e7o do desmatamento<\/h2>\n<p><!--more--><\/p>\n<div class=\"details-bar\">\n<div class=\"author-time\">\n<div class=\"author\">Cristiane Sampaio<\/div>\n<div class=\"place-and-time\">\n<div class=\"place\">\n<p>Brasil de Fato<\/p>\n<\/div>\n<p>Presidente da Associa\u00e7\u00e3o Brasileira de Ci\u00eancias (ABC) e professor do Instituto de F\u00edsica da Universidade Federal do Rio de Janeiro,\u00a0Luiz Davidovich reagiu\u00a0\u00e0 declara\u00e7\u00e3o do presidente Jair Bolsonaro (PSL) sobre os\u00a0<a href=\"https:\/\/www.brasildefato.com.br\/2019\/07\/02\/desmatamento-na-amazonia-em-junho-equivale-a-100-mil-campos-de-futebol\/\">dados do Instituto Nacional de Pesquisas Espaciais (Inpe) que mostram avan\u00e7o do desmatamento no pa\u00eds<\/a>\u00a0e disse confiar nos n\u00fameros apresentados pela institui\u00e7\u00e3o.<\/p>\n<p>O \u00faltimo monitoramento do \u00f3rg\u00e3o mostra que a Amaz\u00f4nia\u00a0perdeu 762,3 km\u00b2 no m\u00eas de junho, o que representa um aumento de 60% sobre o mesmo per\u00edodo de 2018.\u00a0Na \u00faltima sexta-feira (19), o capit\u00e3o reformado disse a ve\u00edculos de imprensa que as estat\u00edsticas do Inpe n\u00e3o estariam de acordo com a realidade nacional, al\u00e9m de &#8220;dificultar as negocia\u00e7\u00f5es&#8221; no exterior.<\/p>\n<p>Em entrevista ao\u00a0<strong>Brasil de Fato<\/strong>,\u00a0Davidovich\u00a0ressalta\u00a0que o trabalho do instituto \u00e9 considerado \u201cultramoderno\u201d e que os dados produzidos pela institui\u00e7\u00e3o s\u00e3o disponibilizados para todo o mundo por meio de t\u00e9cnicas de transpar\u00eancia. \u201cEu acredito que todos os brasileiros, do pe\u00e3o da f\u00e1brica ao presidente da Rep\u00fablica, deveriam se orgulhar do trabalho feito pelo Inpe, que esclarece a situa\u00e7\u00e3o dos biomas nacionais. Defender o Inpe \u00e9 defender a ci\u00eancia brasileira, \u00e9 defender o Brasil\u201d, sustenta.<\/p>\n<p>Na semana passada, Bolsonaro chegou a afirmar que o diretor\u00a0do Inpe, Ricardo Galv\u00e3o, seria \u201cchamado para se explicar\u201d e sugeriu que o pesquisador, que \u00e9 f\u00edsico e engenheiro, poderia estar agindo \u201ca servi\u00e7o de alguma ONG\u201d. O presidente da ABC, por outro lado, ressalta\u00a0a credibilidade do material produzido pelo instituto e afirma que a preserva\u00e7\u00e3o da Amaz\u00f4nia \u00e9 central para o desenvolvimento do Brasil.<\/p>\n<p>\u201cIsso precisa ser esclarecido. A realidade que os dados mostram \u00e9 fiel, mostram o tr\u00e1gico desmatamento da Amaz\u00f4nia, que est\u00e1 prejudicando uma grande riqueza do Brasil. A Amaz\u00f4nia \u00e9 importante n\u00e3o s\u00f3 por conta do clima, mas tamb\u00e9m por conta da biodiversidade que cont\u00e9m\u201d, afirma Davidovich.<\/p>\n<p class=\"ckeditor-subtitle\">Outras rea\u00e7\u00f5es<\/p>\n<p>Em nota publicada no domingo (21), a Sociedade Brasileira para o Progresso da Ci\u00eancia (SBPC), principal organiza\u00e7\u00e3o do meio cient\u00edfico no pa\u00eds, classificou as cr\u00edticas de Bolsonaro\u00a0como \u201cofensivas, inaceit\u00e1veis e lesivas ao conhecimento cient\u00edfico\u201d. A entidade tamb\u00e9m ressaltou que o Inpe tem uma atua\u00e7\u00e3o de cerca de 60 anos e \u201creconhecimento no pa\u00eds e no exterior\u201d.<\/p>\n<p>\u201cA ci\u00eancia produzida pelo Inpe est\u00e1 entre as melhores do mundo em suas \u00e1reas de atua\u00e7\u00e3o, gra\u00e7as a uma equipe de cientistas e t\u00e9cnicos de excelente qualifica\u00e7\u00e3o, e presta inestim\u00e1veis servi\u00e7os ao Pa\u00eds. O diretor do Inpe, Dr. Ricardo Galv\u00e3o, \u00e9 um cientista reconhecido internacionalmente, que h\u00e1 d\u00e9cadas contribui para a ci\u00eancia, a tecnologia e a inova\u00e7\u00e3o do Brasil\u201d, complementa o texto.<\/p>\n<p>A nota sublinha que a entidade tem \u201cconfian\u00e7a na qualidade do monitoramento da Amaz\u00f4nia\u201d feito\u00a0pelo instituto e que eventuais contrapontos a esse conte\u00fado precisariam ter base cient\u00edfica.<\/p>\n<p>\u201cEm ci\u00eancia, os dados podem ser questionados, por\u00e9m sempre com argumentos cient\u00edficos s\u00f3lidos, e n\u00e3o por motiva\u00e7\u00f5es de car\u00e1ter ideol\u00f3gico, pol\u00edtico ou de qualquer outra natureza. Desmerecer institui\u00e7\u00f5es cient\u00edficas da qualifica\u00e7\u00e3o do Inpe gera uma imagem negativa do Pa\u00eds e da ci\u00eancia que \u00e9 aqui realizada\u201d, afirma o Conselho da SPBC, signat\u00e1rio do documento.<\/p>\n<p>A ABC tamb\u00e9m se manifestou publicamente por meio de nota. A organiza\u00e7\u00e3o, que re\u00fane mais de 700 cientistas de diferentes \u00e1reas, disse que a iniciativa do presidente \u201cataca tamb\u00e9m toda a comunidade de pesquisadores do Brasil e a soberania nacional\u201d.<\/p>\n<p>\u201cO Inpe foi criado em 1961 com a miss\u00e3o de produzir informa\u00e7\u00f5es e tecnologias robustas nas \u00e1reas espacial e do ambiente terrestre, bem como disponibilizar produtos e servi\u00e7os para o Brasil, subsidiar suas pol\u00edticas p\u00fablicas e dar suporte \u00e0 comunidade cient\u00edfica brasileira. Seu corpo de pesquisadores \u00e9 de alt\u00edssimo n\u00edvel e por isso participa dos principais f\u00f3runs mundiais nas \u00e1reas de suas especialidades. Sua infraestrutura \u00e9 invej\u00e1vel e representa o estado da arte [o mais elevado n\u00edvel de desenvolvimento] nas \u00e1reas relacionadas \u00e0 sua miss\u00e3o\u201d, acrescenta o texto.<\/p>\n<p class=\"ckeditor-subtitle\">Embargo<\/p>\n<p>Ap\u00f3s a repercuss\u00e3o de seus ataques em rela\u00e7\u00e3o ao Inpe, Bolsonaro seguiu no tom de ofensiva e defendeu\u00a0nessa segunda-feira (22) que os dados\u00a0sobre o desmatamento\u00a0passem antes por ele, porque n\u00e3o quer ser \u201cpego de cal\u00e7as curtas\u201d com quest\u00f5es importantes que podem prejudicar negocia\u00e7\u00f5es do pa\u00eds. Ele tamb\u00e9m disse\u00a0que essas informa\u00e7\u00f5es\u00a0deveriam passar pelo crivo do Minist\u00e9rio da Ci\u00eancia e Tecnologia.<\/p>\n<p>\u201cEu estou acostumado com hierarquia e disciplina, e no governo sei que a maioria \u00e9 civil. Ent\u00e3o quando o Inpe detecta um dado qualquer, ele tem que subir os dados para o ministro Marcos Pontes, de Ci\u00eancia e Tecnologia, antes passando pelo Ibama para divulgar\u201d, declarou, depois de um almo\u00e7o no Comando da Aeron\u00e1utica.<\/p>\n<p class=\"editor\">Edi\u00e7\u00e3o: Daniel Giovanaz<\/p>\n<\/div>\n<\/div>\n<\/div>\n","protected":false},"excerpt":{"rendered":"<p>Comunidade cient\u00edfica enaltece trabalho de pesquisadores do instituto, que exp\u00f4s dados sobre avan\u00e7o do desmatamento<\/p>\n","protected":false},"author":1,"featured_media":0,"comment_status":"closed","ping_status":"open","sticky":false,"template":"","format":"standard","meta":{"_exactmetrics_skip_tracking":false,"_exactmetrics_sitenote_active":false,"_exactmetrics_sitenote_note":"","_exactmetrics_sitenote_category":0,"jetpack_post_was_ever_published":false,"_jetpack_newsletter_access":"","_jetpack_dont_email_post_to_subs":false,"_jetpack_newsletter_tier_id":0,"_jetpack_memberships_contains_paywalled_content":false,"_jetpack_memberships_contains_paid_content":false,"footnotes":"","jetpack_publicize_message":"","jetpack_publicize_feature_enabled":true,"jetpack_social_post_already_shared":true,"jetpack_social_options":{"image_generator_settings":{"template":"highway","enabled":false},"version":2}},"categories":[1],"tags":[],"class_list":["post-22855","post","type-post","status-publish","format-standard","hentry","category-notas"],"jetpack_publicize_connections":[],"jetpack_sharing_enabled":true,"jetpack_featured_media_url":"","jetpack_shortlink":"https:\/\/wp.me\/p7wKYW-5WD","jetpack-related-posts":[],"_links":{"self":[{"href":"http:\/\/blogdalucianaoliveira.com.br\/blog\/wp-json\/wp\/v2\/posts\/22855","targetHints":{"allow":["GET"]}}],"collection":[{"href":"http:\/\/blogdalucianaoliveira.com.br\/blog\/wp-json\/wp\/v2\/posts"}],"about":[{"href":"http:\/\/blogdalucianaoliveira.com.br\/blog\/wp-json\/wp\/v2\/types\/post"}],"author":[{"embeddable":true,"href":"http:\/\/blogdalucianaoliveira.com.br\/blog\/wp-json\/wp\/v2\/users\/1"}],"replies":[{"embeddable":true,"href":"http:\/\/blogdalucianaoliveira.com.br\/blog\/wp-json\/wp\/v2\/comments?post=22855"}],"version-history":[{"count":1,"href":"http:\/\/blogdalucianaoliveira.com.br\/blog\/wp-json\/wp\/v2\/posts\/22855\/revisions"}],"predecessor-version":[{"id":22857,"href":"http:\/\/blogdalucianaoliveira.com.br\/blog\/wp-json\/wp\/v2\/posts\/22855\/revisions\/22857"}],"wp:attachment":[{"href":"http:\/\/blogdalucianaoliveira.com.br\/blog\/wp-json\/wp\/v2\/media?parent=22855"}],"wp:term":[{"taxonomy":"category","embeddable":true,"href":"http:\/\/blogdalucianaoliveira.com.br\/blog\/wp-json\/wp\/v2\/categories?post=22855"},{"taxonomy":"post_tag","embeddable":true,"href":"http:\/\/blogdalucianaoliveira.com.br\/blog\/wp-json\/wp\/v2\/tags?post=22855"}],"curies":[{"name":"wp","href":"https:\/\/api.w.org\/{rel}","templated":true}]}}