{"id":22861,"date":"2019-07-23T21:53:23","date_gmt":"2019-07-24T01:53:23","guid":{"rendered":"http:\/\/blogdalucianaoliveira.com.br\/blog\/?p=22861"},"modified":"2019-07-23T21:53:23","modified_gmt":"2019-07-24T01:53:23","slug":"prisao-de-supostos-hackers-gera-suspeitas-sobre-intencoes-da-pf","status":"publish","type":"post","link":"http:\/\/blogdalucianaoliveira.com.br\/blog\/2019\/07\/23\/prisao-de-supostos-hackers-gera-suspeitas-sobre-intencoes-da-pf\/","title":{"rendered":"Pris\u00e3o de supostos hackers gera suspeitas sobre inten\u00e7\u00f5es da PF"},"content":{"rendered":"<p><img data-recalc-dims=\"1\" loading=\"lazy\" decoding=\"async\" data-attachment-id=\"22862\" data-permalink=\"http:\/\/blogdalucianaoliveira.com.br\/blog\/2019\/07\/23\/prisao-de-supostos-hackers-gera-suspeitas-sobre-intencoes-da-pf\/6d4b6b80-0970-4b5d-8d15-6f871a62eb70\/\" data-orig-file=\"https:\/\/i0.wp.com\/blogdalucianaoliveira.com.br\/blog\/wp-content\/uploads\/2019\/07\/6D4B6B80-0970-4B5D-8D15-6F871A62EB70.png?fit=768%2C461\" data-orig-size=\"768,461\" data-comments-opened=\"0\" data-image-meta=\"{&quot;aperture&quot;:&quot;0&quot;,&quot;credit&quot;:&quot;&quot;,&quot;camera&quot;:&quot;&quot;,&quot;caption&quot;:&quot;&quot;,&quot;created_timestamp&quot;:&quot;0&quot;,&quot;copyright&quot;:&quot;&quot;,&quot;focal_length&quot;:&quot;0&quot;,&quot;iso&quot;:&quot;0&quot;,&quot;shutter_speed&quot;:&quot;0&quot;,&quot;title&quot;:&quot;&quot;,&quot;orientation&quot;:&quot;0&quot;}\" data-image-title=\"6D4B6B80-0970-4B5D-8D15-6F871A62EB70\" data-image-description=\"\" data-image-caption=\"\" data-medium-file=\"https:\/\/i0.wp.com\/blogdalucianaoliveira.com.br\/blog\/wp-content\/uploads\/2019\/07\/6D4B6B80-0970-4B5D-8D15-6F871A62EB70.png?fit=300%2C180\" data-large-file=\"https:\/\/i0.wp.com\/blogdalucianaoliveira.com.br\/blog\/wp-content\/uploads\/2019\/07\/6D4B6B80-0970-4B5D-8D15-6F871A62EB70.png?fit=600%2C360\" src=\"https:\/\/i0.wp.com\/blogdalucianaoliveira.com.br\/blog\/wp-content\/uploads\/2019\/07\/6D4B6B80-0970-4B5D-8D15-6F871A62EB70.png?resize=600%2C360\" alt=\"6D4B6B80-0970-4B5D-8D15-6F871A62EB70\" width=\"600\" height=\"360\" class=\"alignnone size-full wp-image-22862\" srcset=\"https:\/\/i0.wp.com\/blogdalucianaoliveira.com.br\/blog\/wp-content\/uploads\/2019\/07\/6D4B6B80-0970-4B5D-8D15-6F871A62EB70.png?w=768 768w, https:\/\/i0.wp.com\/blogdalucianaoliveira.com.br\/blog\/wp-content\/uploads\/2019\/07\/6D4B6B80-0970-4B5D-8D15-6F871A62EB70.png?resize=300%2C180 300w, https:\/\/i0.wp.com\/blogdalucianaoliveira.com.br\/blog\/wp-content\/uploads\/2019\/07\/6D4B6B80-0970-4B5D-8D15-6F871A62EB70.png?resize=500%2C300 500w\" sizes=\"auto, (max-width: 600px) 100vw, 600px\" \/><\/p>\n<p>Na Carta Capital &#8211; A pris\u00e3o de quatro supostos autores de a\u00e7\u00e3o hacker no celular do ministro S\u00e9rgio Moro, nesta ter\u00e7a-feira 23, levantou suspeitas de que a opera\u00e7\u00e3o da Pol\u00edcia Federal poderia ser uma investida contra a publica\u00e7\u00e3o de mensagens, pelo site The Intercept Brasil, que colocam d\u00favidas na imparcialidade da Lava Jato.<!--more--><\/p>\n<p>Em sua conta no Twitter, o editor do Intercept, Leandro Demori, havia dito, em 15 de julho, que \u201cuma parte truculenta e sem escr\u00fapulos das for\u00e7as de ordem est\u00e1 tramando uma farsa e uma agress\u00e3o contra a liberdade de imprensa no Brasil\u201d. Ap\u00f3s o mandado de pris\u00e3o dos suspeitos, Demori resgatou a publica\u00e7\u00e3o e escreveu: \u201cAtrasou e chegou hoje, pelo visto. Estamos de olho\u201d.<\/p>\n<p>Rafael Moro Martins, tamb\u00e9m editor do portal, postou em sua rede social que, dias atr\u00e1s, teve informa\u00e7\u00f5es de que a Pol\u00edcia Federal se preparava para tentar desacreditar a autenticidade do material. \u201cA inten\u00e7\u00e3o \u00e9 t\u00e3o \u00f3bvia que est\u00e1 no nome da opera\u00e7\u00e3o\u201d, diz Martins, em refer\u00eancia \u00e0 palavra \u201cSpoofing\u201d. Segundo a Pol\u00edcia, \u201cspoofing\u201d \u00e9 um tipo de falsifica\u00e7\u00e3o tecnol\u00f3gica que procura enganar uma rede ou uma pessoa, para que ela acredite que a fonte de uma informa\u00e7\u00e3o \u00e9 confi\u00e1vel, quando n\u00e3o \u00e9.<\/p>\n<p><img data-recalc-dims=\"1\" loading=\"lazy\" decoding=\"async\" data-attachment-id=\"22863\" data-permalink=\"http:\/\/blogdalucianaoliveira.com.br\/blog\/2019\/07\/23\/prisao-de-supostos-hackers-gera-suspeitas-sobre-intencoes-da-pf\/655bf3df-181c-49ce-8e00-e60379097d8e\/\" data-orig-file=\"https:\/\/i0.wp.com\/blogdalucianaoliveira.com.br\/blog\/wp-content\/uploads\/2019\/07\/655BF3DF-181C-49CE-8E00-E60379097D8E.jpeg?fit=644%2C719\" data-orig-size=\"644,719\" data-comments-opened=\"0\" data-image-meta=\"{&quot;aperture&quot;:&quot;0&quot;,&quot;credit&quot;:&quot;&quot;,&quot;camera&quot;:&quot;&quot;,&quot;caption&quot;:&quot;&quot;,&quot;created_timestamp&quot;:&quot;0&quot;,&quot;copyright&quot;:&quot;&quot;,&quot;focal_length&quot;:&quot;0&quot;,&quot;iso&quot;:&quot;0&quot;,&quot;shutter_speed&quot;:&quot;0&quot;,&quot;title&quot;:&quot;&quot;,&quot;orientation&quot;:&quot;0&quot;}\" data-image-title=\"655BF3DF-181C-49CE-8E00-E60379097D8E\" data-image-description=\"\" data-image-caption=\"\" data-medium-file=\"https:\/\/i0.wp.com\/blogdalucianaoliveira.com.br\/blog\/wp-content\/uploads\/2019\/07\/655BF3DF-181C-49CE-8E00-E60379097D8E.jpeg?fit=269%2C300\" data-large-file=\"https:\/\/i0.wp.com\/blogdalucianaoliveira.com.br\/blog\/wp-content\/uploads\/2019\/07\/655BF3DF-181C-49CE-8E00-E60379097D8E.jpeg?fit=600%2C670\" src=\"https:\/\/i0.wp.com\/blogdalucianaoliveira.com.br\/blog\/wp-content\/uploads\/2019\/07\/655BF3DF-181C-49CE-8E00-E60379097D8E.jpeg?resize=600%2C670\" alt=\"655BF3DF-181C-49CE-8E00-E60379097D8E\" width=\"600\" height=\"670\" class=\"alignnone size-full wp-image-22863\" srcset=\"https:\/\/i0.wp.com\/blogdalucianaoliveira.com.br\/blog\/wp-content\/uploads\/2019\/07\/655BF3DF-181C-49CE-8E00-E60379097D8E.jpeg?w=644 644w, https:\/\/i0.wp.com\/blogdalucianaoliveira.com.br\/blog\/wp-content\/uploads\/2019\/07\/655BF3DF-181C-49CE-8E00-E60379097D8E.jpeg?resize=269%2C300 269w\" sizes=\"auto, (max-width: 600px) 100vw, 600px\" \/><\/p>\n<p><img data-recalc-dims=\"1\" loading=\"lazy\" decoding=\"async\" data-attachment-id=\"22864\" data-permalink=\"http:\/\/blogdalucianaoliveira.com.br\/blog\/2019\/07\/23\/prisao-de-supostos-hackers-gera-suspeitas-sobre-intencoes-da-pf\/fc2c8a31-5bd1-4a81-a65c-3ca01b1b9adc\/\" data-orig-file=\"https:\/\/i0.wp.com\/blogdalucianaoliveira.com.br\/blog\/wp-content\/uploads\/2019\/07\/FC2C8A31-5BD1-4A81-A65C-3CA01B1B9ADC.jpeg?fit=750%2C489\" data-orig-size=\"750,489\" data-comments-opened=\"0\" data-image-meta=\"{&quot;aperture&quot;:&quot;0&quot;,&quot;credit&quot;:&quot;&quot;,&quot;camera&quot;:&quot;&quot;,&quot;caption&quot;:&quot;&quot;,&quot;created_timestamp&quot;:&quot;0&quot;,&quot;copyright&quot;:&quot;&quot;,&quot;focal_length&quot;:&quot;0&quot;,&quot;iso&quot;:&quot;0&quot;,&quot;shutter_speed&quot;:&quot;0&quot;,&quot;title&quot;:&quot;&quot;,&quot;orientation&quot;:&quot;0&quot;}\" data-image-title=\"FC2C8A31-5BD1-4A81-A65C-3CA01B1B9ADC\" data-image-description=\"\" data-image-caption=\"\" data-medium-file=\"https:\/\/i0.wp.com\/blogdalucianaoliveira.com.br\/blog\/wp-content\/uploads\/2019\/07\/FC2C8A31-5BD1-4A81-A65C-3CA01B1B9ADC.jpeg?fit=300%2C196\" data-large-file=\"https:\/\/i0.wp.com\/blogdalucianaoliveira.com.br\/blog\/wp-content\/uploads\/2019\/07\/FC2C8A31-5BD1-4A81-A65C-3CA01B1B9ADC.jpeg?fit=600%2C391\" src=\"https:\/\/i0.wp.com\/blogdalucianaoliveira.com.br\/blog\/wp-content\/uploads\/2019\/07\/FC2C8A31-5BD1-4A81-A65C-3CA01B1B9ADC.jpeg?resize=600%2C391\" alt=\"FC2C8A31-5BD1-4A81-A65C-3CA01B1B9ADC\" width=\"600\" height=\"391\" class=\"alignnone size-full wp-image-22864\" srcset=\"https:\/\/i0.wp.com\/blogdalucianaoliveira.com.br\/blog\/wp-content\/uploads\/2019\/07\/FC2C8A31-5BD1-4A81-A65C-3CA01B1B9ADC.jpeg?w=750 750w, https:\/\/i0.wp.com\/blogdalucianaoliveira.com.br\/blog\/wp-content\/uploads\/2019\/07\/FC2C8A31-5BD1-4A81-A65C-3CA01B1B9ADC.jpeg?resize=300%2C196 300w, https:\/\/i0.wp.com\/blogdalucianaoliveira.com.br\/blog\/wp-content\/uploads\/2019\/07\/FC2C8A31-5BD1-4A81-A65C-3CA01B1B9ADC.jpeg?resize=460%2C300 460w\" sizes=\"auto, (max-width: 600px) 100vw, 600px\" \/><\/p>\n<p>O jornalista Glenn Greenwald tamb\u00e9m foi \u00e0 internet para refor\u00e7ar a autenticidade das mensagens reveladas pelo Intercept. \u201cE quem s\u00e3o os procuradores do Minist\u00e9rio P\u00fablico Federal que confirmaram para [os jornais] Correio Braziliense e El Pa\u00eds que os chats s\u00e3o aut\u00eanticos? E como [o jornal] Folha de S. Paulo e [a revista] Veja confirmaram sua autenticidade? E [o site] BuzzFeed Brasil? E Barroso hoje. Uma montanha de evid\u00eancias prova que elas s\u00e3o reais\u201d, postou Greenwald. Os ve\u00edculos citados pelo jornalista tamb\u00e9m reportaram vazamentos em parceria com Intercept e declararam que, por m\u00e9todos pr\u00f3prios, confirmaram a veracidade do conte\u00fado.<\/p>\n<p>Em audi\u00eancias na C\u00e2mara e no Senado, em junho, o ministro S\u00e9rgio Moro disse que n\u00e3o reconhece a autenticidade das mensagens divulgadas. Al\u00e9m disso, classificou as reportagens do Intercept como \u201csensacionalistas\u201d e atribuiu os vazamentos \u00e0 a\u00e7\u00e3o de hackers interessados em anular condena\u00e7\u00f5es da Lava Jato e atrasar processos em andamento.<\/p>\n<p>O juiz, autor do mandado de pris\u00e3o dos supostos hackers, \u00e9 Vallisney de Souza Oliveira, da 10\u00aa Vara Federal do Distrito Federal, que j\u00e1 esteve sob holofotes em ocasi\u00f5es passadas. Chamado de \u201cjuizeco\u201d, em 2016, pelo ent\u00e3o presidente do Senado Renan Calheiros (MDB-AL), o magistrado ganhou notoriedade em processos relacionados \u00e0s opera\u00e7\u00f5es Lava Jato e Zelotes, e tem em suas m\u00e3os processos contra o ex-presidente Luiz In\u00e1cio Lula da Silva.<\/p>\n<p>Um deles \u00e9 a den\u00fancia, apresentada em 2016, de corrup\u00e7\u00e3o passiva, lavagem de dinheiro, organiza\u00e7\u00e3o criminosa e tr\u00e1fico de influ\u00eancia, em investiga\u00e7\u00e3o da Opera\u00e7\u00e3o Janus sobre facilita\u00e7\u00e3o de financiamento de obras da empresa Odebrecht, em Angola, pelo Banco Nacional do Desenvolvimento Econ\u00f4mico e Social (BNDES). Outro processo diz respeito \u00e0 Opera\u00e7\u00e3o Zelotes, em apura\u00e7\u00e3o de tr\u00e1fico de influ\u00eancia, lavagem de dinheiro e organiza\u00e7\u00e3o criminosa, sobre supostas irregularidades em negocia\u00e7\u00f5es na compra de ca\u00e7as suecos e prorroga\u00e7\u00e3o de incentivos fiscais a montadoras de ve\u00edculos. Lula \u00e9 r\u00e9u, mas ainda n\u00e3o foi julgado.<\/p>\n<p>O delegado que cumpriu o mandado de pris\u00e3o \u00e9 Luiz Fl\u00e1vio Zampronha, o mesmo policial que esteve \u00e0 frente do inqu\u00e9rito do Mensal\u00e3o, entre 2005 e 2011. Ele chegou a ser investigado pela Pol\u00edcia Federal, em 2012, por declara\u00e7\u00f5es ao jornal O Estado de S. Paulo sobre a condu\u00e7\u00e3o do caso, em que questionou a den\u00fancia de uma ex-gerente financeira. Na \u00e9poca, o ent\u00e3o relator e ministro, Joaquim Barbosa, afirmou que \u201cem qualquer pa\u00eds decentemente organizado, um delegado desse estaria, no m\u00ednimo, suspenso\u201d.<\/p>\n","protected":false},"excerpt":{"rendered":"<p>Na Carta Capital &#8211; A pris\u00e3o de quatro supostos autores de a\u00e7\u00e3o hacker no celular do ministro S\u00e9rgio Moro, nesta ter\u00e7a-feira 23, levantou suspeitas de que a opera\u00e7\u00e3o da Pol\u00edcia Federal poderia ser uma investida contra a publica\u00e7\u00e3o de mensagens, pelo site The Intercept Brasil, que colocam d\u00favidas na imparcialidade da Lava Jato.<\/p>\n","protected":false},"author":1,"featured_media":0,"comment_status":"closed","ping_status":"open","sticky":false,"template":"","format":"standard","meta":{"_exactmetrics_skip_tracking":false,"_exactmetrics_sitenote_active":false,"_exactmetrics_sitenote_note":"","_exactmetrics_sitenote_category":0,"jetpack_post_was_ever_published":false,"_jetpack_newsletter_access":"","_jetpack_dont_email_post_to_subs":false,"_jetpack_newsletter_tier_id":0,"_jetpack_memberships_contains_paywalled_content":false,"_jetpack_memberships_contains_paid_content":false,"footnotes":"","jetpack_publicize_message":"","jetpack_publicize_feature_enabled":true,"jetpack_social_post_already_shared":true,"jetpack_social_options":{"image_generator_settings":{"template":"highway","enabled":false},"version":2}},"categories":[1],"tags":[],"class_list":["post-22861","post","type-post","status-publish","format-standard","hentry","category-notas"],"jetpack_publicize_connections":[],"jetpack_sharing_enabled":true,"jetpack_featured_media_url":"","jetpack_shortlink":"https:\/\/wp.me\/p7wKYW-5WJ","jetpack-related-posts":[],"_links":{"self":[{"href":"http:\/\/blogdalucianaoliveira.com.br\/blog\/wp-json\/wp\/v2\/posts\/22861","targetHints":{"allow":["GET"]}}],"collection":[{"href":"http:\/\/blogdalucianaoliveira.com.br\/blog\/wp-json\/wp\/v2\/posts"}],"about":[{"href":"http:\/\/blogdalucianaoliveira.com.br\/blog\/wp-json\/wp\/v2\/types\/post"}],"author":[{"embeddable":true,"href":"http:\/\/blogdalucianaoliveira.com.br\/blog\/wp-json\/wp\/v2\/users\/1"}],"replies":[{"embeddable":true,"href":"http:\/\/blogdalucianaoliveira.com.br\/blog\/wp-json\/wp\/v2\/comments?post=22861"}],"version-history":[{"count":1,"href":"http:\/\/blogdalucianaoliveira.com.br\/blog\/wp-json\/wp\/v2\/posts\/22861\/revisions"}],"predecessor-version":[{"id":22865,"href":"http:\/\/blogdalucianaoliveira.com.br\/blog\/wp-json\/wp\/v2\/posts\/22861\/revisions\/22865"}],"wp:attachment":[{"href":"http:\/\/blogdalucianaoliveira.com.br\/blog\/wp-json\/wp\/v2\/media?parent=22861"}],"wp:term":[{"taxonomy":"category","embeddable":true,"href":"http:\/\/blogdalucianaoliveira.com.br\/blog\/wp-json\/wp\/v2\/categories?post=22861"},{"taxonomy":"post_tag","embeddable":true,"href":"http:\/\/blogdalucianaoliveira.com.br\/blog\/wp-json\/wp\/v2\/tags?post=22861"}],"curies":[{"name":"wp","href":"https:\/\/api.w.org\/{rel}","templated":true}]}}