{"id":22869,"date":"2019-07-24T09:22:31","date_gmt":"2019-07-24T13:22:31","guid":{"rendered":"http:\/\/blogdalucianaoliveira.com.br\/blog\/?p=22869"},"modified":"2019-07-24T09:22:31","modified_gmt":"2019-07-24T13:22:31","slug":"as-perguntas-ainda-sem-resposta-sobre-operacao-que-investiga-invasao-de-celular-de-moro","status":"publish","type":"post","link":"http:\/\/blogdalucianaoliveira.com.br\/blog\/2019\/07\/24\/as-perguntas-ainda-sem-resposta-sobre-operacao-que-investiga-invasao-de-celular-de-moro\/","title":{"rendered":"As perguntas ainda sem resposta sobre opera\u00e7\u00e3o que investiga invas\u00e3o de celular de Moro"},"content":{"rendered":"<p><img data-recalc-dims=\"1\" loading=\"lazy\" decoding=\"async\" data-attachment-id=\"22870\" data-permalink=\"http:\/\/blogdalucianaoliveira.com.br\/blog\/2019\/07\/24\/as-perguntas-ainda-sem-resposta-sobre-operacao-que-investiga-invasao-de-celular-de-moro\/moro-5\/\" data-orig-file=\"https:\/\/i0.wp.com\/blogdalucianaoliveira.com.br\/blog\/wp-content\/uploads\/2019\/07\/moro.jpg?fit=660%2C371\" data-orig-size=\"660,371\" data-comments-opened=\"0\" data-image-meta=\"{&quot;aperture&quot;:&quot;0&quot;,&quot;credit&quot;:&quot;&quot;,&quot;camera&quot;:&quot;&quot;,&quot;caption&quot;:&quot;&quot;,&quot;created_timestamp&quot;:&quot;0&quot;,&quot;copyright&quot;:&quot;&quot;,&quot;focal_length&quot;:&quot;0&quot;,&quot;iso&quot;:&quot;0&quot;,&quot;shutter_speed&quot;:&quot;0&quot;,&quot;title&quot;:&quot;&quot;,&quot;orientation&quot;:&quot;0&quot;}\" data-image-title=\"moro\" data-image-description=\"\" data-image-caption=\"\" data-medium-file=\"https:\/\/i0.wp.com\/blogdalucianaoliveira.com.br\/blog\/wp-content\/uploads\/2019\/07\/moro.jpg?fit=300%2C169\" data-large-file=\"https:\/\/i0.wp.com\/blogdalucianaoliveira.com.br\/blog\/wp-content\/uploads\/2019\/07\/moro.jpg?fit=600%2C337\" class=\"alignnone size-full wp-image-22870\" src=\"https:\/\/i0.wp.com\/blogdalucianaoliveira.com.br\/blog\/wp-content\/uploads\/2019\/07\/moro.jpg?resize=600%2C337\" alt=\"moro\" width=\"600\" height=\"337\" srcset=\"https:\/\/i0.wp.com\/blogdalucianaoliveira.com.br\/blog\/wp-content\/uploads\/2019\/07\/moro.jpg?w=660 660w, https:\/\/i0.wp.com\/blogdalucianaoliveira.com.br\/blog\/wp-content\/uploads\/2019\/07\/moro.jpg?resize=300%2C169 300w, https:\/\/i0.wp.com\/blogdalucianaoliveira.com.br\/blog\/wp-content\/uploads\/2019\/07\/moro.jpg?resize=534%2C300 534w\" sizes=\"auto, (max-width: 600px) 100vw, 600px\" \/><\/p>\n<p>A investiga\u00e7\u00e3o em torno da invas\u00e3o dos celulares de autoridades ligadas \u00e0 Opera\u00e7\u00e3o Lava Jato teve sua primeira fase deflagrada nesta ter\u00e7a-feira (23). Foram presos pela Pol\u00edcia Federal quatro suspeitos de envolvimento na invas\u00e3o do telefone do ministro da Justi\u00e7a, Sergio Moro.<!--more--><\/p>\n<p>Na BBC<\/p>\n<p>Segundo comunicado da PF, a a\u00e7\u00e3o, realizada dentro do inqu\u00e9rito que investiga o vazamento de conversas privadas de autoridades usando aplicativos de mensagens, visou &#8220;desarticular uma suposta organiza\u00e7\u00e3o criminosa que praticava crimes cibern\u00e9ticos&#8221;.<\/p>\n<p>Foram emitidas 11 ordens judiciais, sendo 7 mandados de busca e apreens\u00e3o e 4 mandados de pris\u00e3o tempor\u00e1ria em tr\u00eas cidades de S\u00e3o Paulo &#8211; Araraquara, Ribeir\u00e3o Preto e a capital. As investiga\u00e7\u00f5es foram autorizadas pelo juiz federal Vallisney de Souza Oliveira, da 10\u00aa Vara da Justi\u00e7a Federal em Bras\u00edlia.<\/p>\n<p>Segundo informa\u00e7\u00f5es da Justi\u00e7a, as quatro pris\u00f5es foram realizadas. Seis dos 7 mandatos de busca e opera\u00e7\u00e3o tamb\u00e9m j\u00e1 foram cumpridos at\u00e9 o fim da tarde desta ter\u00e7a. Os suspeitos presos foram transferidos para Bras\u00edlia, onde prestar\u00e3o depoimentos.<\/p>\n<p>A opera\u00e7\u00e3o foi batizada de Spoofing, termo que, segunda a PF, batiza &#8220;um tipo de falsifica\u00e7\u00e3o tecnol\u00f3gica que procura enganar uma rede ou uma pessoa fazendo-a acreditar que a fonte de uma informa\u00e7\u00e3o \u00e9 confi\u00e1vel quando, na realidade, n\u00e3o \u00e9&#8221;.<\/p>\n<p>O ministro e os procuradores t\u00eam dito que n\u00e3o reconhecem os di\u00e1logos, ao mesmo tempo em que refutam qualquer irregularidade em suas condutas ao longo da Opera\u00e7\u00e3o Lava Jato.<\/p>\n<p>N\u00e3o foram divulgadas maiores informa\u00e7\u00f5es, por enquanto, e as investiga\u00e7\u00f5es seguem em andamento. Veja abaixo pontos importantes que ainda precisam ser esclarecidos.<\/p>\n<h2 class=\"story-body__crosshead\">1) A opera\u00e7\u00e3o desvenda a origem dos di\u00e1logos divulgados pelo Intercept Brasil?<\/h2>\n<p>A Pol\u00edcia Federal informou \u00e0 BBC News Brasil que a opera\u00e7\u00e3o foi desencadeada a partir do inqu\u00e9rito aberta para investigar a invas\u00e3o do celular do ministro da Justi\u00e7a.<\/p>\n<p>No entanto, n\u00e3o est\u00e1 claro ainda se os presos t\u00eam rela\u00e7\u00e3o com as conversas divulgadas pelo site The Intercept Brasil.<\/p>\n<p>Sergio Moro disse que seu aparelho foi hackeado no dia 4 de junho, quando o invasor teria operado seu aplicativo de mensagens por seis horas.<\/p>\n<p>Cinco dias depois, o Intercept Brasil iniciou a publica\u00e7\u00e3o de uma s\u00e9rie de reportagens que mostram conversas privadas envolvendo Moro, quando ainda era juiz da 13\u00aa vara de Curitiba, e procuradores da Lava Jato, entre eles o chefe da for\u00e7a-tarefa da opera\u00e7\u00e3o, Deltan Dallagnol.<\/p>\n<p>Desde ent\u00e3o, diversas autoridades t\u00eam informado invas\u00e3o de hackers aos seus celulares &#8211; as \u00faltimas foram o ministro da Economia, Paulo Guedes, e a l\u00edder do governo no Congresso, deputada Joice Hasselmann (PSL-SP).<\/p>\n<figure class=\"media-landscape has-caption full-width\"><span class=\"image-and-copyright-container\"><img data-recalc-dims=\"1\" loading=\"lazy\" decoding=\"async\" class=\"responsive-image__img js-image-replace\" src=\"https:\/\/i0.wp.com\/ichef.bbci.co.uk\/news\/624\/cpsprodpb\/6553\/production\/_107993952_deltan-felipefrazao-agbr.jpg?resize=600%2C338&#038;ssl=1\" alt=\"Deltan Dallagnol\" width=\"600\" height=\"338\" data-highest-encountered-width=\"624\" \/><span class=\"off-screen\">Direito de imagem<\/span><span class=\"story-image-copyright\">FELIPE FRAZ\u00c3O \/ AG\u00caNCIA BRASIL<\/span><\/span><figcaption class=\"media-caption\"><span class=\"off-screen\">Image caption<\/span><span class=\"media-caption__text\">Mensagens divulgadas pelo site &#8216;The Intercept&#8217; mostrariam o procurador Deltan Dallagnol (foto) combinando a estrat\u00e9gia das investiga\u00e7\u00f5es com Moro<\/span><\/figcaption><\/figure>\n<p>No entanto, todos os di\u00e1logos divulgados at\u00e9 agora pelo Intercept &#8211; tratados tamb\u00e9m em mat\u00e9rias em parceria com ve\u00edculos brasileiros como o jornal Folha de S.Paulo, a revista Veja e a r\u00e1dio Jovem Pan &#8211; indicam que o material obtido pelo site partiu apenas do celular de Dallagnol.<\/p>\n<p>O Intercept diz ter recebido os di\u00e1logos de uma fonte an\u00f4nima, antes da invas\u00e3o do celular de Moro em 4 de junho.<\/p>\n<p>Dessa forma, as informa\u00e7\u00f5es reveladas at\u00e9 agora pela Pol\u00edcia Federal n\u00e3o esclarecem se as investiga\u00e7\u00f5es identificaram rela\u00e7\u00e3o entre os suspeitos presos nesta ter\u00e7a, o hackeamento de Moro e o material revelado pelo Intercept Brasil.<\/p>\n<p>J\u00e1 o Intercept e os ve\u00edculos parceiros na cobertura disseram que checaram di\u00e1logos do material de conversas dos seus jornalistas com as autoridades da Lava Jato, confirmando a veracidade do material.<\/p>\n<h2 class=\"story-body__crosshead\">2) Como a Pol\u00edcia Federal chegou as suspeitos?<\/h2>\n<p>A PF n\u00e3o esclarece ainda como identificou os suspeitos. O jornal Folha de S.Paulo apurou que a pol\u00edcia chegou a eles por meio da per\u00edcia criminal federal, que conseguiu rastrear os sinais do ataque aos telefones. Segundo os investigadores ouvidos pelo ve\u00edculo, o grau de capacidade t\u00e9cnica dos hackers n\u00e3o era alto.<\/p>\n<p>Um deles, segundo o jornal Estado de S. Paulo, foi preso na casa da m\u00e3e, na capital paulista. Ele trabalharia com shows e eventos, segundo investigadores.<\/p>\n<p>A investiga\u00e7\u00e3o sobre o ataque ao celular de Moro \u00e9 realizada em Bras\u00edlia, enquanto apura\u00e7\u00e3o sobre o hackeamento de outras autoridades ocorrem separadamente. No caso dos procuradores da Lava Jato, est\u00e3o sendo feitas pela PF em Curitiba.<\/p>\n<p>Uma investiga\u00e7\u00e3o separada ainda ser\u00e1 aberta para investigar o caso de Guedes e Hasselmann.<\/p>\n<figure class=\"media-landscape has-caption full-width\"><span class=\"image-and-copyright-container\"><img data-recalc-dims=\"1\" loading=\"lazy\" decoding=\"async\" class=\"responsive-image__img js-image-replace\" src=\"https:\/\/i0.wp.com\/ichef.bbci.co.uk\/news\/624\/cpsprodpb\/128A3\/production\/_107993957_mj-brasilia-agsenado.jpg?resize=600%2C338&#038;ssl=1\" alt=\"Sede do Minist\u00e9rio da Justi\u00e7a\" width=\"600\" height=\"338\" data-highest-encountered-width=\"624\" \/><span class=\"off-screen\">Direito de imagem<\/span><span class=\"story-image-copyright\">AG\u00caNCIA SENADO<\/span><\/span><figcaption class=\"media-caption\"><span class=\"off-screen\">Image caption<\/span><span class=\"media-caption__text\">A sede do Minist\u00e9rio da Justi\u00e7a: Sergio Moro \u00e9 o chefe da Pol\u00edcia Federal, mas diz que \u00f3rg\u00e3o tem autonomia para investigar caso<\/span><\/figcaption><\/figure>\n<h2 class=\"story-body__crosshead\">3) Quem s\u00e3o os presos?<\/h2>\n<p>A Justi\u00e7a Federal em Bras\u00edlia deve levantar o sigilo dos autos da investiga\u00e7\u00e3o nesta quarta-feira (24), \u00e0s 12h. Isto significa que, a partir deste momento, ser\u00e1 poss\u00edvel ter acesso aos mandados de busca e apreens\u00e3o emitidos pelo juiz Vallisney de Souza Oliveira, da 10\u00aa Vara da Justi\u00e7a Federal em Bras\u00edlia. A menos que o juiz determine que os nomes dos suspeitos sejam omitidos.<\/p>\n<p>O fim do sigilo tamb\u00e9m poder\u00e1 permitir conhecer outros detalhes sobre a investiga\u00e7\u00e3o, como as justificativas usadas pelos investigadores para pedir as ordens de pris\u00e3o e de busca e apreens\u00e3o \u00e0 Justi\u00e7a.<\/p>\n<h2 class=\"story-body__crosshead\">4) Como agiam os suspeitos de hackeamento?<\/h2>\n<p>As informa\u00e7\u00f5es iniciais sobre o caso de Moro indicam que ele teria sido hackeado ao atender uma liga\u00e7\u00e3o do seu pr\u00f3prio n\u00famero. O invasor, ent\u00e3o, teria recuperado ou criado uma conta de Telegram em nome do ministro e enviado mensagens para alguns dos contatos de Moro.<\/p>\n<p>A PF n\u00e3o esclareceu se a investiga\u00e7\u00e3o confirma esse m\u00e9todo.<\/p>\n<p>Em junho, o Telegram negou que mensagens trocadas entre Moro e Dallagnol tenham sido obtidos atrav\u00e9s de uma quebra dos c\u00f3digos de seguran\u00e7a do aplicativo.<\/p>\n<p>Segundo o jornal O Globo, os suspeitos de invas\u00e3o miraram integrantes das for\u00e7as-tarefas da Opera\u00e7\u00e3o Lava Jato de ao menos tr\u00eas Estados (Rio, Paran\u00e1 e Distrito Federal), delegados da Pol\u00edcia Federal de S\u00e3o Paulo, al\u00e9m de magistrados do Rio de Janeiro e do Paran\u00e1.<\/p>\n<figure class=\"media-landscape no-caption full-width\"><span class=\"image-and-copyright-container\"><img data-recalc-dims=\"1\" loading=\"lazy\" decoding=\"async\" class=\"responsive-image__img js-image-replace\" src=\"https:\/\/i0.wp.com\/ichef.bbci.co.uk\/news\/624\/cpsprodpb\/15C1D\/production\/_105671198_3135fd17-5a3e-4df2-a805-5f30f3397333.jpg?resize=600%2C2&#038;ssl=1\" alt=\"raya\" width=\"600\" height=\"2\" data-highest-encountered-width=\"624\" \/><\/span><\/figure>\n","protected":false},"excerpt":{"rendered":"<p>A investiga\u00e7\u00e3o em torno da invas\u00e3o dos celulares de autoridades ligadas \u00e0 Opera\u00e7\u00e3o Lava Jato teve sua primeira fase deflagrada nesta ter\u00e7a-feira (23). Foram presos pela Pol\u00edcia Federal quatro suspeitos de envolvimento na invas\u00e3o do telefone do ministro da Justi\u00e7a, Sergio Moro.<\/p>\n","protected":false},"author":1,"featured_media":0,"comment_status":"closed","ping_status":"open","sticky":false,"template":"","format":"standard","meta":{"_exactmetrics_skip_tracking":false,"_exactmetrics_sitenote_active":false,"_exactmetrics_sitenote_note":"","_exactmetrics_sitenote_category":0,"jetpack_post_was_ever_published":false,"_jetpack_newsletter_access":"","_jetpack_dont_email_post_to_subs":false,"_jetpack_newsletter_tier_id":0,"_jetpack_memberships_contains_paywalled_content":false,"_jetpack_memberships_contains_paid_content":false,"footnotes":"","jetpack_publicize_message":"","jetpack_publicize_feature_enabled":true,"jetpack_social_post_already_shared":true,"jetpack_social_options":{"image_generator_settings":{"template":"highway","enabled":false},"version":2}},"categories":[1],"tags":[],"class_list":["post-22869","post","type-post","status-publish","format-standard","hentry","category-notas"],"jetpack_publicize_connections":[],"jetpack_sharing_enabled":true,"jetpack_featured_media_url":"","jetpack_shortlink":"https:\/\/wp.me\/p7wKYW-5WR","jetpack-related-posts":[],"_links":{"self":[{"href":"http:\/\/blogdalucianaoliveira.com.br\/blog\/wp-json\/wp\/v2\/posts\/22869","targetHints":{"allow":["GET"]}}],"collection":[{"href":"http:\/\/blogdalucianaoliveira.com.br\/blog\/wp-json\/wp\/v2\/posts"}],"about":[{"href":"http:\/\/blogdalucianaoliveira.com.br\/blog\/wp-json\/wp\/v2\/types\/post"}],"author":[{"embeddable":true,"href":"http:\/\/blogdalucianaoliveira.com.br\/blog\/wp-json\/wp\/v2\/users\/1"}],"replies":[{"embeddable":true,"href":"http:\/\/blogdalucianaoliveira.com.br\/blog\/wp-json\/wp\/v2\/comments?post=22869"}],"version-history":[{"count":1,"href":"http:\/\/blogdalucianaoliveira.com.br\/blog\/wp-json\/wp\/v2\/posts\/22869\/revisions"}],"predecessor-version":[{"id":22871,"href":"http:\/\/blogdalucianaoliveira.com.br\/blog\/wp-json\/wp\/v2\/posts\/22869\/revisions\/22871"}],"wp:attachment":[{"href":"http:\/\/blogdalucianaoliveira.com.br\/blog\/wp-json\/wp\/v2\/media?parent=22869"}],"wp:term":[{"taxonomy":"category","embeddable":true,"href":"http:\/\/blogdalucianaoliveira.com.br\/blog\/wp-json\/wp\/v2\/categories?post=22869"},{"taxonomy":"post_tag","embeddable":true,"href":"http:\/\/blogdalucianaoliveira.com.br\/blog\/wp-json\/wp\/v2\/tags?post=22869"}],"curies":[{"name":"wp","href":"https:\/\/api.w.org\/{rel}","templated":true}]}}