{"id":22872,"date":"2019-07-24T09:27:32","date_gmt":"2019-07-24T13:27:32","guid":{"rendered":"http:\/\/blogdalucianaoliveira.com.br\/blog\/?p=22872"},"modified":"2019-07-24T09:27:32","modified_gmt":"2019-07-24T13:27:32","slug":"ha-236-anos-nascia-simon-bolivar-o-libertador-da-america","status":"publish","type":"post","link":"http:\/\/blogdalucianaoliveira.com.br\/blog\/2019\/07\/24\/ha-236-anos-nascia-simon-bolivar-o-libertador-da-america\/","title":{"rendered":"H\u00e1 236 anos nascia Sim\u00f3n Bol\u00edvar, o libertador da Am\u00e9rica"},"content":{"rendered":"<p><img data-recalc-dims=\"1\" loading=\"lazy\" decoding=\"async\" data-attachment-id=\"22873\" data-permalink=\"http:\/\/blogdalucianaoliveira.com.br\/blog\/2019\/07\/24\/ha-236-anos-nascia-simon-bolivar-o-libertador-da-america\/simon\/\" data-orig-file=\"https:\/\/i0.wp.com\/blogdalucianaoliveira.com.br\/blog\/wp-content\/uploads\/2019\/07\/simon.jpg?fit=640%2C354\" data-orig-size=\"640,354\" data-comments-opened=\"0\" data-image-meta=\"{&quot;aperture&quot;:&quot;0&quot;,&quot;credit&quot;:&quot;&quot;,&quot;camera&quot;:&quot;&quot;,&quot;caption&quot;:&quot;&quot;,&quot;created_timestamp&quot;:&quot;0&quot;,&quot;copyright&quot;:&quot;&quot;,&quot;focal_length&quot;:&quot;0&quot;,&quot;iso&quot;:&quot;0&quot;,&quot;shutter_speed&quot;:&quot;0&quot;,&quot;title&quot;:&quot;&quot;,&quot;orientation&quot;:&quot;0&quot;}\" data-image-title=\"simon\" data-image-description=\"\" data-image-caption=\"\" data-medium-file=\"https:\/\/i0.wp.com\/blogdalucianaoliveira.com.br\/blog\/wp-content\/uploads\/2019\/07\/simon.jpg?fit=300%2C166\" data-large-file=\"https:\/\/i0.wp.com\/blogdalucianaoliveira.com.br\/blog\/wp-content\/uploads\/2019\/07\/simon.jpg?fit=600%2C332\" class=\"alignnone size-full wp-image-22873\" src=\"https:\/\/i0.wp.com\/blogdalucianaoliveira.com.br\/blog\/wp-content\/uploads\/2019\/07\/simon.jpg?resize=600%2C332\" alt=\"simon\" width=\"600\" height=\"332\" srcset=\"https:\/\/i0.wp.com\/blogdalucianaoliveira.com.br\/blog\/wp-content\/uploads\/2019\/07\/simon.jpg?w=640 640w, https:\/\/i0.wp.com\/blogdalucianaoliveira.com.br\/blog\/wp-content\/uploads\/2019\/07\/simon.jpg?resize=300%2C166 300w, https:\/\/i0.wp.com\/blogdalucianaoliveira.com.br\/blog\/wp-content\/uploads\/2019\/07\/simon.jpg?resize=542%2C300 542w\" sizes=\"auto, (max-width: 600px) 100vw, 600px\" \/><\/p>\n<h2 class=\"description\">Considerado um her\u00f3i revolucion\u00e1rio, militar foi essencial nas lutas de emancipa\u00e7\u00e3o de territ\u00f3rios do continente<\/h2>\n<p><!--more--><\/p>\n<div class=\"details-bar\">\n<div class=\"author-time\">\n<div class=\"author\">Tiago Angelo<\/div>\n<div class=\"place-and-time\">\n<div class=\"place\">\n<p>Brasil de Fato<\/p>\n<p>Em 24 de julho de 1783, h\u00e1 exatos 236 anos, nascia em Caracas, atual capital da Venezuela, Sim\u00f3n Bol\u00edvar, o mais importante l\u00edder dos movimentos de independ\u00eancia da Am\u00e9rica do Sul.<\/p>\n<p>Apesar de ter vindo da elite criolla (como eram conhecidos os descendentes de espanh\u00f3is nascidos na Am\u00e9rica), Bol\u00edvar desde cedo destoou do pensamento corriqueiro de sua classe. O militar foi um defensor do fim da escravid\u00e3o e considerava a Am\u00e9rica sob dom\u00ednio espanhol como uma na\u00e7\u00e3o mesti\u00e7a e n\u00e3o uma extens\u00e3o da Europa.<\/p>\n<p>Bol\u00edvar teve uma juventude conturbada. Aos 3 anos perdeu o pai e, aos 9, a m\u00e3e. Passou a ser criado por se av\u00f4 materno e, ap\u00f3s a morte deste, pelo tio Carlos Palacios.<\/p>\n<p>Dois de seus professores, Sim\u00f3n Rodrigues e Andr\u00e9s Bello, ajudaram a gestar o ideal de liberta\u00e7\u00e3o que seria o principal legado de Bol\u00edvar. O l\u00edder viajou para a Europa aos 14 anos, onde estudou os autores iluministas respons\u00e1veis por influenciar a Revolu\u00e7\u00e3o Francesa.<\/p>\n<p class=\"ckeditor-subtitle\">Guerras de independ\u00eancia<\/p>\n<p>Aos 19 anos, de volta \u00e0 Venezuela, perdeu a esposa, Maria Teresa. Decidiu ent\u00e3o retornar \u00e0 Europa. Em 14 de agosto de 1805, ent\u00e3o aos 22 anos, fez o famoso juramento do Monte Sacro, onde prometeu que n\u00e3o descansaria at\u00e9 que libertasse toda a Am\u00e9rica sob controle espanhol. O local tinha um valor simb\u00f3lico: foi palco do protesto de plebeus contra a aristocracia na Roma antiga.<\/p>\n<p>Tamb\u00e9m influenciou Bol\u00edvar sua viagem pelos Estados Unidos, pa\u00eds que havia se tornado independente da Inglaterra no ano de seu nascimento, 1783.<\/p>\n<p>Quando Napole\u00e3o Bonaparte ordenou que o ex\u00e9rcito da Fran\u00e7a ocupasse a Espanha, foram criadas condi\u00e7\u00f5es favor\u00e1veis para o surgimento de movimentos de independ\u00eancia na Am\u00e9rica Latina. Ao voltar para a Venezuela, em 1807, organizou um ex\u00e9rcito e iniciou sua luta contra a Espanha, financiada, em parte, pela fortuna de sua fam\u00edlia.<\/p>\n<p>Da\u00ed em diante passou a travar as guerras de independ\u00eancia, libertando enormes faixas de territ\u00f3rio e estabelecendo, em 1819, a Gr\u00e3-Col\u00f4mbia &#8211; que correspondia aos atuais territ\u00f3rios de Col\u00f4mbia, Panam\u00e1, Venezuela e parte do Equador. O l\u00edder tamb\u00e9m libertou Peru e Bol\u00edvia.<\/p>\n<p>A hist\u00f3ria da Gr\u00e3-Col\u00f4mbia remonta a um antigo sonho de Bol\u00edvar, que era o de unificar as col\u00f4nias da Am\u00e9rica espanhola. A ideia, no entanto, acabou minguando. O pa\u00eds sonhado foi sendo dissolvido entre o final dos anos 1820 e 1830 por conta das diferen\u00e7as pol\u00edticas entre partid\u00e1rios do federalismo e centralismo, al\u00e9m de tens\u00f5es regionais.<\/p>\n<p>Considerado um her\u00f3i revolucion\u00e1rio, a atua\u00e7\u00e3o de Bol\u00edvar foi essencial para o desenrolar de mudan\u00e7as significativas e pela emancipa\u00e7\u00e3o da Am\u00e9rica do Sul. Embora tenha ganhado in\u00fameras guerras, o l\u00edder morreu em 17 de dezembro de 1830, aos 47 anos, ap\u00f3s uma longa batalha contra a tuberculose.<\/p>\n<p class=\"editor\">Edi\u00e7\u00e3o: Jo\u00e3o Paulo Soares<\/p>\n<div class=\"content-footer\"><\/div>\n<\/div>\n<\/div>\n<\/div>\n<\/div>\n","protected":false},"excerpt":{"rendered":"<p>Considerado um her\u00f3i revolucion\u00e1rio, militar foi essencial nas lutas de emancipa\u00e7\u00e3o de territ\u00f3rios do continente<\/p>\n","protected":false},"author":1,"featured_media":0,"comment_status":"closed","ping_status":"open","sticky":false,"template":"","format":"standard","meta":{"_exactmetrics_skip_tracking":false,"_exactmetrics_sitenote_active":false,"_exactmetrics_sitenote_note":"","_exactmetrics_sitenote_category":0,"jetpack_post_was_ever_published":false,"_jetpack_newsletter_access":"","_jetpack_dont_email_post_to_subs":false,"_jetpack_newsletter_tier_id":0,"_jetpack_memberships_contains_paywalled_content":false,"_jetpack_memberships_contains_paid_content":false,"footnotes":"","jetpack_publicize_message":"","jetpack_publicize_feature_enabled":true,"jetpack_social_post_already_shared":true,"jetpack_social_options":{"image_generator_settings":{"template":"highway","enabled":false},"version":2}},"categories":[1],"tags":[],"class_list":["post-22872","post","type-post","status-publish","format-standard","hentry","category-notas"],"jetpack_publicize_connections":[],"jetpack_sharing_enabled":true,"jetpack_featured_media_url":"","jetpack_shortlink":"https:\/\/wp.me\/p7wKYW-5WU","jetpack-related-posts":[],"_links":{"self":[{"href":"http:\/\/blogdalucianaoliveira.com.br\/blog\/wp-json\/wp\/v2\/posts\/22872","targetHints":{"allow":["GET"]}}],"collection":[{"href":"http:\/\/blogdalucianaoliveira.com.br\/blog\/wp-json\/wp\/v2\/posts"}],"about":[{"href":"http:\/\/blogdalucianaoliveira.com.br\/blog\/wp-json\/wp\/v2\/types\/post"}],"author":[{"embeddable":true,"href":"http:\/\/blogdalucianaoliveira.com.br\/blog\/wp-json\/wp\/v2\/users\/1"}],"replies":[{"embeddable":true,"href":"http:\/\/blogdalucianaoliveira.com.br\/blog\/wp-json\/wp\/v2\/comments?post=22872"}],"version-history":[{"count":1,"href":"http:\/\/blogdalucianaoliveira.com.br\/blog\/wp-json\/wp\/v2\/posts\/22872\/revisions"}],"predecessor-version":[{"id":22874,"href":"http:\/\/blogdalucianaoliveira.com.br\/blog\/wp-json\/wp\/v2\/posts\/22872\/revisions\/22874"}],"wp:attachment":[{"href":"http:\/\/blogdalucianaoliveira.com.br\/blog\/wp-json\/wp\/v2\/media?parent=22872"}],"wp:term":[{"taxonomy":"category","embeddable":true,"href":"http:\/\/blogdalucianaoliveira.com.br\/blog\/wp-json\/wp\/v2\/categories?post=22872"},{"taxonomy":"post_tag","embeddable":true,"href":"http:\/\/blogdalucianaoliveira.com.br\/blog\/wp-json\/wp\/v2\/tags?post=22872"}],"curies":[{"name":"wp","href":"https:\/\/api.w.org\/{rel}","templated":true}]}}