{"id":22879,"date":"2019-07-25T07:54:46","date_gmt":"2019-07-25T11:54:46","guid":{"rendered":"http:\/\/blogdalucianaoliveira.com.br\/blog\/?p=22879"},"modified":"2019-07-25T07:54:46","modified_gmt":"2019-07-25T11:54:46","slug":"a-velha-globo-na-manipulacao-de-sempre-a-noticia-sao-os-dialogos-criminosos-nao-os-russos-de-araraquara","status":"publish","type":"post","link":"http:\/\/blogdalucianaoliveira.com.br\/blog\/2019\/07\/25\/a-velha-globo-na-manipulacao-de-sempre-a-noticia-sao-os-dialogos-criminosos-nao-os-russos-de-araraquara\/","title":{"rendered":"A velha Globo na manipula\u00e7\u00e3o de sempre: a not\u00edcia s\u00e3o os di\u00e1logos criminosos, n\u00e3o os russos de Araraquara"},"content":{"rendered":"<p><img data-recalc-dims=\"1\" loading=\"lazy\" decoding=\"async\" data-attachment-id=\"22880\" data-permalink=\"http:\/\/blogdalucianaoliveira.com.br\/blog\/2019\/07\/25\/a-velha-globo-na-manipulacao-de-sempre-a-noticia-sao-os-dialogos-criminosos-nao-os-russos-de-araraquara\/9d2fd134-66a5-41d4-bb3f-1335385af10b\/\" data-orig-file=\"https:\/\/i0.wp.com\/blogdalucianaoliveira.com.br\/blog\/wp-content\/uploads\/2019\/07\/9D2FD134-66A5-41D4-BB3F-1335385AF10B.png?fit=750%2C491\" data-orig-size=\"750,491\" data-comments-opened=\"0\" data-image-meta=\"{&quot;aperture&quot;:&quot;0&quot;,&quot;credit&quot;:&quot;&quot;,&quot;camera&quot;:&quot;&quot;,&quot;caption&quot;:&quot;&quot;,&quot;created_timestamp&quot;:&quot;0&quot;,&quot;copyright&quot;:&quot;&quot;,&quot;focal_length&quot;:&quot;0&quot;,&quot;iso&quot;:&quot;0&quot;,&quot;shutter_speed&quot;:&quot;0&quot;,&quot;title&quot;:&quot;&quot;,&quot;orientation&quot;:&quot;0&quot;}\" data-image-title=\"9D2FD134-66A5-41D4-BB3F-1335385AF10B\" data-image-description=\"\" data-image-caption=\"\" data-medium-file=\"https:\/\/i0.wp.com\/blogdalucianaoliveira.com.br\/blog\/wp-content\/uploads\/2019\/07\/9D2FD134-66A5-41D4-BB3F-1335385AF10B.png?fit=300%2C196\" data-large-file=\"https:\/\/i0.wp.com\/blogdalucianaoliveira.com.br\/blog\/wp-content\/uploads\/2019\/07\/9D2FD134-66A5-41D4-BB3F-1335385AF10B.png?fit=600%2C393\" src=\"https:\/\/i0.wp.com\/blogdalucianaoliveira.com.br\/blog\/wp-content\/uploads\/2019\/07\/9D2FD134-66A5-41D4-BB3F-1335385AF10B.png?resize=600%2C393\" alt=\"9D2FD134-66A5-41D4-BB3F-1335385AF10B\" width=\"600\" height=\"393\" class=\"alignnone size-full wp-image-22880\" srcset=\"https:\/\/i0.wp.com\/blogdalucianaoliveira.com.br\/blog\/wp-content\/uploads\/2019\/07\/9D2FD134-66A5-41D4-BB3F-1335385AF10B.png?w=750 750w, https:\/\/i0.wp.com\/blogdalucianaoliveira.com.br\/blog\/wp-content\/uploads\/2019\/07\/9D2FD134-66A5-41D4-BB3F-1335385AF10B.png?resize=300%2C196 300w, https:\/\/i0.wp.com\/blogdalucianaoliveira.com.br\/blog\/wp-content\/uploads\/2019\/07\/9D2FD134-66A5-41D4-BB3F-1335385AF10B.png?resize=458%2C300 458w\" sizes=\"auto, (max-width: 600px) 100vw, 600px\" \/><\/p>\n<p>No DCM, por Joaquim de Carvalho &#8211; O jornalismo chapa branca da Globo est\u00e1 cobrindo o caso dos picaretas de Araraquara presos pela Pol\u00edcia Federal como se fosse um grande acontecimento mundial.<!--more--><\/p>\n<p>Chega a ser c\u00f4mico.<\/p>\n<p>Nenhum comentarista fala dos di\u00e1logos vazados que revelam a parcialidade do juiz que condenou o ex-presidente da rep\u00fablica e impediu a sua elei\u00e7\u00e3o em 2018.<\/p>\n<p>Isso sim \u00e9 grave, grav\u00edssimo.<\/p>\n<p>Em vez disso, a emissora desloca um batalh\u00e3o de profissionais para ficar na porta da Justi\u00e7a Federal e da Pol\u00edcia Federal em Bras\u00edlia \u00e0 espera de um vazamento.<\/p>\n<p>Tamb\u00e9m mant\u00e9m linha direta com o ministro da Justi\u00e7a, Sergio Moro, que tem acompanhado o trabalho da PF como fazia no tempo em que era juiz.<\/p>\n<p>Ou seja, est\u00e1 comandando toda opera\u00e7\u00e3o.<\/p>\n<p>H\u00e1 22 anos, a Globo obteve em circunst\u00e2ncias obscuras uma fita com a grava\u00e7\u00e3o de policiais torturando e matando pessoas perto de uma boca de fumo, em Diadema.<\/p>\n<p>Era o caso da favela Naval.<\/p>\n<p>Na \u00e9poca, se falou que a grava\u00e7\u00e3o havia sido feita sob patroc\u00ednio de traficantes. Seria uma reposta \u00e0 extors\u00e3o de dinheiro por parte dos policiais.<\/p>\n<p>O cinegrafista Francisco Romeu Vanni, o Pica-Pau, passou alguns dias escondido em um sobrado na entrada da favela e gravou cenas fortes, inclusive a de um assassinato.<\/p>\n<p>A Globo teve acesso \u00e0 fita e a divulgou, mediante uma controversa aquisi\u00e7\u00e3o dos direitos autorais.<\/p>\n<p>Na \u00e9poca, Pica-Pau, acompanhado de um advogado, me procurou na revista Veja para denunciar que a Globo estava usando as imagens indevidamente.<\/p>\n<p>Negou que tivesse sido contratado pelos traficantes. Disse que era um trabalho profissional e que queria receber o valor devido.<\/p>\n<p>Veja n\u00e3o publicou a den\u00fancia do Pica-Pau, por entender que o importante, naquele caso, n\u00e3o era a forma como a Globo teve acesso \u00e0s imagens, mas o que o conte\u00fado revelava: a brutalidade policial.<\/p>\n<p>Desta vez, sob a lideran\u00e7a da Globo, o que se faz \u00e9 o inverso: o importante no caso da Vaza Jato \u00e9 o que os di\u00e1logos revelam, n\u00e3o a fonte do vazamento.<\/p>\n<p>Foi hackeamento?<\/p>\n<p>Que os hackers sejam punidos. \u00c9 crime a viola\u00e7\u00e3o do sigilo das comunica\u00e7\u00f5es.<\/p>\n<p>Isso \u00e9 uma coisa.<\/p>\n<p>A outra \u00e9 o conte\u00fado das mensagens, que revela a brutalidade de agentes de Estado na condu\u00e7\u00e3o da Lava Jato.<\/p>\n<p>Quando a Globo divulgou imagens que mostravam policiais torturando inocentes, um discurso presente era que aquela revela\u00e7\u00e3o ajudava no fortalecimento da PM, para que tivesse o respeito da sociedade, sem criminosos.<\/p>\n<p>Agora ocorre a mesma coisa.<\/p>\n<p>Quando os di\u00e1logos de interesse p\u00fablico se tornam conhecidos, a imprensa ajuda na limpeza de institui\u00e7\u00f5es importantes como o Minist\u00e9rio P\u00fablico Federal e o Judici\u00e1rio.<\/p>\n<p>Ajuda na preserva\u00e7\u00e3o do estado democr\u00e1tico de direito, em que a imparcialidade no julgamentos \u00e9 caracter\u00edstica fundamental.<\/p>\n<p>A confus\u00e3o que a Globo e seus sat\u00e9lites promovem, com o foco na pris\u00e3o dos hackers, \u00e9 um desservi\u00e7o \u00e0 democracia.<\/p>\n<p>N\u00e3o \u00e9 surpreendente, tendo em vista a alian\u00e7a que a m\u00eddia conservadora, Judici\u00e1rio e MP costuraram h\u00e1 bastante tempo para tirar um projeto popular do governo, mas \u00e9 lament\u00e1vel, e deve ser denunciada.<\/p>\n","protected":false},"excerpt":{"rendered":"<p>No DCM, por Joaquim de Carvalho &#8211; O jornalismo chapa branca da Globo est\u00e1 cobrindo o caso dos picaretas de Araraquara presos pela Pol\u00edcia Federal como se fosse um grande acontecimento mundial.<\/p>\n","protected":false},"author":1,"featured_media":0,"comment_status":"closed","ping_status":"open","sticky":false,"template":"","format":"standard","meta":{"_exactmetrics_skip_tracking":false,"_exactmetrics_sitenote_active":false,"_exactmetrics_sitenote_note":"","_exactmetrics_sitenote_category":0,"jetpack_post_was_ever_published":false,"_jetpack_newsletter_access":"","_jetpack_dont_email_post_to_subs":false,"_jetpack_newsletter_tier_id":0,"_jetpack_memberships_contains_paywalled_content":false,"_jetpack_memberships_contains_paid_content":false,"footnotes":"","jetpack_publicize_message":"","jetpack_publicize_feature_enabled":true,"jetpack_social_post_already_shared":true,"jetpack_social_options":{"image_generator_settings":{"template":"highway","enabled":false},"version":2}},"categories":[1],"tags":[],"class_list":["post-22879","post","type-post","status-publish","format-standard","hentry","category-notas"],"jetpack_publicize_connections":[],"jetpack_sharing_enabled":true,"jetpack_featured_media_url":"","jetpack_shortlink":"https:\/\/wp.me\/p7wKYW-5X1","jetpack-related-posts":[],"_links":{"self":[{"href":"http:\/\/blogdalucianaoliveira.com.br\/blog\/wp-json\/wp\/v2\/posts\/22879","targetHints":{"allow":["GET"]}}],"collection":[{"href":"http:\/\/blogdalucianaoliveira.com.br\/blog\/wp-json\/wp\/v2\/posts"}],"about":[{"href":"http:\/\/blogdalucianaoliveira.com.br\/blog\/wp-json\/wp\/v2\/types\/post"}],"author":[{"embeddable":true,"href":"http:\/\/blogdalucianaoliveira.com.br\/blog\/wp-json\/wp\/v2\/users\/1"}],"replies":[{"embeddable":true,"href":"http:\/\/blogdalucianaoliveira.com.br\/blog\/wp-json\/wp\/v2\/comments?post=22879"}],"version-history":[{"count":1,"href":"http:\/\/blogdalucianaoliveira.com.br\/blog\/wp-json\/wp\/v2\/posts\/22879\/revisions"}],"predecessor-version":[{"id":22881,"href":"http:\/\/blogdalucianaoliveira.com.br\/blog\/wp-json\/wp\/v2\/posts\/22879\/revisions\/22881"}],"wp:attachment":[{"href":"http:\/\/blogdalucianaoliveira.com.br\/blog\/wp-json\/wp\/v2\/media?parent=22879"}],"wp:term":[{"taxonomy":"category","embeddable":true,"href":"http:\/\/blogdalucianaoliveira.com.br\/blog\/wp-json\/wp\/v2\/categories?post=22879"},{"taxonomy":"post_tag","embeddable":true,"href":"http:\/\/blogdalucianaoliveira.com.br\/blog\/wp-json\/wp\/v2\/tags?post=22879"}],"curies":[{"name":"wp","href":"https:\/\/api.w.org\/{rel}","templated":true}]}}