{"id":22882,"date":"2019-07-25T07:59:15","date_gmt":"2019-07-25T11:59:15","guid":{"rendered":"http:\/\/blogdalucianaoliveira.com.br\/blog\/?p=22882"},"modified":"2019-07-25T07:59:15","modified_gmt":"2019-07-25T11:59:15","slug":"diretoria-da-ancine-tera-45-dias-para-realizar-mudanca-para-brasilia","status":"publish","type":"post","link":"http:\/\/blogdalucianaoliveira.com.br\/blog\/2019\/07\/25\/diretoria-da-ancine-tera-45-dias-para-realizar-mudanca-para-brasilia\/","title":{"rendered":"Diretoria da Ancine ter\u00e1 45 dias para realizar mudan\u00e7a para Bras\u00edlia"},"content":{"rendered":"<p><img data-recalc-dims=\"1\" loading=\"lazy\" decoding=\"async\" data-attachment-id=\"22883\" data-permalink=\"http:\/\/blogdalucianaoliveira.com.br\/blog\/2019\/07\/25\/diretoria-da-ancine-tera-45-dias-para-realizar-mudanca-para-brasilia\/b945d367-3b9f-4984-a0db-c4241d161b04\/\" data-orig-file=\"https:\/\/i0.wp.com\/blogdalucianaoliveira.com.br\/blog\/wp-content\/uploads\/2019\/07\/B945D367-3B9F-4984-A0DB-C4241D161B04.jpeg?fit=768%2C512\" data-orig-size=\"768,512\" data-comments-opened=\"0\" data-image-meta=\"{&quot;aperture&quot;:&quot;0&quot;,&quot;credit&quot;:&quot;&quot;,&quot;camera&quot;:&quot;&quot;,&quot;caption&quot;:&quot;&quot;,&quot;created_timestamp&quot;:&quot;0&quot;,&quot;copyright&quot;:&quot;&quot;,&quot;focal_length&quot;:&quot;0&quot;,&quot;iso&quot;:&quot;0&quot;,&quot;shutter_speed&quot;:&quot;0&quot;,&quot;title&quot;:&quot;&quot;,&quot;orientation&quot;:&quot;0&quot;}\" data-image-title=\"B945D367-3B9F-4984-A0DB-C4241D161B04\" data-image-description=\"\" data-image-caption=\"\" data-medium-file=\"https:\/\/i0.wp.com\/blogdalucianaoliveira.com.br\/blog\/wp-content\/uploads\/2019\/07\/B945D367-3B9F-4984-A0DB-C4241D161B04.jpeg?fit=300%2C200\" data-large-file=\"https:\/\/i0.wp.com\/blogdalucianaoliveira.com.br\/blog\/wp-content\/uploads\/2019\/07\/B945D367-3B9F-4984-A0DB-C4241D161B04.jpeg?fit=600%2C400\" src=\"https:\/\/i0.wp.com\/blogdalucianaoliveira.com.br\/blog\/wp-content\/uploads\/2019\/07\/B945D367-3B9F-4984-A0DB-C4241D161B04.jpeg?resize=600%2C400\" alt=\"B945D367-3B9F-4984-A0DB-C4241D161B04\" width=\"600\" height=\"400\" class=\"alignnone size-full wp-image-22883\" srcset=\"https:\/\/i0.wp.com\/blogdalucianaoliveira.com.br\/blog\/wp-content\/uploads\/2019\/07\/B945D367-3B9F-4984-A0DB-C4241D161B04.jpeg?w=768 768w, https:\/\/i0.wp.com\/blogdalucianaoliveira.com.br\/blog\/wp-content\/uploads\/2019\/07\/B945D367-3B9F-4984-A0DB-C4241D161B04.jpeg?resize=300%2C200 300w, https:\/\/i0.wp.com\/blogdalucianaoliveira.com.br\/blog\/wp-content\/uploads\/2019\/07\/B945D367-3B9F-4984-A0DB-C4241D161B04.jpeg?resize=450%2C300 450w\" sizes=\"auto, (max-width: 600px) 100vw, 600px\" \/><\/p>\n<p>M\u00f4nica Bergamo- O governo deu um prazo de 45 dias para a diretoria da Ancine (Ag\u00eancia Nacional do Cinema) ser transferida do Rio de Janeiro para Bras\u00edlia.<!--more--><\/p>\n<p>OLHA A ONDA<\/p>\n<p>O filme \u201cBruna Surfistinha\u201d, pin\u00e7ado por Jair Bolsonaro como exemplo do que a Ancine n\u00e3o deve financiar, \u00e9 o primeiro que aparece como recomenda\u00e7\u00e3o da plataforma Globoplay na categoria \u201caqui o cinema brasileiro tem vez\u201d.  \u200b<\/p>\n<p>ONDA 2\u2002<\/p>\n<p>Questionada se a visibilidade se deu por conta do presidente, a Globoplay diz que n\u00e3o comentar\u00e1.<\/p>\n<p>PERA L\u00c1\u2002<\/p>\n<p>O ex-secret\u00e1rio da Cultura de SP Andr\u00e9 Sturm questiona o levantamento da APTI (Associa\u00e7\u00e3o de Produtores Teatrais Independentes) sobre a paralisa\u00e7\u00e3o de edi\u00e7\u00f5es do Programa de Fomento ao Teatro, da secretaria.<\/p>\n<p>L\u00c1 2\u2002<\/p>\n<p>Ele diz que os recursos da edi\u00e7\u00e3o de 2017 do fomento foram destinados ao pr\u00eamio Cleyde Y\u00e1conis, que selecionou 25 projetos de teatro de at\u00e9 R$ 300 mil, gerando \u201ccentenas de empregos e milhares de ingressos distribu\u00eddos\u201d. <\/p>\n<p>DADOS\u2002<\/p>\n<p>A APTI diz que que o levantamento \u00e9 \u201cuma nota t\u00e9cnica relatando os preju\u00edzos\u201d das edi\u00e7\u00f5es n\u00e3o realizadas. \u201cOutros destinos para o mesmo recurso n\u00e3o ir\u00e3o recuperar os espet\u00e1culos que n\u00e3o aconteceram, assim como as pesquisas e publica\u00e7\u00f5es\u201d.<\/p>\n","protected":false},"excerpt":{"rendered":"<p>M\u00f4nica Bergamo- O governo deu um prazo de 45 dias para a diretoria da Ancine (Ag\u00eancia Nacional do Cinema) ser transferida do Rio de Janeiro para Bras\u00edlia.<\/p>\n","protected":false},"author":1,"featured_media":0,"comment_status":"closed","ping_status":"open","sticky":false,"template":"","format":"standard","meta":{"_exactmetrics_skip_tracking":false,"_exactmetrics_sitenote_active":false,"_exactmetrics_sitenote_note":"","_exactmetrics_sitenote_category":0,"jetpack_post_was_ever_published":false,"_jetpack_newsletter_access":"","_jetpack_dont_email_post_to_subs":false,"_jetpack_newsletter_tier_id":0,"_jetpack_memberships_contains_paywalled_content":false,"_jetpack_memberships_contains_paid_content":false,"footnotes":"","jetpack_publicize_message":"","jetpack_publicize_feature_enabled":true,"jetpack_social_post_already_shared":true,"jetpack_social_options":{"image_generator_settings":{"template":"highway","enabled":false},"version":2}},"categories":[1],"tags":[],"class_list":["post-22882","post","type-post","status-publish","format-standard","hentry","category-notas"],"jetpack_publicize_connections":[],"jetpack_sharing_enabled":true,"jetpack_featured_media_url":"","jetpack_shortlink":"https:\/\/wp.me\/p7wKYW-5X4","jetpack-related-posts":[],"_links":{"self":[{"href":"http:\/\/blogdalucianaoliveira.com.br\/blog\/wp-json\/wp\/v2\/posts\/22882","targetHints":{"allow":["GET"]}}],"collection":[{"href":"http:\/\/blogdalucianaoliveira.com.br\/blog\/wp-json\/wp\/v2\/posts"}],"about":[{"href":"http:\/\/blogdalucianaoliveira.com.br\/blog\/wp-json\/wp\/v2\/types\/post"}],"author":[{"embeddable":true,"href":"http:\/\/blogdalucianaoliveira.com.br\/blog\/wp-json\/wp\/v2\/users\/1"}],"replies":[{"embeddable":true,"href":"http:\/\/blogdalucianaoliveira.com.br\/blog\/wp-json\/wp\/v2\/comments?post=22882"}],"version-history":[{"count":1,"href":"http:\/\/blogdalucianaoliveira.com.br\/blog\/wp-json\/wp\/v2\/posts\/22882\/revisions"}],"predecessor-version":[{"id":22884,"href":"http:\/\/blogdalucianaoliveira.com.br\/blog\/wp-json\/wp\/v2\/posts\/22882\/revisions\/22884"}],"wp:attachment":[{"href":"http:\/\/blogdalucianaoliveira.com.br\/blog\/wp-json\/wp\/v2\/media?parent=22882"}],"wp:term":[{"taxonomy":"category","embeddable":true,"href":"http:\/\/blogdalucianaoliveira.com.br\/blog\/wp-json\/wp\/v2\/categories?post=22882"},{"taxonomy":"post_tag","embeddable":true,"href":"http:\/\/blogdalucianaoliveira.com.br\/blog\/wp-json\/wp\/v2\/tags?post=22882"}],"curies":[{"name":"wp","href":"https:\/\/api.w.org\/{rel}","templated":true}]}}