{"id":22900,"date":"2019-07-26T13:39:30","date_gmt":"2019-07-26T17:39:30","guid":{"rendered":"http:\/\/blogdalucianaoliveira.com.br\/blog\/?p=22900"},"modified":"2019-07-26T13:50:48","modified_gmt":"2019-07-26T17:50:48","slug":"em-sete-meses-bolsonaro-faz-o-brasil-voltar-aos-debates-pre-constituicao-de-1988a","status":"publish","type":"post","link":"http:\/\/blogdalucianaoliveira.com.br\/blog\/2019\/07\/26\/em-sete-meses-bolsonaro-faz-o-brasil-voltar-aos-debates-pre-constituicao-de-1988a\/","title":{"rendered":"Em sete meses, Bolsonaro faz o Brasil voltar aos debates pr\u00e9-Constitui\u00e7\u00e3o de 1988"},"content":{"rendered":"<p> <img data-recalc-dims=\"1\" loading=\"lazy\" decoding=\"async\" data-attachment-id=\"22901\" data-permalink=\"http:\/\/blogdalucianaoliveira.com.br\/blog\/2019\/07\/26\/em-sete-meses-bolsonaro-faz-o-brasil-voltar-aos-debates-pre-constituicao-de-1988a\/d429bfcb-5e03-4cbf-9a7f-ab8e3fd85b56\/\" data-orig-file=\"https:\/\/i0.wp.com\/blogdalucianaoliveira.com.br\/blog\/wp-content\/uploads\/2019\/07\/D429BFCB-5E03-4CBF-9A7F-AB8E3FD85B56.jpeg?fit=640%2C427\" data-orig-size=\"640,427\" data-comments-opened=\"0\" data-image-meta=\"{&quot;aperture&quot;:&quot;0&quot;,&quot;credit&quot;:&quot;Antonio Cruz\\\/Ag\\u00eancia Brasil&quot;,&quot;camera&quot;:&quot;Canon EOS-1D X&quot;,&quot;caption&quot;:&quot;O presidente eleito Jair Bolsonaro participa no Congresso Nacional da sess\\u00e3o solene em comemora\\u00e7\\u00e3o aos 30 anos da Constitui\\u00e7\\u00e3o Federal.&quot;,&quot;created_timestamp&quot;:&quot;1541500336&quot;,&quot;copyright&quot;:&quot;Agencia Brasil&quot;,&quot;focal_length&quot;:&quot;280&quot;,&quot;iso&quot;:&quot;3200&quot;,&quot;shutter_speed&quot;:&quot;0.00625&quot;,&quot;title&quot;:&quot;&quot;,&quot;orientation&quot;:&quot;0&quot;}\" data-image-title=\"\" data-image-description=\"\" data-image-caption=\"\" data-medium-file=\"https:\/\/i0.wp.com\/blogdalucianaoliveira.com.br\/blog\/wp-content\/uploads\/2019\/07\/D429BFCB-5E03-4CBF-9A7F-AB8E3FD85B56.jpeg?fit=300%2C200\" data-large-file=\"https:\/\/i0.wp.com\/blogdalucianaoliveira.com.br\/blog\/wp-content\/uploads\/2019\/07\/D429BFCB-5E03-4CBF-9A7F-AB8E3FD85B56.jpeg?fit=600%2C400\" src=\"https:\/\/i0.wp.com\/blogdalucianaoliveira.com.br\/blog\/wp-content\/uploads\/2019\/07\/D429BFCB-5E03-4CBF-9A7F-AB8E3FD85B56.jpeg?resize=600%2C400\" alt=\" \" width=\"600\" height=\"400\" class=\"alignnone size-full wp-image-22901\" srcset=\"https:\/\/i0.wp.com\/blogdalucianaoliveira.com.br\/blog\/wp-content\/uploads\/2019\/07\/D429BFCB-5E03-4CBF-9A7F-AB8E3FD85B56.jpeg?w=640 640w, https:\/\/i0.wp.com\/blogdalucianaoliveira.com.br\/blog\/wp-content\/uploads\/2019\/07\/D429BFCB-5E03-4CBF-9A7F-AB8E3FD85B56.jpeg?resize=300%2C200 300w, https:\/\/i0.wp.com\/blogdalucianaoliveira.com.br\/blog\/wp-content\/uploads\/2019\/07\/D429BFCB-5E03-4CBF-9A7F-AB8E3FD85B56.jpeg?resize=450%2C300 450w\" sizes=\"auto, (max-width: 600px) 100vw, 600px\" \/><\/p>\n<p>Pesquisadores alertam para in\u00edcio de um ataque sistem\u00e1tico do governo \u00e0s garantias conquistadas ap\u00f3s a ditadura militar<!--more--><\/p>\n<p>Pedro Biondi<br \/>\nBrasil de Fato<\/p>\n<p>Nos primeiros sete meses do governo de Jair Bolsonaro (PSL), 40 ex-ministros se uniram em manifestos, cartas abertas e notas de rep\u00fadio contra pol\u00edticas, medidas e posturas da atual gest\u00e3o federal. O ponto de converg\u00eancia entre eles: a defesa da Constitui\u00e7\u00e3o Federal de 1988.<\/p>\n<p>Para compreender at\u00e9 que ponto o capit\u00e3o reformado e sua equipe representam um rompimento e uma amea\u00e7a aos princ\u00edpios expressos na carta Magna, o Brasil de Fato ouviu dois especialistas no tema: o historiador Cleonildo Cruz, da Universidad Nacional Tres de Febrero, da Argentina, Ursula Dias Peres, especialista em pol\u00edticas p\u00fablicas e pesquisadora da Universidade de S\u00e3o Paulo (USP).<\/p>\n<p>\u201cO que est\u00e1 acontecendo \u00e9 uma quebra de paradigma muito forte\u201d, sintetiza Peres, coordenadora do curso de Pol\u00edticas P\u00fablicas da Escola de Artes, Ci\u00eancias e Humanidades (EACH) da USP.<\/p>\n<p>Na interpreta\u00e7\u00e3o dela, os protagonistas da disputa pol\u00edtica no Brasil das \u00faltimas d\u00e9cadas, o Partido da Social Democracia Brasileira (PSDB) e o Partido dos Trabalhadores (PT), se bem n\u00e3o concordavam em todas as propostas, tinham uma base muito forte no regramento constitucional de 88, o que resultou em um cen\u00e1rio de fortalecimento das pol\u00edticas p\u00fablicas.<\/p>\n<p>Por outro lado, a atual combina\u00e7\u00e3o de desinvestimento, recusa \u00e0 universaliza\u00e7\u00e3o e rejei\u00e7\u00e3o \u00e0s evid\u00eancias cient\u00edficas, segundo Peres, coloca o pa\u00eds em risco de limitar-se novamente \u00e0 condi\u00e7\u00e3o de subdesenvolvido em termos econ\u00f4micos, sociais e tecnol\u00f3gicos.<\/p>\n<p>Sobre as pol\u00edticas preferenciais do governo Bolsonaro, Peres identifica no est\u00edmulo ao armamentismo e \u00e0 defesa por conta pr\u00f3pria uma demonstra\u00e7\u00e3o de enfraquecimento das institui\u00e7\u00f5es ligadas \u00e0 justi\u00e7a e \u00e0 seguran\u00e7a, com individualiza\u00e7\u00e3o das pol\u00edticas.<\/p>\n<p>\u201c\u00c9 o contr\u00e1rio do que a gente acredita. Elas devem ser coletivas e, se poss\u00edvel, universais\u201d, contrap\u00f5e.<\/p>\n<p>Para ela, a Emenda Constitucional 95 \u2013 do teto de gastos \u2013, ainda no governo de Michel Temer (MDB), foi uma &#8220;semente de desregulamenta\u00e7\u00e3o do Estado\u201d. O governo Bolsonaro tornou o desmonte sistem\u00e1tica.<\/p>\n<p>Constitui\u00e7\u00e3o tra\u00edda<\/p>\n<p>\u201cNunca houve, desde o processo de redemocratiza\u00e7\u00e3o, um encontro de ex-ministros para tratar de temas t\u00e3o cruciais\u201d, observa o historiador Cleonildo Cruz, sobre as recentes manifesta\u00e7\u00f5es conjuntas de pol\u00edticos de diferentes orienta\u00e7\u00f5es pol\u00edticas que comandaram minist\u00e9rios no passado \u2013 todas em rep\u00fadio a iniciativas do atual governo.<\/p>\n<p>\u201cAt\u00e9 a Constituinte t\u00ednhamos um regime ditatorial civil, militar e empresarial que tutelou todas as pol\u00edticas p\u00fablicas\u201d, rememora, pontuando que, na volta do governo aos civis, a Constitui\u00e7\u00e3o foi \u201cbasilar\u201d para formular as novas pol\u00edticas. \u201cDepois delas tivemos a efetiva\u00e7\u00e3o de pol\u00edticas protetivas, de consolida\u00e7\u00e3o da dignidade humana. E hoje a gente v\u00ea o desmonte completo delas\u201d, assinala.<\/p>\n<p>Ele lembra que o Estatuto da Crian\u00e7a e do Adolescente foi sancionado em 1990, o Estatuto do Idoso, em 2003, e o da Igualdade Racial, em 2010. \u201cAgora, com o governo de extrema direita, temos a terra arrasada de todas essas pol\u00edticas. Nossa Constitui\u00e7\u00e3o tem sido rasgada, desmantelada\u201d, afirma.<\/p>\n<p>Cruz localiza a origem do processo que o pa\u00eds vive muito antes do golpe que derrubou Dilma Rousseff (PT) e al\u00e7ou Temer \u00e0 Presid\u00eancia, em 2016: \u201cA raiz j\u00e1 vem desde o regime militar. Foi fruto dessa Lei de Anistia que n\u00e3o puniu os agentes da ditadura. Os agentes do Estado que agiram criminalmente ficaram inc\u00f3lumes, sem ser responsabilizados civil e criminalmente\u201d.<\/p>\n<p>Segundo o entrevistado \u2013 que tamb\u00e9m dirigiu document\u00e1rios sobre o per\u00edodo militar, a anistia e a elabora\u00e7\u00e3o constitucional \u2013, o pa\u00eds precisar\u00e1 varrer essa ambiguidade para consolidar sua democracia.<\/p>\n<p>Reforma tribut\u00e1ria e disposi\u00e7\u00e3o ao debate<\/p>\n<p>Os entrevistados pelo Brasil de Fato tamb\u00e9m fizeram proje\u00e7\u00f5es e propostas para o pr\u00f3ximo per\u00edodo.<\/p>\n<p>Ursula Dias Peres defende que, ao lado da preserva\u00e7\u00e3o de direitos, a esquerda e as for\u00e7as progressistas re\u00fanam-se para pressionar por uma reforma tribut\u00e1ria. Segundo ela, sem isso, n\u00e3o ser\u00e1 poss\u00edvel pautar a defesa das garantias constitucionais.<\/p>\n<p>\u201cTemos uma taxa\u00e7\u00e3o baixa sobre a renda, baix\u00edssima sobre patrim\u00f4nio e muito desestruturada sobre o consumo e a produ\u00e7\u00e3o \u2013 \u00e0s vezes, bitributada. Quanto mais pobre, maior a carga tribut\u00e1ria\u201d, questiona.<\/p>\n<p>Para Cleonildo Cruz, \u00e9 preciso \u201cfurar a bolha\u201d, debater com as pessoas que n\u00e3o pensam parecido. Nesse sentido, ele elogia a iniciativa do site The Intercept Brasil de compartilhar as revela\u00e7\u00f5es da Vaza Jato com ve\u00edculos que atingem outros p\u00fablicos, a exemplo da Folha de S. Paulo e da Veja.<\/p>\n<p>\u201c\u00c9 preciso ocupar os espa\u00e7os e ocupar as ruas. N\u00e3o \u00e0 concilia\u00e7\u00e3o, sim \u00e0 radicalidade democr\u00e1tica\u201d, prop\u00f5e.<\/p>\n<p>Edi\u00e7\u00e3o: Rodrigo Chagas<\/p>\n","protected":false},"excerpt":{"rendered":"<p>Pesquisadores alertam para in\u00edcio de um ataque sistem\u00e1tico do governo \u00e0s garantias conquistadas ap\u00f3s a ditadura militar<\/p>\n","protected":false},"author":1,"featured_media":0,"comment_status":"closed","ping_status":"open","sticky":false,"template":"","format":"standard","meta":{"_exactmetrics_skip_tracking":false,"_exactmetrics_sitenote_active":false,"_exactmetrics_sitenote_note":"","_exactmetrics_sitenote_category":0,"jetpack_post_was_ever_published":false,"_jetpack_newsletter_access":"","_jetpack_dont_email_post_to_subs":false,"_jetpack_newsletter_tier_id":0,"_jetpack_memberships_contains_paywalled_content":false,"_jetpack_memberships_contains_paid_content":false,"footnotes":"","jetpack_publicize_message":"","jetpack_publicize_feature_enabled":true,"jetpack_social_post_already_shared":true,"jetpack_social_options":{"image_generator_settings":{"template":"highway","enabled":false},"version":2}},"categories":[1],"tags":[],"class_list":["post-22900","post","type-post","status-publish","format-standard","hentry","category-notas"],"jetpack_publicize_connections":[],"jetpack_sharing_enabled":true,"jetpack_featured_media_url":"","jetpack_shortlink":"https:\/\/wp.me\/p7wKYW-5Xm","jetpack-related-posts":[],"_links":{"self":[{"href":"http:\/\/blogdalucianaoliveira.com.br\/blog\/wp-json\/wp\/v2\/posts\/22900","targetHints":{"allow":["GET"]}}],"collection":[{"href":"http:\/\/blogdalucianaoliveira.com.br\/blog\/wp-json\/wp\/v2\/posts"}],"about":[{"href":"http:\/\/blogdalucianaoliveira.com.br\/blog\/wp-json\/wp\/v2\/types\/post"}],"author":[{"embeddable":true,"href":"http:\/\/blogdalucianaoliveira.com.br\/blog\/wp-json\/wp\/v2\/users\/1"}],"replies":[{"embeddable":true,"href":"http:\/\/blogdalucianaoliveira.com.br\/blog\/wp-json\/wp\/v2\/comments?post=22900"}],"version-history":[{"count":2,"href":"http:\/\/blogdalucianaoliveira.com.br\/blog\/wp-json\/wp\/v2\/posts\/22900\/revisions"}],"predecessor-version":[{"id":22906,"href":"http:\/\/blogdalucianaoliveira.com.br\/blog\/wp-json\/wp\/v2\/posts\/22900\/revisions\/22906"}],"wp:attachment":[{"href":"http:\/\/blogdalucianaoliveira.com.br\/blog\/wp-json\/wp\/v2\/media?parent=22900"}],"wp:term":[{"taxonomy":"category","embeddable":true,"href":"http:\/\/blogdalucianaoliveira.com.br\/blog\/wp-json\/wp\/v2\/categories?post=22900"},{"taxonomy":"post_tag","embeddable":true,"href":"http:\/\/blogdalucianaoliveira.com.br\/blog\/wp-json\/wp\/v2\/tags?post=22900"}],"curies":[{"name":"wp","href":"https:\/\/api.w.org\/{rel}","templated":true}]}}