{"id":22911,"date":"2019-07-27T19:41:45","date_gmt":"2019-07-27T23:41:45","guid":{"rendered":"http:\/\/blogdalucianaoliveira.com.br\/blog\/?p=22911"},"modified":"2019-07-27T19:41:45","modified_gmt":"2019-07-27T23:41:45","slug":"questao-ambiental-e-para-veganos-que-so-comem-vegetais-diz-bolsonaro","status":"publish","type":"post","link":"http:\/\/blogdalucianaoliveira.com.br\/blog\/2019\/07\/27\/questao-ambiental-e-para-veganos-que-so-comem-vegetais-diz-bolsonaro\/","title":{"rendered":"Quest\u00e3o ambiental \u00e9 para veganos que s\u00f3 comem vegetais, diz Bolsonaro"},"content":{"rendered":"<p><img data-recalc-dims=\"1\" loading=\"lazy\" decoding=\"async\" data-attachment-id=\"22912\" data-permalink=\"http:\/\/blogdalucianaoliveira.com.br\/blog\/2019\/07\/27\/questao-ambiental-e-para-veganos-que-so-comem-vegetais-diz-bolsonaro\/55af359e-3c2d-4d07-960a-5282b5253050\/\" data-orig-file=\"https:\/\/i0.wp.com\/blogdalucianaoliveira.com.br\/blog\/wp-content\/uploads\/2019\/07\/55AF359E-3C2D-4D07-960A-5282B5253050.jpeg?fit=768%2C512\" data-orig-size=\"768,512\" data-comments-opened=\"0\" data-image-meta=\"{&quot;aperture&quot;:&quot;0&quot;,&quot;credit&quot;:&quot;&quot;,&quot;camera&quot;:&quot;&quot;,&quot;caption&quot;:&quot;&quot;,&quot;created_timestamp&quot;:&quot;0&quot;,&quot;copyright&quot;:&quot;&quot;,&quot;focal_length&quot;:&quot;0&quot;,&quot;iso&quot;:&quot;0&quot;,&quot;shutter_speed&quot;:&quot;0&quot;,&quot;title&quot;:&quot;&quot;,&quot;orientation&quot;:&quot;0&quot;}\" data-image-title=\"55AF359E-3C2D-4D07-960A-5282B5253050\" data-image-description=\"\" data-image-caption=\"\" data-medium-file=\"https:\/\/i0.wp.com\/blogdalucianaoliveira.com.br\/blog\/wp-content\/uploads\/2019\/07\/55AF359E-3C2D-4D07-960A-5282B5253050.jpeg?fit=300%2C200\" data-large-file=\"https:\/\/i0.wp.com\/blogdalucianaoliveira.com.br\/blog\/wp-content\/uploads\/2019\/07\/55AF359E-3C2D-4D07-960A-5282B5253050.jpeg?fit=600%2C400\" src=\"https:\/\/i0.wp.com\/blogdalucianaoliveira.com.br\/blog\/wp-content\/uploads\/2019\/07\/55AF359E-3C2D-4D07-960A-5282B5253050.jpeg?resize=600%2C400\" alt=\"55AF359E-3C2D-4D07-960A-5282B5253050\" width=\"600\" height=\"400\" class=\"alignnone size-full wp-image-22912\" srcset=\"https:\/\/i0.wp.com\/blogdalucianaoliveira.com.br\/blog\/wp-content\/uploads\/2019\/07\/55AF359E-3C2D-4D07-960A-5282B5253050.jpeg?w=768 768w, https:\/\/i0.wp.com\/blogdalucianaoliveira.com.br\/blog\/wp-content\/uploads\/2019\/07\/55AF359E-3C2D-4D07-960A-5282B5253050.jpeg?resize=300%2C200 300w, https:\/\/i0.wp.com\/blogdalucianaoliveira.com.br\/blog\/wp-content\/uploads\/2019\/07\/55AF359E-3C2D-4D07-960A-5282B5253050.jpeg?resize=450%2C300 450w\" sizes=\"auto, (max-width: 600px) 100vw, 600px\" \/><\/p>\n<p>Presidente promete &#8216;surpresa&#8217; sobre dados do Inpe que mostram aumento do desmatamento<!--more--><\/p>\n<p>Na Folha<br \/>\nDiego Garcia<\/p>\n<p>O presidente Jair Bolsonaro (PSL) voltou a afirmar neste s\u00e1bado (27), em evento do Ex\u00e9rcito na zona oeste do Rio de Janeiro, querer transformar a ba\u00eda de Angra dos Reis em uma \u201cCanc\u00fan Brasileira\u201d, e que apenas \u201cveganos que comem s\u00f3 vegetais\u201d se importariam com a quest\u00e3o ambiental na regi\u00e3o.<\/p>\n<p>Questionado se o ambiente n\u00e3o seria importante na transforma\u00e7\u00e3o da ba\u00eda de Angra dos Reis, o presidente fez um longo discurso contra a quest\u00e3o ambiental.<\/p>\n<p>\u201cS\u00f3 aos veganos que comem s\u00f3 vegetais [\u00e9 importante a quest\u00e3o ambiental] (&#8230;) Outros pa\u00edses com ba\u00eda n\u00e3o t\u00e3o exuberante como a de Angra conservam o meio ambiente. Se quis\u00e9ssemos fazer uma maldade, cometer um crime, n\u00f3s ir\u00edamos \u00e0 noite ou em um fim de semana qualquer na ba\u00eda de Angra e cometer\u00edamos um crime ambiental, que n\u00e3o tem como fiscalizar\u201d, disse.<\/p>\n<p>No ano passado, o STF (Supremo Tribunal Federal) decidiu pela inconstitucionalidade de redu\u00e7\u00e3o de Unidades de Conserva\u00e7\u00e3o (UCs) por medida provis\u00f3ria. Bolsonaro quer alterar o status da Esta\u00e7\u00e3o Ecol\u00f3gica (Esec) de Angra, onde \u00e9 dono de uma casa na Vila Hist\u00f3rica de Mambucaba.<\/p>\n<p>O presidente voltou a apontou que quer transformar Angra em uma \u201cCanc\u00fan Brasileira\u201d.<\/p>\n<p>\u201cMe ajudem a fazer a ba\u00eda de Angra a Cancun brasileira. S\u00f3 que eu tenho que derrubar um decreto, acreditem, \u00e9 por lei. Cancun fatura US$ 12 bilh\u00f5es por ano. O que fatura a ba\u00eda de Angra? Fatura com dinheiro que vem de cuscuz, cocoroca e \u00e1gua de coco. E o estado do Rio com dificuldades. Vamos fazer da ba\u00eda de Angra um Canc\u00fan. Tem gente de fora do Brasil que a custo zero transforma a ba\u00eda de Angra talvez na primeira maravilha do Brasil\u201d, planejou Bolsonaro.<\/p>\n<p>Enquanto defendia a mudan\u00e7a em Angra, o presidente voltou a colocar em d\u00favidas os dados do Inpe (Instituto Nacional de Pesquisas Espaciais). \u201cEsses dados do Inpe, semana que vem voc\u00eas, v\u00e3o ter uma surpresa\u201d, disse o presidente, que n\u00e3o quis dizer qual seria essa surpresa.<\/p>\n<p>\u201cNo Brasil, parece que os chefes de Estado e alguns fazem campanha contra a sua p\u00e1tria. Lula em 2002 disse que Brasil tinha 30 milh\u00f5es de crian\u00e7as nas ruas, \u00e9 uma p\u00e9ssima propaganda contra o Brasil, essa quest\u00e3o ambiental \u00e9 a mesma coisa. N\u00e3o estou acusando ningu\u00e9m, mas queria saber o que une essas pessoas com ONGs internacionais. N\u00e3o serei o respons\u00e1vel por fazer uma campanha contra o meu Brasil\u201d, reclamou Bolsonaro. <\/p>\n<p>Dados preliminares de sat\u00e9lites do Inpe mostram que mais de 1.000 km\u00b2 de floresta amaz\u00f4nica foram derrubados na primeira quinzena deste m\u00eas, aumento de 68% em rela\u00e7\u00e3o a julho de 2018.<\/p>\n<p>\u201cQuando acabarem os commodities do Brasil, n\u00f3s vamos viver do que? Do que a gente vai viver? Outros pa\u00edses cada vez mais avan\u00e7ando no mundo todo. Vamos viver do que? Vamos virar veganos? Vamos virar, sim&#8230; Viver do meio ambiente? N\u00e3o podemos tratar o meio ambiente como uma psicose ambiental\u201d, continuou o presidente do Brasil.<\/p>\n<p>Bolsonaro comentou ainda a quest\u00e3o ind\u00edgena no pa\u00eds e disse que \u00edndios n\u00e3o querem viver isolados em reservas, como em um zool\u00f3gico.<\/p>\n<p>\u201cEu tenho conversado com \u00edndios, eles n\u00e3o querem viver como homem pr\u00e9-hist\u00f3ricos dentro das suas propriedades, eles querem em um primeiro momento energia el\u00e9trica. Estive agora no Amazonas, conversei com um pequeno grupo de \u00edndios e foi nesse sentido a conversa. O \u00edndio \u00e9 um ser humano igual a n\u00f3s, n\u00e3o \u00e9 para ficar isolado em uma reserva como se fosse um zool\u00f3gico\u201d, acrescentou Jair Bolsonaro.<\/p>\n<p>Questionado pela Folha neste s\u00e1bado (27), o ministro Ricardo Salles (Meio-Ambiente) n\u00e3o quis se manifestar sobre as declara\u00e7\u00f5es de Bolsonaro.<\/p>\n","protected":false},"excerpt":{"rendered":"<p>Presidente promete &#8216;surpresa&#8217; sobre dados do Inpe que mostram aumento do desmatamento<\/p>\n","protected":false},"author":1,"featured_media":0,"comment_status":"closed","ping_status":"open","sticky":false,"template":"","format":"standard","meta":{"_exactmetrics_skip_tracking":false,"_exactmetrics_sitenote_active":false,"_exactmetrics_sitenote_note":"","_exactmetrics_sitenote_category":0,"jetpack_post_was_ever_published":false,"_jetpack_newsletter_access":"","_jetpack_dont_email_post_to_subs":false,"_jetpack_newsletter_tier_id":0,"_jetpack_memberships_contains_paywalled_content":false,"_jetpack_memberships_contains_paid_content":false,"footnotes":"","jetpack_publicize_message":"","jetpack_publicize_feature_enabled":true,"jetpack_social_post_already_shared":true,"jetpack_social_options":{"image_generator_settings":{"template":"highway","enabled":false},"version":2}},"categories":[1],"tags":[],"class_list":["post-22911","post","type-post","status-publish","format-standard","hentry","category-notas"],"jetpack_publicize_connections":[],"jetpack_sharing_enabled":true,"jetpack_featured_media_url":"","jetpack_shortlink":"https:\/\/wp.me\/p7wKYW-5Xx","jetpack-related-posts":[],"_links":{"self":[{"href":"http:\/\/blogdalucianaoliveira.com.br\/blog\/wp-json\/wp\/v2\/posts\/22911","targetHints":{"allow":["GET"]}}],"collection":[{"href":"http:\/\/blogdalucianaoliveira.com.br\/blog\/wp-json\/wp\/v2\/posts"}],"about":[{"href":"http:\/\/blogdalucianaoliveira.com.br\/blog\/wp-json\/wp\/v2\/types\/post"}],"author":[{"embeddable":true,"href":"http:\/\/blogdalucianaoliveira.com.br\/blog\/wp-json\/wp\/v2\/users\/1"}],"replies":[{"embeddable":true,"href":"http:\/\/blogdalucianaoliveira.com.br\/blog\/wp-json\/wp\/v2\/comments?post=22911"}],"version-history":[{"count":1,"href":"http:\/\/blogdalucianaoliveira.com.br\/blog\/wp-json\/wp\/v2\/posts\/22911\/revisions"}],"predecessor-version":[{"id":22913,"href":"http:\/\/blogdalucianaoliveira.com.br\/blog\/wp-json\/wp\/v2\/posts\/22911\/revisions\/22913"}],"wp:attachment":[{"href":"http:\/\/blogdalucianaoliveira.com.br\/blog\/wp-json\/wp\/v2\/media?parent=22911"}],"wp:term":[{"taxonomy":"category","embeddable":true,"href":"http:\/\/blogdalucianaoliveira.com.br\/blog\/wp-json\/wp\/v2\/categories?post=22911"},{"taxonomy":"post_tag","embeddable":true,"href":"http:\/\/blogdalucianaoliveira.com.br\/blog\/wp-json\/wp\/v2\/tags?post=22911"}],"curies":[{"name":"wp","href":"https:\/\/api.w.org\/{rel}","templated":true}]}}