{"id":22914,"date":"2019-07-27T19:53:21","date_gmt":"2019-07-27T23:53:21","guid":{"rendered":"http:\/\/blogdalucianaoliveira.com.br\/blog\/?p=22914"},"modified":"2019-07-27T19:59:03","modified_gmt":"2019-07-27T23:59:03","slug":"garimpeiros-invadem-aldeia-no-amapa-e-matam-cacique","status":"publish","type":"post","link":"http:\/\/blogdalucianaoliveira.com.br\/blog\/2019\/07\/27\/garimpeiros-invadem-aldeia-no-amapa-e-matam-cacique\/","title":{"rendered":"Garimpeiros invadem aldeia no Amap\u00e1 e matam cacique"},"content":{"rendered":"<p><img data-recalc-dims=\"1\" loading=\"lazy\" decoding=\"async\" data-attachment-id=\"22915\" data-permalink=\"http:\/\/blogdalucianaoliveira.com.br\/blog\/2019\/07\/27\/garimpeiros-invadem-aldeia-no-amapa-e-matam-cacique\/0f018f79-ac36-4706-8594-92e4bb756c83\/\" data-orig-file=\"https:\/\/i0.wp.com\/blogdalucianaoliveira.com.br\/blog\/wp-content\/uploads\/2019\/07\/0F018F79-AC36-4706-8594-92E4BB756C83.jpeg?fit=500%2C240\" data-orig-size=\"500,240\" data-comments-opened=\"0\" data-image-meta=\"{&quot;aperture&quot;:&quot;0&quot;,&quot;credit&quot;:&quot;&quot;,&quot;camera&quot;:&quot;&quot;,&quot;caption&quot;:&quot;&quot;,&quot;created_timestamp&quot;:&quot;0&quot;,&quot;copyright&quot;:&quot;&quot;,&quot;focal_length&quot;:&quot;0&quot;,&quot;iso&quot;:&quot;0&quot;,&quot;shutter_speed&quot;:&quot;0&quot;,&quot;title&quot;:&quot;&quot;,&quot;orientation&quot;:&quot;0&quot;}\" data-image-title=\"0F018F79-AC36-4706-8594-92E4BB756C83\" data-image-description=\"\" data-image-caption=\"\" data-medium-file=\"https:\/\/i0.wp.com\/blogdalucianaoliveira.com.br\/blog\/wp-content\/uploads\/2019\/07\/0F018F79-AC36-4706-8594-92E4BB756C83.jpeg?fit=300%2C144\" data-large-file=\"https:\/\/i0.wp.com\/blogdalucianaoliveira.com.br\/blog\/wp-content\/uploads\/2019\/07\/0F018F79-AC36-4706-8594-92E4BB756C83.jpeg?fit=500%2C240\" class=\"alignnone size-full wp-image-22915\" src=\"https:\/\/i0.wp.com\/blogdalucianaoliveira.com.br\/blog\/wp-content\/uploads\/2019\/07\/0F018F79-AC36-4706-8594-92E4BB756C83.jpeg?resize=500%2C240\" alt=\"0F018F79-AC36-4706-8594-92E4BB756C83\" width=\"500\" height=\"240\" srcset=\"https:\/\/i0.wp.com\/blogdalucianaoliveira.com.br\/blog\/wp-content\/uploads\/2019\/07\/0F018F79-AC36-4706-8594-92E4BB756C83.jpeg?w=500 500w, https:\/\/i0.wp.com\/blogdalucianaoliveira.com.br\/blog\/wp-content\/uploads\/2019\/07\/0F018F79-AC36-4706-8594-92E4BB756C83.jpeg?resize=300%2C144 300w\" sizes=\"auto, (max-width: 500px) 100vw, 500px\" \/><\/p>\n<p>Garimpeiros invadiram neste s\u00e1bado (27) a aldeia de Wai\u00e3pi, no Amap\u00e1, e assassinaram uma lideran\u00e7a ind\u00edgena do local; segundo o senador Randolfe Rodrigues (Rede-AP), ataque \u00e9 fruito da escalada do \u00f3dio ap\u00f3s a elei\u00e7\u00e3o de Jair Bolsonaro; \u201cO sangue derramado \u00e9 culpa do governo federal, que ocorre por causa da omiss\u00e3o de organismos de controle\u201d<!--more--><\/p>\n<p>247 &#8211; Garimpeiros invadiram neste s\u00e1bado (27) a aldeia de Wai\u00e3pi, localizada em Pedra Branca do Amapari, Amap\u00e1, e assassinaram uma lideran\u00e7a ind\u00edgena do local.<\/p>\n<p>Segundo o senador Randolfe Rodrigues (Rede-AP), acuados e com medo de novas retalia\u00e7\u00f5es, os \u00edndios se refugiaram na comunidade vizinha Aramir\u00e3, para onde crian\u00e7as e mulheres foram levadas.<\/p>\n<p>\u201cUma lideran\u00e7a fez contato informando que ocorreu uma invas\u00e3o dos garimpeiros e assassinaram um cacique\u201d, relatou ao Congresso em Foco o senador Randolfe Rodrigues (Rede-AP).<\/p>\n<p>A Pol\u00edcia Federal foi acionada para controle da invas\u00e3o, assim como a Funda\u00e7\u00e3o Nacional do \u00cdndio (Funai).<\/p>\n<p>Ranfolfe alerta para a escalada do \u00f3dio e da intoler\u00e2ncia ap\u00f3s a elei\u00e7\u00e3o do presidente Jair Bolsonaro. \u201cO sangue derramado \u00e9 culpa do governo federal, que ocorre por causa da omiss\u00e3o de organismos de controle\u201d, reprovou. \u201cQuem vive do crime se sente protegido em poder invadir terra ind\u00edgena.\u201d<\/p>\n<p>O cantor Caetano Veloso tamb\u00e9m se manifestou sobre o ataque aos \u00edndios Wai\u00e3pi. &#8220;Eu pe\u00e7o \u00e0s autoridades brasileiras que, em nome da dignidade do Brasil e do mundo, ou\u00e7am esse grito&#8221;, afirmou em v\u00eddeo.<\/p>\n<blockquote class=\"twitter-tweet\" data-width=\"550\" data-dnt=\"true\">\n<p lang=\"pt\" dir=\"ltr\">Cerca de 50 garimpeiros invadiram na madrugada deste s\u00e1bado a Terra Ind\u00edgena Waj\u00e3pi, no Amap\u00e1, e j\u00e1 teriam assassinado dois caciques, informa o Senador Randolfe Rodrigues, que est\u00e1 tentando acionar a Pol\u00edcia Federal e pede ampla divulga\u00e7\u00e3o deste v\u00eddeo. <a href=\"https:\/\/t.co\/ricAWJyUfn\">pic.twitter.com\/ricAWJyUfn<\/a><\/p>\n<p>&mdash; Direto da Ci\u00eancia (@diretodaciencia) <a href=\"https:\/\/twitter.com\/diretodaciencia\/status\/1155219195782684672?ref_src=twsrc%5Etfw\">July 27, 2019<\/a><\/p><\/blockquote>\n<p><script async src=\"https:\/\/platform.twitter.com\/widgets.js\" charset=\"utf-8\"><\/script><\/p>\n<blockquote class=\"twitter-tweet\" data-width=\"550\" data-dnt=\"true\">\n<p lang=\"pt\" dir=\"ltr\">Ou\u00e7am as palavras de <a href=\"https:\/\/twitter.com\/caetanoveloso?ref_src=twsrc%5Etfw\">@caetanoveloso<\/a>. Os \u00edndigenas do Amap\u00e1 pedem socorro. Nesse exato momento, os Waj\u00e3pis est\u00e3o sendo atacados por garimpeiros. As autoridades n\u00e3o podem permitir essas assassinatos cru\u00e9is. Toda nossa solidariedade aos Waj\u00e3pis e povos ind\u00edgenas do Brasil. <a href=\"https:\/\/t.co\/6IKrSbEP3w\">pic.twitter.com\/6IKrSbEP3w<\/a><\/p>\n<p>&mdash; 342 AMAZ\u00d4NIA \ud83c\udf33 (@342Amazonia) <a href=\"https:\/\/twitter.com\/342Amazonia\/status\/1155209233002127361?ref_src=twsrc%5Etfw\">July 27, 2019<\/a><\/p><\/blockquote>\n<p><script async src=\"https:\/\/platform.twitter.com\/widgets.js\" charset=\"utf-8\"><\/script><\/p>\n","protected":false},"excerpt":{"rendered":"<p>Garimpeiros invadiram neste s\u00e1bado (27) a aldeia de Wai\u00e3pi, no Amap\u00e1, e assassinaram uma lideran\u00e7a ind\u00edgena do local; segundo o senador Randolfe Rodrigues (Rede-AP), ataque \u00e9 fruito da escalada do \u00f3dio ap\u00f3s a elei\u00e7\u00e3o de Jair Bolsonaro; \u201cO sangue derramado \u00e9 culpa do governo federal, que ocorre por causa da omiss\u00e3o de organismos de controle\u201d<\/p>\n","protected":false},"author":1,"featured_media":0,"comment_status":"closed","ping_status":"open","sticky":false,"template":"","format":"standard","meta":{"_exactmetrics_skip_tracking":false,"_exactmetrics_sitenote_active":false,"_exactmetrics_sitenote_note":"","_exactmetrics_sitenote_category":0,"jetpack_post_was_ever_published":false,"_jetpack_newsletter_access":"","_jetpack_dont_email_post_to_subs":false,"_jetpack_newsletter_tier_id":0,"_jetpack_memberships_contains_paywalled_content":false,"_jetpack_memberships_contains_paid_content":false,"footnotes":"","jetpack_publicize_message":"","jetpack_publicize_feature_enabled":true,"jetpack_social_post_already_shared":true,"jetpack_social_options":{"image_generator_settings":{"template":"highway","enabled":false},"version":2}},"categories":[1],"tags":[],"class_list":["post-22914","post","type-post","status-publish","format-standard","hentry","category-notas"],"jetpack_publicize_connections":[],"jetpack_sharing_enabled":true,"jetpack_featured_media_url":"","jetpack_shortlink":"https:\/\/wp.me\/p7wKYW-5XA","jetpack-related-posts":[],"_links":{"self":[{"href":"http:\/\/blogdalucianaoliveira.com.br\/blog\/wp-json\/wp\/v2\/posts\/22914","targetHints":{"allow":["GET"]}}],"collection":[{"href":"http:\/\/blogdalucianaoliveira.com.br\/blog\/wp-json\/wp\/v2\/posts"}],"about":[{"href":"http:\/\/blogdalucianaoliveira.com.br\/blog\/wp-json\/wp\/v2\/types\/post"}],"author":[{"embeddable":true,"href":"http:\/\/blogdalucianaoliveira.com.br\/blog\/wp-json\/wp\/v2\/users\/1"}],"replies":[{"embeddable":true,"href":"http:\/\/blogdalucianaoliveira.com.br\/blog\/wp-json\/wp\/v2\/comments?post=22914"}],"version-history":[{"count":5,"href":"http:\/\/blogdalucianaoliveira.com.br\/blog\/wp-json\/wp\/v2\/posts\/22914\/revisions"}],"predecessor-version":[{"id":22920,"href":"http:\/\/blogdalucianaoliveira.com.br\/blog\/wp-json\/wp\/v2\/posts\/22914\/revisions\/22920"}],"wp:attachment":[{"href":"http:\/\/blogdalucianaoliveira.com.br\/blog\/wp-json\/wp\/v2\/media?parent=22914"}],"wp:term":[{"taxonomy":"category","embeddable":true,"href":"http:\/\/blogdalucianaoliveira.com.br\/blog\/wp-json\/wp\/v2\/categories?post=22914"},{"taxonomy":"post_tag","embeddable":true,"href":"http:\/\/blogdalucianaoliveira.com.br\/blog\/wp-json\/wp\/v2\/tags?post=22914"}],"curies":[{"name":"wp","href":"https:\/\/api.w.org\/{rel}","templated":true}]}}