{"id":22921,"date":"2019-07-27T20:12:20","date_gmt":"2019-07-28T00:12:20","guid":{"rendered":"http:\/\/blogdalucianaoliveira.com.br\/blog\/?p=22921"},"modified":"2019-07-27T20:12:20","modified_gmt":"2019-07-28T00:12:20","slug":"bolsonaro-anuncia-entrega-da-amazonia-aos-estados-unidos","status":"publish","type":"post","link":"http:\/\/blogdalucianaoliveira.com.br\/blog\/2019\/07\/27\/bolsonaro-anuncia-entrega-da-amazonia-aos-estados-unidos\/","title":{"rendered":"Bolsonaro anuncia entrega da Amaz\u00f4nia aos Estados Unidos"},"content":{"rendered":"<p><img data-recalc-dims=\"1\" loading=\"lazy\" decoding=\"async\" data-attachment-id=\"22922\" data-permalink=\"http:\/\/blogdalucianaoliveira.com.br\/blog\/2019\/07\/27\/bolsonaro-anuncia-entrega-da-amazonia-aos-estados-unidos\/b4a23254-e6ea-4f5c-802d-393454f87b2a\/\" data-orig-file=\"https:\/\/i0.wp.com\/blogdalucianaoliveira.com.br\/blog\/wp-content\/uploads\/2019\/07\/B4A23254-E6EA-4F5C-802D-393454F87B2A.jpeg?fit=500%2C240\" data-orig-size=\"500,240\" data-comments-opened=\"0\" data-image-meta=\"{&quot;aperture&quot;:&quot;0&quot;,&quot;credit&quot;:&quot;&quot;,&quot;camera&quot;:&quot;&quot;,&quot;caption&quot;:&quot;&quot;,&quot;created_timestamp&quot;:&quot;0&quot;,&quot;copyright&quot;:&quot;&quot;,&quot;focal_length&quot;:&quot;0&quot;,&quot;iso&quot;:&quot;0&quot;,&quot;shutter_speed&quot;:&quot;0&quot;,&quot;title&quot;:&quot;&quot;,&quot;orientation&quot;:&quot;0&quot;}\" data-image-title=\"B4A23254-E6EA-4F5C-802D-393454F87B2A\" data-image-description=\"\" data-image-caption=\"\" data-medium-file=\"https:\/\/i0.wp.com\/blogdalucianaoliveira.com.br\/blog\/wp-content\/uploads\/2019\/07\/B4A23254-E6EA-4F5C-802D-393454F87B2A.jpeg?fit=300%2C144\" data-large-file=\"https:\/\/i0.wp.com\/blogdalucianaoliveira.com.br\/blog\/wp-content\/uploads\/2019\/07\/B4A23254-E6EA-4F5C-802D-393454F87B2A.jpeg?fit=500%2C240\" class=\"alignnone size-full wp-image-22922\" src=\"https:\/\/i0.wp.com\/blogdalucianaoliveira.com.br\/blog\/wp-content\/uploads\/2019\/07\/B4A23254-E6EA-4F5C-802D-393454F87B2A.jpeg?resize=500%2C240\" alt=\"B4A23254-E6EA-4F5C-802D-393454F87B2A\" width=\"500\" height=\"240\" srcset=\"https:\/\/i0.wp.com\/blogdalucianaoliveira.com.br\/blog\/wp-content\/uploads\/2019\/07\/B4A23254-E6EA-4F5C-802D-393454F87B2A.jpeg?w=500 500w, https:\/\/i0.wp.com\/blogdalucianaoliveira.com.br\/blog\/wp-content\/uploads\/2019\/07\/B4A23254-E6EA-4F5C-802D-393454F87B2A.jpeg?resize=300%2C144 300w\" sizes=\"auto, (max-width: 500px) 100vw, 500px\" \/><em><\/em><\/p>\n<p>247 &#8211; O presidente Jair Bolsonaro disse neste s\u00e1bado (27), durante cerim\u00f4nia de formatura de paraquedistas no Rio de Janeiro, que busca parcerias \u201cno primeiro mundo\u201d e, em especial com os Estados Unidos, para a explora\u00e7\u00e3o do territ\u00f3rio amaz\u00f4nico brasileiro, respondendo a l\u00edderes europeus que criticaram suas pol\u00edticas para a regi\u00e3o amaz\u00f4nica.<!--more--> <\/p>\n<p>\u201cO senhor presidente da Fran\u00e7a [Emmanuel Macron], a senhora Merkel [chanceler da Alemanha] queriam que eu voltasse para c\u00e1 [depois da reuni\u00e3o do G20], demarcando mais 30 reservas ind\u00edgenas, ampliando reservas ambientais. Isso \u00e9 um crime. S\u00f3 de reserva ind\u00edgena j\u00e1 temos 14% tomados aqui no Brasil. Na Reserva Ianom\u00e2mi, s\u00e3o 9 mil \u00edndios e tem o dobro do estado do Rio de Janeiro. \u00c9 justo isso? Terra riqu\u00edssima. Se junta com Raposa Serra do Sol \u00e9 um absurdo o que temos de reservas minerais ali. Estou procurando o primeiro mundo para explorar essas \u00e1reas em parceria e agregando valor. Por isso, a minha aproxima\u00e7\u00e3o com os Estados Unidos\u201d, disse Bolsonaro.  <\/p>\n<p>Antes de dar estas declara\u00e7\u00f5es, o presidente, que j\u00e1 n\u00e3o consegue disfar\u00e7ar seu entreguismo e subservi\u00eancia aos Estados Unidos, fez uma bravata:  \u201cO Brasil \u00e9 nosso. A Amaz\u00f4nia \u00e9 nossa. A Presid\u00eancia \u00e9 do povo brasileiro. Povo esse ao qual devo lealdade absoluta\u201d, disse.<\/p>\n<p>Com informa\u00e7\u00f5es da Ag\u00eancia Brasil <\/p>\n","protected":false},"excerpt":{"rendered":"<p>247 &#8211; O presidente Jair Bolsonaro disse neste s\u00e1bado (27), durante cerim\u00f4nia de formatura de paraquedistas no Rio de Janeiro, que busca parcerias \u201cno primeiro mundo\u201d e, em especial com os Estados Unidos, para a explora\u00e7\u00e3o do territ\u00f3rio amaz\u00f4nico brasileiro, respondendo a l\u00edderes europeus que criticaram suas pol\u00edticas para a regi\u00e3o amaz\u00f4nica.<\/p>\n","protected":false},"author":1,"featured_media":0,"comment_status":"closed","ping_status":"open","sticky":false,"template":"","format":"standard","meta":{"_exactmetrics_skip_tracking":false,"_exactmetrics_sitenote_active":false,"_exactmetrics_sitenote_note":"","_exactmetrics_sitenote_category":0,"jetpack_post_was_ever_published":false,"_jetpack_newsletter_access":"","_jetpack_dont_email_post_to_subs":false,"_jetpack_newsletter_tier_id":0,"_jetpack_memberships_contains_paywalled_content":false,"_jetpack_memberships_contains_paid_content":false,"footnotes":"","jetpack_publicize_message":"","jetpack_publicize_feature_enabled":true,"jetpack_social_post_already_shared":true,"jetpack_social_options":{"image_generator_settings":{"template":"highway","enabled":false},"version":2}},"categories":[1],"tags":[],"class_list":["post-22921","post","type-post","status-publish","format-standard","hentry","category-notas"],"jetpack_publicize_connections":[],"jetpack_sharing_enabled":true,"jetpack_featured_media_url":"","jetpack_shortlink":"https:\/\/wp.me\/p7wKYW-5XH","jetpack-related-posts":[],"_links":{"self":[{"href":"http:\/\/blogdalucianaoliveira.com.br\/blog\/wp-json\/wp\/v2\/posts\/22921","targetHints":{"allow":["GET"]}}],"collection":[{"href":"http:\/\/blogdalucianaoliveira.com.br\/blog\/wp-json\/wp\/v2\/posts"}],"about":[{"href":"http:\/\/blogdalucianaoliveira.com.br\/blog\/wp-json\/wp\/v2\/types\/post"}],"author":[{"embeddable":true,"href":"http:\/\/blogdalucianaoliveira.com.br\/blog\/wp-json\/wp\/v2\/users\/1"}],"replies":[{"embeddable":true,"href":"http:\/\/blogdalucianaoliveira.com.br\/blog\/wp-json\/wp\/v2\/comments?post=22921"}],"version-history":[{"count":1,"href":"http:\/\/blogdalucianaoliveira.com.br\/blog\/wp-json\/wp\/v2\/posts\/22921\/revisions"}],"predecessor-version":[{"id":22923,"href":"http:\/\/blogdalucianaoliveira.com.br\/blog\/wp-json\/wp\/v2\/posts\/22921\/revisions\/22923"}],"wp:attachment":[{"href":"http:\/\/blogdalucianaoliveira.com.br\/blog\/wp-json\/wp\/v2\/media?parent=22921"}],"wp:term":[{"taxonomy":"category","embeddable":true,"href":"http:\/\/blogdalucianaoliveira.com.br\/blog\/wp-json\/wp\/v2\/categories?post=22921"},{"taxonomy":"post_tag","embeddable":true,"href":"http:\/\/blogdalucianaoliveira.com.br\/blog\/wp-json\/wp\/v2\/tags?post=22921"}],"curies":[{"name":"wp","href":"https:\/\/api.w.org\/{rel}","templated":true}]}}