{"id":22924,"date":"2019-07-27T20:18:35","date_gmt":"2019-07-28T00:18:35","guid":{"rendered":"http:\/\/blogdalucianaoliveira.com.br\/blog\/?p=22924"},"modified":"2019-07-27T20:18:35","modified_gmt":"2019-07-28T00:18:35","slug":"bolsonaro-ameaca-prender-glenn-e-faz-ataque-homofobico","status":"publish","type":"post","link":"http:\/\/blogdalucianaoliveira.com.br\/blog\/2019\/07\/27\/bolsonaro-ameaca-prender-glenn-e-faz-ataque-homofobico\/","title":{"rendered":"Bolsonaro amea\u00e7a prender Glenn e faz ataque homof\u00f3bico"},"content":{"rendered":"<p><img data-recalc-dims=\"1\" loading=\"lazy\" decoding=\"async\" data-attachment-id=\"22925\" data-permalink=\"http:\/\/blogdalucianaoliveira.com.br\/blog\/2019\/07\/27\/bolsonaro-ameaca-prender-glenn-e-faz-ataque-homofobico\/14367397-4a3e-4749-97a4-268375a23f76\/\" data-orig-file=\"https:\/\/i0.wp.com\/blogdalucianaoliveira.com.br\/blog\/wp-content\/uploads\/2019\/07\/14367397-4A3E-4749-97A4-268375A23F76.jpeg?fit=500%2C240\" data-orig-size=\"500,240\" data-comments-opened=\"0\" data-image-meta=\"{&quot;aperture&quot;:&quot;0&quot;,&quot;credit&quot;:&quot;&quot;,&quot;camera&quot;:&quot;&quot;,&quot;caption&quot;:&quot;&quot;,&quot;created_timestamp&quot;:&quot;0&quot;,&quot;copyright&quot;:&quot;&quot;,&quot;focal_length&quot;:&quot;0&quot;,&quot;iso&quot;:&quot;0&quot;,&quot;shutter_speed&quot;:&quot;0&quot;,&quot;title&quot;:&quot;&quot;,&quot;orientation&quot;:&quot;0&quot;}\" data-image-title=\"14367397-4A3E-4749-97A4-268375A23F76\" data-image-description=\"\" data-image-caption=\"\" data-medium-file=\"https:\/\/i0.wp.com\/blogdalucianaoliveira.com.br\/blog\/wp-content\/uploads\/2019\/07\/14367397-4A3E-4749-97A4-268375A23F76.jpeg?fit=300%2C144\" data-large-file=\"https:\/\/i0.wp.com\/blogdalucianaoliveira.com.br\/blog\/wp-content\/uploads\/2019\/07\/14367397-4A3E-4749-97A4-268375A23F76.jpeg?fit=500%2C240\" src=\"https:\/\/i0.wp.com\/blogdalucianaoliveira.com.br\/blog\/wp-content\/uploads\/2019\/07\/14367397-4A3E-4749-97A4-268375A23F76.jpeg?resize=500%2C240\" alt=\"14367397-4A3E-4749-97A4-268375A23F76\" width=\"500\" height=\"240\" class=\"alignnone size-full wp-image-22925\" srcset=\"https:\/\/i0.wp.com\/blogdalucianaoliveira.com.br\/blog\/wp-content\/uploads\/2019\/07\/14367397-4A3E-4749-97A4-268375A23F76.jpeg?w=500 500w, https:\/\/i0.wp.com\/blogdalucianaoliveira.com.br\/blog\/wp-content\/uploads\/2019\/07\/14367397-4A3E-4749-97A4-268375A23F76.jpeg?resize=300%2C144 300w\" sizes=\"auto, (max-width: 500px) 100vw, 500px\" \/><\/p>\n<p>247 &#8211; O presidente Jair Bolsonaro (PSL) afirmou neste s\u00e1bado (27), em evento no Rio, que o jornalista americano Glenn Greenwald &#8220;talvez pegue uma cana aqui no Brasil&#8221;.  <!--more--><\/p>\n<p>Desde 9 de junho o site The Intercept Brasil, dirigido por Glenn Greenwald, que tem publicado reportagens que demonstram como o ex-juiz e atual ministro Sergio Moro e procuradores da for\u00e7a-tarefa da Lava Jato manipularam a opera\u00e7\u00e3o.   <\/p>\n<p>Bolsonaro usou express\u00f5es ofensivas e homof\u00f3bicas dirigidas a Greenwald e o deputado federal David Miranda (PSOL-RJ). <\/p>\n<p>Disse que s\u00e3o \u201cmalandros\u201d por terem se casado e adotado dois filhos no pa\u00eds.   <\/p>\n<p>Ao referir-se \u00e0 portaria publicada por Moro, nesta sexta-feira (26), que estabelece um rito sum\u00e1rio de deporta\u00e7\u00e3o de estrangeiros considerados &#8220;perigosos&#8221; ou que tenham praticado ato &#8220;contr\u00e1rio aos princ\u00edpios e objetivos dispostos na Constitui\u00e7\u00e3o Federal&#8221;, Bolsonaro disse que Glenn Greenwald  n\u00e3o se encaixa na portaria. <\/p>\n<p>&#8220;At\u00e9 porque &#8211; disse o presidente &#8211; ele \u00e9 casado com outro homem e tem meninos adotados no Brasil. Malandro, malandro, para evitar um problema desse, casa com outro malandro e adota crian\u00e7a no Brasil. Esse \u00e9 o problema que n\u00f3s temos. Ele n\u00e3o vai embora, pode ficar tranquilo. Talvez pegue uma cana aqui no Brasil, n\u00e3o vai pegar l\u00e1 fora n\u00e3o\u201d, afirmou o presidente.  <\/p>\n<p>As informa\u00e7\u00f5es s\u00e3o do UOL.<\/p>\n","protected":false},"excerpt":{"rendered":"<p>247 &#8211; O presidente Jair Bolsonaro (PSL) afirmou neste s\u00e1bado (27), em evento no Rio, que o jornalista americano Glenn Greenwald &#8220;talvez pegue uma cana aqui no Brasil&#8221;.<\/p>\n","protected":false},"author":1,"featured_media":0,"comment_status":"closed","ping_status":"open","sticky":false,"template":"","format":"standard","meta":{"_exactmetrics_skip_tracking":false,"_exactmetrics_sitenote_active":false,"_exactmetrics_sitenote_note":"","_exactmetrics_sitenote_category":0,"jetpack_post_was_ever_published":false,"_jetpack_newsletter_access":"","_jetpack_dont_email_post_to_subs":false,"_jetpack_newsletter_tier_id":0,"_jetpack_memberships_contains_paywalled_content":false,"_jetpack_memberships_contains_paid_content":false,"footnotes":"","jetpack_publicize_message":"","jetpack_publicize_feature_enabled":true,"jetpack_social_post_already_shared":true,"jetpack_social_options":{"image_generator_settings":{"template":"highway","enabled":false},"version":2}},"categories":[1],"tags":[],"class_list":["post-22924","post","type-post","status-publish","format-standard","hentry","category-notas"],"jetpack_publicize_connections":[],"jetpack_sharing_enabled":true,"jetpack_featured_media_url":"","jetpack_shortlink":"https:\/\/wp.me\/p7wKYW-5XK","jetpack-related-posts":[],"_links":{"self":[{"href":"http:\/\/blogdalucianaoliveira.com.br\/blog\/wp-json\/wp\/v2\/posts\/22924","targetHints":{"allow":["GET"]}}],"collection":[{"href":"http:\/\/blogdalucianaoliveira.com.br\/blog\/wp-json\/wp\/v2\/posts"}],"about":[{"href":"http:\/\/blogdalucianaoliveira.com.br\/blog\/wp-json\/wp\/v2\/types\/post"}],"author":[{"embeddable":true,"href":"http:\/\/blogdalucianaoliveira.com.br\/blog\/wp-json\/wp\/v2\/users\/1"}],"replies":[{"embeddable":true,"href":"http:\/\/blogdalucianaoliveira.com.br\/blog\/wp-json\/wp\/v2\/comments?post=22924"}],"version-history":[{"count":1,"href":"http:\/\/blogdalucianaoliveira.com.br\/blog\/wp-json\/wp\/v2\/posts\/22924\/revisions"}],"predecessor-version":[{"id":22926,"href":"http:\/\/blogdalucianaoliveira.com.br\/blog\/wp-json\/wp\/v2\/posts\/22924\/revisions\/22926"}],"wp:attachment":[{"href":"http:\/\/blogdalucianaoliveira.com.br\/blog\/wp-json\/wp\/v2\/media?parent=22924"}],"wp:term":[{"taxonomy":"category","embeddable":true,"href":"http:\/\/blogdalucianaoliveira.com.br\/blog\/wp-json\/wp\/v2\/categories?post=22924"},{"taxonomy":"post_tag","embeddable":true,"href":"http:\/\/blogdalucianaoliveira.com.br\/blog\/wp-json\/wp\/v2\/tags?post=22924"}],"curies":[{"name":"wp","href":"https:\/\/api.w.org\/{rel}","templated":true}]}}