{"id":22927,"date":"2019-07-27T20:23:58","date_gmt":"2019-07-28T00:23:58","guid":{"rendered":"http:\/\/blogdalucianaoliveira.com.br\/blog\/?p=22927"},"modified":"2019-07-27T20:23:58","modified_gmt":"2019-07-28T00:23:58","slug":"nao-temos-uma-ditadura-diz-glenn-apos-bolsonaro-falar-sobre-sua-eventual-prisao","status":"publish","type":"post","link":"http:\/\/blogdalucianaoliveira.com.br\/blog\/2019\/07\/27\/nao-temos-uma-ditadura-diz-glenn-apos-bolsonaro-falar-sobre-sua-eventual-prisao\/","title":{"rendered":"N\u00e3o temos uma ditadura, diz Glenn ap\u00f3s Bolsonaro falar sobre sua eventual pris\u00e3o"},"content":{"rendered":"<p><img data-recalc-dims=\"1\" loading=\"lazy\" decoding=\"async\" data-attachment-id=\"22928\" data-permalink=\"http:\/\/blogdalucianaoliveira.com.br\/blog\/2019\/07\/27\/nao-temos-uma-ditadura-diz-glenn-apos-bolsonaro-falar-sobre-sua-eventual-prisao\/ed53641c-bca9-478d-8d4c-a629a5506666\/\" data-orig-file=\"https:\/\/i0.wp.com\/blogdalucianaoliveira.com.br\/blog\/wp-content\/uploads\/2019\/07\/ED53641C-BCA9-478D-8D4C-A629A5506666.jpeg?fit=768%2C512\" data-orig-size=\"768,512\" data-comments-opened=\"0\" data-image-meta=\"{&quot;aperture&quot;:&quot;0&quot;,&quot;credit&quot;:&quot;&quot;,&quot;camera&quot;:&quot;&quot;,&quot;caption&quot;:&quot;&quot;,&quot;created_timestamp&quot;:&quot;0&quot;,&quot;copyright&quot;:&quot;&quot;,&quot;focal_length&quot;:&quot;0&quot;,&quot;iso&quot;:&quot;0&quot;,&quot;shutter_speed&quot;:&quot;0&quot;,&quot;title&quot;:&quot;&quot;,&quot;orientation&quot;:&quot;0&quot;}\" data-image-title=\"ED53641C-BCA9-478D-8D4C-A629A5506666\" data-image-description=\"\" data-image-caption=\"\" data-medium-file=\"https:\/\/i0.wp.com\/blogdalucianaoliveira.com.br\/blog\/wp-content\/uploads\/2019\/07\/ED53641C-BCA9-478D-8D4C-A629A5506666.jpeg?fit=300%2C200\" data-large-file=\"https:\/\/i0.wp.com\/blogdalucianaoliveira.com.br\/blog\/wp-content\/uploads\/2019\/07\/ED53641C-BCA9-478D-8D4C-A629A5506666.jpeg?fit=600%2C400\" src=\"https:\/\/i0.wp.com\/blogdalucianaoliveira.com.br\/blog\/wp-content\/uploads\/2019\/07\/ED53641C-BCA9-478D-8D4C-A629A5506666.jpeg?resize=600%2C400\" alt=\"ED53641C-BCA9-478D-8D4C-A629A5506666\" width=\"600\" height=\"400\" class=\"alignnone size-full wp-image-22928\" srcset=\"https:\/\/i0.wp.com\/blogdalucianaoliveira.com.br\/blog\/wp-content\/uploads\/2019\/07\/ED53641C-BCA9-478D-8D4C-A629A5506666.jpeg?w=768 768w, https:\/\/i0.wp.com\/blogdalucianaoliveira.com.br\/blog\/wp-content\/uploads\/2019\/07\/ED53641C-BCA9-478D-8D4C-A629A5506666.jpeg?resize=300%2C200 300w, https:\/\/i0.wp.com\/blogdalucianaoliveira.com.br\/blog\/wp-content\/uploads\/2019\/07\/ED53641C-BCA9-478D-8D4C-A629A5506666.jpeg?resize=450%2C300 450w\" sizes=\"auto, (max-width: 600px) 100vw, 600px\" \/><\/p>\n<p>Talvez pegue uma cana aqui no Brasil&#8217;, disse o presidente sobre fundador do site The Intercept Brasil<!--more--><\/p>\n<p>Marina Gama Cubas<br \/>\nFolha <\/p>\n<p>O jornalista Glenn Greenwald, fundador do site The Intercept Brasil, afirmou neste s\u00e1bado (27) que a declara\u00e7\u00e3o do presidente Jair Bolsonaro (PSL) sobre sua eventual pris\u00e3o n\u00e3o faz nenhum sentido. <\/p>\n<p>Ap\u00f3s evento no Rio de Janeiro, em entrevista na manh\u00e3 deste s\u00e1bado, Bolsonaro disse que o jornalista \u201ctalvez pegue uma cana aqui no Brasil&#8217;. O Intercept tem publicado desde 9 de junho reportagens com base em di\u00e1logos vazados do ministro Sergio Moro e de procuradores da for\u00e7a-tarefa da Lava Jato.<\/p>\n<p>\u201cAo contr\u00e1rio do que Bolsonaro deseja, n\u00e3o temos uma ditadura, temos uma democracia e para prender algu\u00e9m \u00e9 preciso mostrar evidencia de que a pessoa que voc\u00ea quer prender cometeu algum crime\u201d, disse  Glenn \u00e0 Folha.<\/p>\n<p>\u201cO Bolsonaro n\u00e3o tem o poder para mandar pessoas serem presas por motivos pol\u00edticos sem evid\u00eancia de que a pessoa tenha cometido um crime. Ele quer ter, mas n\u00e3o tem\u201d, completou o jornalista.<\/p>\n<p>Glenn \u00e9 cidad\u00e3o dos Estados Unidos e mora no Rio de Janeiro. Ele \u00e9 casado com um brasileiro, o deputado federal David Miranda (PSOL-RJ), com quem tem dois filhos adotivos, tamb\u00e9m nascidos no pa\u00eds.<\/p>\n<p>Bolsonaro, no mesmo evento no Rio de Janeiro, chamou o jornalista e seu marido de malandros por terem se casado e adotado duas crian\u00e7as no pa\u00eds.<\/p>\n<p>\u201cIsso \u00e9 totalmente maluco porque o David e eu estamos casados h\u00e1 quase 15 anos. Peguei meu visto de perman\u00eancia, baseado em nosso casamento, entre 2006 e 2007\u201d, disse Glenn.<\/p>\n<p>Ao chamar os dois de &#8220;malandro&#8221;, Bolsonaro fazia refer\u00eancia a uma portaria publicada por Moro, nesta sexta-feira (26), que estabelece um rito sum\u00e1rio de deporta\u00e7\u00e3o de estrangeiros considerados &#8220;perigosos&#8221; ou que tenham praticado ato &#8220;contr\u00e1rio aos princ\u00edpios e objetivos dispostos na Constitui\u00e7\u00e3o Federal&#8221;.<\/p>\n<p>\u201cEvidentemente Bolsonaro acha que tenho poder para prever o futuro, que depois de mais de dez anos eu precisaria dessa prote\u00e7\u00e3o para n\u00e3o ser deportado. \u00c9 quase insana essa teoria.\u201d<\/p>\n<p>Segundo Glenn, em 2005, ano em que se casou, ele trabalhava como advogado e n\u00e3o atuava como jornalista. \u201cPensar que o motivo de eu casar com o David \u00e9 que 15 anos depois eu me tornaria jornalista e precisaria dessa prote\u00e7\u00e3o \u00e9 algo que s\u00f3 quem \u00e9 totalmente maluco falaria.\u201d<\/p>\n<p>Ele ainda comentou a ado\u00e7\u00e3o de seus filhos. \u201c\u00c9 totalmente rid\u00edcula [essa teoria]. Ningu\u00e9m adotaria dois filhos, que \u00e9 preciso cuidar em todos os aspectos, para ter uma vantagem sobre a lei\u201d.<\/p>\n<p>O jornalista e o Intercept t\u00eam dito que n\u00e3o fazem coment\u00e1rios sobre suas fontes. Sobre sigilo da fonte, o artigo quinto da Constitui\u00e7\u00e3o afirma: &#8220;\u00c9 assegurado a todos o acesso \u00e0 informa\u00e7\u00e3o e resguardado o sigilo da fonte, quando necess\u00e1rio ao exerc\u00edcio profissional&#8221;.<\/p>\n<p>A Abraji (Associa\u00e7\u00e3o Brasileira de Jornalismo Investigativo) repudiou a fala de Bolsonaro e, em uma rede social, afirmou ver risco \u00e0 liberdade de express\u00e3o.<\/p>\n<p>&#8220;Ao amea\u00e7ar de pris\u00e3o um jornalista que publica informa\u00e7\u00f5es que o desagradam, o presidente Bolsonaro promove e instiga graves agress\u00f5es \u00e0 liberdade de express\u00e3o&#8221;, declarou a entidade.<\/p>\n<p>&#8220;Sem jornalismo livre, as outras liberdades tamb\u00e9m morrer\u00e3o. Chega de persegui\u00e7\u00e3o&#8221;, acrescentou a Abraji, promovendo a hashtag #defendaojornalismo.<\/p>\n<p>\u00c9POCA DE EXCE\u00c7\u00c3O<\/p>\n<p>Em conversas privadas neste s\u00e1bado, ministros do STF (Supremo Tribunal Federal) criticaram as declara\u00e7\u00f5es de Bolsonaro e disseram que ela remete aos tempos da ditadura militar (1964-1985), \u00e9poca da hist\u00f3ria brasileira frequentemente exaltada pelo presidente da Rep\u00fablica.<\/p>\n<p>Eles lembraram que, embora um presidente tenha muitos poderes, segundo a Constitui\u00e7\u00e3o, n\u00e3o h\u00e1 nenhum lastro que o permita influenciar ou determinar a pris\u00e3o de algu\u00e9m, o que \u00e9 uma atribui\u00e7\u00e3o do Poder Judici\u00e1rio, respeitada a legisla\u00e7\u00e3o vigente.<\/p>\n<p>Avan\u00e7ar al\u00e9m disso, na vis\u00e3o desses ministros, representa um cen\u00e1rio que se assemelharia ao da \u00e9poca de exce\u00e7\u00e3o, situa\u00e7\u00e3o inimagin\u00e1vel no atual ordenamento jur\u00eddico.<\/p>\n","protected":false},"excerpt":{"rendered":"<p>Talvez pegue uma cana aqui no Brasil&#8217;, disse o presidente sobre fundador do site The Intercept Brasil<\/p>\n","protected":false},"author":1,"featured_media":0,"comment_status":"closed","ping_status":"open","sticky":false,"template":"","format":"standard","meta":{"_exactmetrics_skip_tracking":false,"_exactmetrics_sitenote_active":false,"_exactmetrics_sitenote_note":"","_exactmetrics_sitenote_category":0,"jetpack_post_was_ever_published":false,"_jetpack_newsletter_access":"","_jetpack_dont_email_post_to_subs":false,"_jetpack_newsletter_tier_id":0,"_jetpack_memberships_contains_paywalled_content":false,"_jetpack_memberships_contains_paid_content":false,"footnotes":"","jetpack_publicize_message":"","jetpack_publicize_feature_enabled":true,"jetpack_social_post_already_shared":true,"jetpack_social_options":{"image_generator_settings":{"template":"highway","enabled":false},"version":2}},"categories":[1],"tags":[],"class_list":["post-22927","post","type-post","status-publish","format-standard","hentry","category-notas"],"jetpack_publicize_connections":[],"jetpack_sharing_enabled":true,"jetpack_featured_media_url":"","jetpack_shortlink":"https:\/\/wp.me\/p7wKYW-5XN","jetpack-related-posts":[],"_links":{"self":[{"href":"http:\/\/blogdalucianaoliveira.com.br\/blog\/wp-json\/wp\/v2\/posts\/22927","targetHints":{"allow":["GET"]}}],"collection":[{"href":"http:\/\/blogdalucianaoliveira.com.br\/blog\/wp-json\/wp\/v2\/posts"}],"about":[{"href":"http:\/\/blogdalucianaoliveira.com.br\/blog\/wp-json\/wp\/v2\/types\/post"}],"author":[{"embeddable":true,"href":"http:\/\/blogdalucianaoliveira.com.br\/blog\/wp-json\/wp\/v2\/users\/1"}],"replies":[{"embeddable":true,"href":"http:\/\/blogdalucianaoliveira.com.br\/blog\/wp-json\/wp\/v2\/comments?post=22927"}],"version-history":[{"count":1,"href":"http:\/\/blogdalucianaoliveira.com.br\/blog\/wp-json\/wp\/v2\/posts\/22927\/revisions"}],"predecessor-version":[{"id":22929,"href":"http:\/\/blogdalucianaoliveira.com.br\/blog\/wp-json\/wp\/v2\/posts\/22927\/revisions\/22929"}],"wp:attachment":[{"href":"http:\/\/blogdalucianaoliveira.com.br\/blog\/wp-json\/wp\/v2\/media?parent=22927"}],"wp:term":[{"taxonomy":"category","embeddable":true,"href":"http:\/\/blogdalucianaoliveira.com.br\/blog\/wp-json\/wp\/v2\/categories?post=22927"},{"taxonomy":"post_tag","embeddable":true,"href":"http:\/\/blogdalucianaoliveira.com.br\/blog\/wp-json\/wp\/v2\/tags?post=22927"}],"curies":[{"name":"wp","href":"https:\/\/api.w.org\/{rel}","templated":true}]}}