{"id":22930,"date":"2019-07-27T21:28:09","date_gmt":"2019-07-28T01:28:09","guid":{"rendered":"http:\/\/blogdalucianaoliveira.com.br\/blog\/?p=22930"},"modified":"2019-07-27T22:34:33","modified_gmt":"2019-07-28T02:34:33","slug":"almir-surui-se-solidariza-com-povo-waiapi","status":"publish","type":"post","link":"http:\/\/blogdalucianaoliveira.com.br\/blog\/2019\/07\/27\/almir-surui-se-solidariza-com-povo-waiapi\/","title":{"rendered":"Almir Suru\u00ed se solidariza com povo Wai\u00e3pi"},"content":{"rendered":"<p><img data-recalc-dims=\"1\" loading=\"lazy\" decoding=\"async\" data-attachment-id=\"22931\" data-permalink=\"http:\/\/blogdalucianaoliveira.com.br\/blog\/2019\/07\/27\/almir-surui-se-solidariza-com-povo-waiapi\/c4daf2c4-92b4-4b69-ae34-9d2bc1bd115f\/\" data-orig-file=\"https:\/\/i0.wp.com\/blogdalucianaoliveira.com.br\/blog\/wp-content\/uploads\/2019\/07\/C4DAF2C4-92B4-4B69-AE34-9D2BC1BD115F.jpeg?fit=300%2C168\" data-orig-size=\"300,168\" data-comments-opened=\"0\" data-image-meta=\"{&quot;aperture&quot;:&quot;0&quot;,&quot;credit&quot;:&quot;&quot;,&quot;camera&quot;:&quot;&quot;,&quot;caption&quot;:&quot;&quot;,&quot;created_timestamp&quot;:&quot;0&quot;,&quot;copyright&quot;:&quot;&quot;,&quot;focal_length&quot;:&quot;0&quot;,&quot;iso&quot;:&quot;0&quot;,&quot;shutter_speed&quot;:&quot;0&quot;,&quot;title&quot;:&quot;&quot;,&quot;orientation&quot;:&quot;0&quot;}\" data-image-title=\"C4DAF2C4-92B4-4B69-AE34-9D2BC1BD115F\" data-image-description=\"\" data-image-caption=\"\" data-medium-file=\"https:\/\/i0.wp.com\/blogdalucianaoliveira.com.br\/blog\/wp-content\/uploads\/2019\/07\/C4DAF2C4-92B4-4B69-AE34-9D2BC1BD115F.jpeg?fit=300%2C168\" data-large-file=\"https:\/\/i0.wp.com\/blogdalucianaoliveira.com.br\/blog\/wp-content\/uploads\/2019\/07\/C4DAF2C4-92B4-4B69-AE34-9D2BC1BD115F.jpeg?fit=300%2C168\" src=\"https:\/\/i0.wp.com\/blogdalucianaoliveira.com.br\/blog\/wp-content\/uploads\/2019\/07\/C4DAF2C4-92B4-4B69-AE34-9D2BC1BD115F.jpeg?resize=300%2C168\" alt=\"C4DAF2C4-92B4-4B69-AE34-9D2BC1BD115F\" width=\"300\" height=\"168\" class=\"alignnone size-full wp-image-22931\" \/><\/p>\n<p>\u201cExpresso minha solidariedade ao povo Wai\u00e3pi, no Amap\u00e1\u201d, disse Almir Surui, lideran\u00e7a ind\u00edgena que se destaca no mundo pela defesa da Amaz\u00f4nia, dos povos e territ\u00f3rios ind\u00edgenas. <!--more--><\/p>\n<p>Garimpeiros invadiram neste s\u00e1bado (27) a aldeia localizada em Pedra Branca do Amapari, Amap\u00e1, e assassinaram uma lideran\u00e7a ind\u00edgena do local.\u00a0<\/p>\n<p>\u201c Quero dizer a eles que estamos juntos na luta pelo reconhecimento dos direitos dos povos ind\u00edgenas\u201d, disse. <\/p>\n<p>Almir considera que o pa\u00eds vive um momento de retrocesso e teme a perversidade com os povos ind\u00edgenas e a destrui\u00e7\u00e3o da Amaz\u00f4nia.<\/p>\n<p>\u201cEstaremos em agosto com o presidente da Fran\u00e7a,  Emmanuel Macron e vamos levar o grito dos povos da floresta para unir for\u00e7as em defesa deles e do meio ambiente\u201d. <\/p>\n","protected":false},"excerpt":{"rendered":"<p>\u201cExpresso minha solidariedade ao povo Wai\u00e3pi, no Amap\u00e1\u201d, disse Almir Surui, lideran\u00e7a ind\u00edgena que se destaca no mundo pela defesa da Amaz\u00f4nia, dos povos e territ\u00f3rios ind\u00edgenas.<\/p>\n","protected":false},"author":1,"featured_media":22931,"comment_status":"closed","ping_status":"open","sticky":false,"template":"","format":"standard","meta":{"_exactmetrics_skip_tracking":false,"_exactmetrics_sitenote_active":false,"_exactmetrics_sitenote_note":"","_exactmetrics_sitenote_category":0,"jetpack_post_was_ever_published":false,"_jetpack_newsletter_access":"","_jetpack_dont_email_post_to_subs":false,"_jetpack_newsletter_tier_id":0,"_jetpack_memberships_contains_paywalled_content":false,"_jetpack_memberships_contains_paid_content":false,"footnotes":"","jetpack_publicize_message":"","jetpack_publicize_feature_enabled":true,"jetpack_social_post_already_shared":true,"jetpack_social_options":{"image_generator_settings":{"template":"highway","enabled":false},"version":2}},"categories":[1],"tags":[],"class_list":["post-22930","post","type-post","status-publish","format-standard","has-post-thumbnail","hentry","category-notas"],"jetpack_publicize_connections":[],"jetpack_sharing_enabled":true,"jetpack_featured_media_url":"https:\/\/i0.wp.com\/blogdalucianaoliveira.com.br\/blog\/wp-content\/uploads\/2019\/07\/C4DAF2C4-92B4-4B69-AE34-9D2BC1BD115F.jpeg?fit=300%2C168","jetpack_shortlink":"https:\/\/wp.me\/p7wKYW-5XQ","jetpack-related-posts":[],"_links":{"self":[{"href":"http:\/\/blogdalucianaoliveira.com.br\/blog\/wp-json\/wp\/v2\/posts\/22930","targetHints":{"allow":["GET"]}}],"collection":[{"href":"http:\/\/blogdalucianaoliveira.com.br\/blog\/wp-json\/wp\/v2\/posts"}],"about":[{"href":"http:\/\/blogdalucianaoliveira.com.br\/blog\/wp-json\/wp\/v2\/types\/post"}],"author":[{"embeddable":true,"href":"http:\/\/blogdalucianaoliveira.com.br\/blog\/wp-json\/wp\/v2\/users\/1"}],"replies":[{"embeddable":true,"href":"http:\/\/blogdalucianaoliveira.com.br\/blog\/wp-json\/wp\/v2\/comments?post=22930"}],"version-history":[{"count":1,"href":"http:\/\/blogdalucianaoliveira.com.br\/blog\/wp-json\/wp\/v2\/posts\/22930\/revisions"}],"predecessor-version":[{"id":22932,"href":"http:\/\/blogdalucianaoliveira.com.br\/blog\/wp-json\/wp\/v2\/posts\/22930\/revisions\/22932"}],"wp:featuredmedia":[{"embeddable":true,"href":"http:\/\/blogdalucianaoliveira.com.br\/blog\/wp-json\/wp\/v2\/media\/22931"}],"wp:attachment":[{"href":"http:\/\/blogdalucianaoliveira.com.br\/blog\/wp-json\/wp\/v2\/media?parent=22930"}],"wp:term":[{"taxonomy":"category","embeddable":true,"href":"http:\/\/blogdalucianaoliveira.com.br\/blog\/wp-json\/wp\/v2\/categories?post=22930"},{"taxonomy":"post_tag","embeddable":true,"href":"http:\/\/blogdalucianaoliveira.com.br\/blog\/wp-json\/wp\/v2\/tags?post=22930"}],"curies":[{"name":"wp","href":"https:\/\/api.w.org\/{rel}","templated":true}]}}