{"id":22940,"date":"2019-07-28T11:55:18","date_gmt":"2019-07-28T15:55:18","guid":{"rendered":"http:\/\/blogdalucianaoliveira.com.br\/blog\/?p=22940"},"modified":"2019-07-28T11:55:18","modified_gmt":"2019-07-28T15:55:18","slug":"o-brasil-de-jair-bolsonaro-um-novo-vilao-ambiental-para-o-planeta","status":"publish","type":"post","link":"http:\/\/blogdalucianaoliveira.com.br\/blog\/2019\/07\/28\/o-brasil-de-jair-bolsonaro-um-novo-vilao-ambiental-para-o-planeta\/","title":{"rendered":"O Brasil de Jair Bolsonaro, um novo vil\u00e3o ambiental para o planeta"},"content":{"rendered":"<p><img data-recalc-dims=\"1\" loading=\"lazy\" decoding=\"async\" data-attachment-id=\"22941\" data-permalink=\"http:\/\/blogdalucianaoliveira.com.br\/blog\/2019\/07\/28\/o-brasil-de-jair-bolsonaro-um-novo-vilao-ambiental-para-o-planeta\/15c14e69-4d35-4910-8526-7ca26ffbeeef\/\" data-orig-file=\"https:\/\/i0.wp.com\/blogdalucianaoliveira.com.br\/blog\/wp-content\/uploads\/2019\/07\/15C14E69-4D35-4910-8526-7CA26FFBEEEF.jpeg?fit=640%2C428\" data-orig-size=\"640,428\" data-comments-opened=\"0\" data-image-meta=\"{&quot;aperture&quot;:&quot;0&quot;,&quot;credit&quot;:&quot;&quot;,&quot;camera&quot;:&quot;&quot;,&quot;caption&quot;:&quot;&quot;,&quot;created_timestamp&quot;:&quot;0&quot;,&quot;copyright&quot;:&quot;&quot;,&quot;focal_length&quot;:&quot;0&quot;,&quot;iso&quot;:&quot;0&quot;,&quot;shutter_speed&quot;:&quot;0&quot;,&quot;title&quot;:&quot;&quot;,&quot;orientation&quot;:&quot;0&quot;}\" data-image-title=\"15C14E69-4D35-4910-8526-7CA26FFBEEEF\" data-image-description=\"\" data-image-caption=\"\" data-medium-file=\"https:\/\/i0.wp.com\/blogdalucianaoliveira.com.br\/blog\/wp-content\/uploads\/2019\/07\/15C14E69-4D35-4910-8526-7CA26FFBEEEF.jpeg?fit=300%2C201\" data-large-file=\"https:\/\/i0.wp.com\/blogdalucianaoliveira.com.br\/blog\/wp-content\/uploads\/2019\/07\/15C14E69-4D35-4910-8526-7CA26FFBEEEF.jpeg?fit=600%2C401\" class=\"alignnone size-full wp-image-22941\" src=\"https:\/\/i0.wp.com\/blogdalucianaoliveira.com.br\/blog\/wp-content\/uploads\/2019\/07\/15C14E69-4D35-4910-8526-7CA26FFBEEEF.jpeg?resize=600%2C401\" alt=\"15C14E69-4D35-4910-8526-7CA26FFBEEEF\" width=\"600\" height=\"401\" srcset=\"https:\/\/i0.wp.com\/blogdalucianaoliveira.com.br\/blog\/wp-content\/uploads\/2019\/07\/15C14E69-4D35-4910-8526-7CA26FFBEEEF.jpeg?w=640 640w, https:\/\/i0.wp.com\/blogdalucianaoliveira.com.br\/blog\/wp-content\/uploads\/2019\/07\/15C14E69-4D35-4910-8526-7CA26FFBEEEF.jpeg?resize=300%2C201 300w, https:\/\/i0.wp.com\/blogdalucianaoliveira.com.br\/blog\/wp-content\/uploads\/2019\/07\/15C14E69-4D35-4910-8526-7CA26FFBEEEF.jpeg?resize=449%2C300 449w\" sizes=\"auto, (max-width: 600px) 100vw, 600px\" \/><\/p>\n<p>Meio ambiente capitaliza as cr\u00edticas ao novo Governo pela paralisa\u00e7\u00e3o das pol\u00edticas de preserva\u00e7\u00e3o, em um momento em que o assunto se torna priorit\u00e1rio para a UE<!--more--><\/p>\n<p>NAIARA GALARRAGA GORT\u00c1ZAR<br \/>\nEl Pa\u00eds<\/p>\n<p>Em agosto do ano passado, quando um veterano deputado brasileiro conhecido por seu discurso incendi\u00e1rio e sua nostalgia pela ditadura disparou nas pesquisa eleitorais, do outro lado do mundo uma adolescente com tran\u00e7as deixava de ir \u00e0 escola \u00e0s sextas-feiras para alertar sobre a crise clim\u00e1tica plantando-se em uma pra\u00e7a com um cartaz feito \u00e0 m\u00e3o. Era imposs\u00edvel prever que seus caminhos se cruzariam. Mas foi o que ocorreu. N\u00e3o fisicamente, mas sim em termos pol\u00edticos. Greta Thunberg, transformada em uma esp\u00e9cie de flautista de Hamelin, conseguiu levar para as ruas milh\u00f5es de estudantes e colocar o meio ambiente bem acima entre as prioridades dos pol\u00edticos europeus enquanto Jair Bolsonaro, j\u00e1 como presidente, confirmava com nomea\u00e7\u00f5es, decis\u00f5es e declara\u00e7\u00f5es seu desinteresse por proteger a Amaz\u00f4nia, uma floresta tropical essencial para frear o aquecimento global. Bolsonaro se tornou o vil\u00e3o ambiental do mundo.<\/p>\n<p class=\"\">Neste s\u00e1bado, o presidente declarou que na regi\u00e3o apenas \u201cveganos, que comem s\u00f3 vegetais\u201d, est\u00e3o preocupados com a quest\u00e3o ambiental, e tornou a contrap\u00f4-la \u00e0 economia, porque em sua opini\u00e3o s\u00e3o incompat\u00edveis. \u201cQuando acabarem as commodities [mat\u00e9rias-primas] do Brasil, n\u00f3s vamos viver do qu\u00ea?\u201d, afirmou. \u201cVamos virar <a href=\"https:\/\/brasil.elpais.com\/tag\/veganismo\" target=\"_blank\" data-link-track-dtm=\"\">veganos<\/a>? Vamos viver do <a href=\"https:\/\/brasil.elpais.com\/tag\/medio_ambiente\" target=\"_blank\" data-link-track-dtm=\"\">meio ambiente<\/a>?\u201d.<\/p>\n<p class=\"\">Em sete meses de Governo, o mandat\u00e1rio brasileiro deixou claro que o papel do Brasil como pot\u00eancia agr\u00edcola exportadora lhe interessa muito mais do que o Brasil como guardi\u00e3o do pulm\u00e3o do planeta. E, embora no in\u00edcio do mandato tenha desistido de juntar os minist\u00e9rios da Agricultura e do Meio Ambiente, transformou-os em um casal de fato: \u201c[<a href=\"https:\/\/brasil.elpais.com\/brasil\/2018\/12\/09\/politica\/1544379683_286039.html\" target=\"_blank\" data-link-track-dtm=\"\">O ministro] Ricardo Salles<\/a>est\u00e1 no lugar certo. Consegue fazer o casamento do Meio Ambiente com a produ\u00e7\u00e3o. Eu falei para ele: \u2018Mete a foice em todo mundo no Ibama. N\u00e3o quero xiitas\u201d, declarou em junho.<\/p>\n<p class=\"\">Bolsonaro colocou a l\u00edder da <a href=\"https:\/\/brasil.elpais.com\/tag\/bancada_ruralista\" target=\"_blank\" data-link-track-dtm=\"\">bancada parlamentar ruralista<\/a>, Tereza Cristina Dias, como ministra da Agricultura, n\u00e3o declarou novas \u00e1reas de prote\u00e7\u00e3o ambiental nem demarcou novas reservas de terras ind\u00edgenas (e amea\u00e7a desmantelar umas e outras), <a href=\"https:\/\/brasil.elpais.com\/brasil\/2019\/05\/28\/politica\/1558997566_211503.html\" target=\"_blank\" data-link-track-dtm=\"\">pretende desvirtuar o Fundo Amaz\u00f4nia<\/a> (um fundo milion\u00e1rio impulsionado e financiado principalmente pela Noruega para frear o desmatamento), p\u00f4s em d\u00favida os dados oficiais sobre a destrui\u00e7\u00e3o de florestas tropicais, elaborados por \u00f3rg\u00e3os do pr\u00f3prio Governo por meio do Inpe, e acelerou a aprova\u00e7\u00e3o de novos pesticidas, incluindo alguns com subst\u00e2ncias proibidas na Uni\u00e3o Europeia. Uma s\u00e9rie de medidas que fez com que os ex-ministros do Meio Ambiente ainda vivos<a href=\"https:\/\/brasil.elpais.com\/brasil\/2019\/05\/08\/politica\/1557338026_221578.html\" target=\"_blank\" data-link-track-dtm=\"\">acusassem em un\u00edssono o Governo<\/a> de desmontar todos os avan\u00e7os conquistados nos \u00faltimos 25 anos.<\/p>\n<figure class=\"article_image | margin_top\"><img data-recalc-dims=\"1\" decoding=\"async\" class=\"width_full\" src=\"https:\/\/i0.wp.com\/brasil.elpais.com\/resizer\/fCdTjXHcCpR7FQwJFoJYbRwxguw%3D\/768x0\/smart\/arc-anglerfish-eu-central-1-prod-prisa.s3.amazonaws.com\/public\/OH22GGBCJJH7UE5LVUNCXPDW2A.jpg?w=600&#038;ssl=1\" alt=\"Uma zona arborizada e uma \u00e1rea de cultivo de Rondonia, na Amazonia.\" \/><figcaption class=\"caption | border_bottom border_1 border_gray_ultra_light_warm text_align_right margin_vertical color_gray_medium\">Uma zona arborizada e uma \u00e1rea de cultivo de Rondonia, na Amazonia.<span class=\"color_black margin_left uppercase light\">V\u00cdCTOR MORIYAMA<\/span><\/figcaption><\/figure>\n<p class=\"\">A quest\u00e3o ambiental percorreu um longo caminho no Brasil. Como explica Mica Minami, diretora de campanhas do Greenpeace, \u201cnos anos setenta, com a ditadura, era considerado um obst\u00e1culo para o progresso econ\u00f4mico; em 1992, o Brasil acolheu a primeira confer\u00eancia sobre meio ambiente da ONU e desde ent\u00e3o, com altos e baixos, foi desenvolvendo uma pol\u00edtica com um potente pacote legal at\u00e9 se transformar em um pa\u00eds l\u00edder, principalmente na pol\u00edtica clim\u00e1tica, e at\u00e9 o pr\u00f3prio setor produtivo se convenceu de que isso era bom [para os neg\u00f3cios]&#8221;.<\/p>\n<p class=\"\">Bolsonaro, ultranacionalista e de extrema direita, detesta as ONGs e os ativistas em geral. Considera que s\u00e3o parte de um suposto marxismo cultural. Tampouco oculta seu desprezo pelo diretor de um dos centros cient\u00edficos mais prestigiosos do pa\u00eds. \u201cParece que est\u00e1 a servi\u00e7o de alguma ONG, o que \u00e9 muito comum\u201d, disse na semana passada em um <a href=\"https:\/\/brasil.elpais.com\/brasil\/2019\/07\/19\/politica\/1563564011_297794.html\" target=\"_blank\" data-link-track-dtm=\"\">caf\u00e9 da manh\u00e3 com jornalistas<\/a> de ve\u00edculos de comunica\u00e7\u00e3o estrangeiros sobre o diretor do Instituto Nacional de Pesquisa Espacial (INPE), que elabora, gra\u00e7as \u00e0 vigil\u00e2ncia por sat\u00e9lite, a estat\u00edstica mais precisa sobre <a href=\"https:\/\/brasil.elpais.com\/tag\/desforestacion\" target=\"_blank\" data-link-track-dtm=\"\">desmatamento<\/a> \u2014que reflete um not\u00e1vel aumento ocorrido nos \u00faltimos meses. Gra\u00e7as \u00e0 lei de transpar\u00eancia, os dados s\u00e3o de dom\u00ednio p\u00fablico. \u201cSe toda essa devasta\u00e7\u00e3o que voc\u00eas nos acusam que estamos fazendo [tivesse ocorrido], a Amaz\u00f4nia j\u00e1 teria sido extinta, seria um grande deserto\u201d, afirmou Bolsonaro. \u201cEntendo a necessidade de preservar, mas a psicose ambiental deixou de existir comigo.\u201d Aos olhos do mundo, o Brasil \u00e9 aprovado ou reprovado em fun\u00e7\u00e3o do que desmata.<\/p>\n<p class=\"\">Os alertas mensais, menos precisos do que o balan\u00e7o anual de \u00e1reas desmatadas, apontam um not\u00e1vel aumento na derrubada da floresta nos \u00faltimos meses, que as ONG atribuem ao fato de que o discurso presidencial encorajou madeireiros e produtores agr\u00edcolas a conquistar novas terras. Paralelamente, o Governo quer aumentar sua influ\u00eancia e removeu os representantes da sociedade civil do Fundo Amaz\u00f4nia, um sistema para recompensar os esfor\u00e7os de preserva\u00e7\u00e3o da floresta e da biodiversidade.<\/p>\n<p class=\"\">Se o desmatamento passar de um certo limite, a contribui\u00e7\u00e3o europeia a pol\u00edticas de preserva\u00e7\u00e3o \u00e9 suspensa. Em uma d\u00e9cada, a Noruega, a Alemanha e a Petrobras destinaram o equivalente a quase 3 bilh\u00f5es de reais, administrados e fiscalizados por institui\u00e7\u00f5es brasileiras, a cerca de cem projetos ambientais. O Governo Bolsonaro n\u00e3o aprovou nenhum desde janeiro.<\/p>\n<p class=\"\">O presidente do Brasil se irrita com o empenho de Angela Merkel, Emmanuel Macron e outros l\u00edderes europeus em lhe pedir que preste contas sobre a floresta, seus habitantes, rios e plantas. Em junho, na reuni\u00e3o do G20, Bolsonaro convidou os dois l\u00edderes a sobrevoar com ele a Amaz\u00f4nia. \u201cSe encontrarem um quil\u00f4metro quadrado de desmatamento entre Manaus e Boa Vista, concordaria com eles\u201d, insistiu o presidente em um encontro com a bancada ruralista. \u00c9 comum o capit\u00e3o reformado se defender acusando os europeus de ter destru\u00eddo suas pr\u00f3prias florestas \u2014\u201csobrevoei a Europa, j\u00e1 por duas vezes, e n\u00e3o encontrei um quil\u00f4metro quadrado de floresta\u201d\u2014 e criticando que agora venham pedir explica\u00e7\u00f5es aos brasileiros.<\/p>\n<p class=\"\">O Brasil assumiu o lugar da China como vil\u00e3o ambiental. Mergulhada em um acelerado processo de industrializa\u00e7\u00e3o, as emiss\u00f5es chinesas de CO2 s\u00e3o de 7,5 toneladas per capita, em compara\u00e7\u00e3o com as 6,4 da UE e as 2,6 do Brasil, segundo o Banco Mundial. Mas o gigante asi\u00e1tico conseguiu se livrar da imagem de grande poluidor ao abra\u00e7ar com entusiasmo o <a href=\"https:\/\/brasil.elpais.com\/tag\/acuerdo_paris_2015\" target=\"_blank\" data-link-track-dtm=\"\">Acordo de Paris<\/a>.<\/p>\n<p class=\"\">Em um sinal de que a quest\u00e3o ambiental e clim\u00e1tica seduz cada vez mais eleitores europeus \u2014tendo \u00e0 frente a Alemanha, onde os Verdes t\u00eam uma s\u00f3lida trajet\u00f3ria pol\u00edtica\u2014, o recente <a href=\"https:\/\/brasil.elpais.com\/brasil\/2019\/07\/02\/politica\/1562070506_839990.html\" target=\"_blank\" data-link-track-dtm=\"\">acordo de livre com\u00e9rcio entre o Mercosul e a UE<\/a> inclui exig\u00eancias ecol\u00f3gicas, como a de que os produtos sul-americanos importados pela Europa n\u00e3o sejam origin\u00e1rios de \u00e1reas desmatadas. No caso da soja da Amaz\u00f4nia brasileira, existe um sistema eficaz, definido em comum acordo pela ind\u00fastria, pelas autoridades e pela sociedade civil, que garante isso. Mas atualmente \u00e9 imposs\u00edvel oferecer essa garantia para produtos cultivados em \u00e1reas com menos prote\u00e7\u00e3o legal e ambiental.<\/p>\n","protected":false},"excerpt":{"rendered":"<p>Meio ambiente capitaliza as cr\u00edticas ao novo Governo pela paralisa\u00e7\u00e3o das pol\u00edticas de preserva\u00e7\u00e3o, em um momento em que o assunto se torna priorit\u00e1rio para a UE<\/p>\n","protected":false},"author":1,"featured_media":0,"comment_status":"closed","ping_status":"open","sticky":false,"template":"","format":"standard","meta":{"_exactmetrics_skip_tracking":false,"_exactmetrics_sitenote_active":false,"_exactmetrics_sitenote_note":"","_exactmetrics_sitenote_category":0,"jetpack_post_was_ever_published":false,"_jetpack_newsletter_access":"","_jetpack_dont_email_post_to_subs":false,"_jetpack_newsletter_tier_id":0,"_jetpack_memberships_contains_paywalled_content":false,"_jetpack_memberships_contains_paid_content":false,"footnotes":"","jetpack_publicize_message":"","jetpack_publicize_feature_enabled":true,"jetpack_social_post_already_shared":true,"jetpack_social_options":{"image_generator_settings":{"template":"highway","enabled":false},"version":2}},"categories":[1],"tags":[],"class_list":["post-22940","post","type-post","status-publish","format-standard","hentry","category-notas"],"jetpack_publicize_connections":[],"jetpack_sharing_enabled":true,"jetpack_featured_media_url":"","jetpack_shortlink":"https:\/\/wp.me\/p7wKYW-5Y0","jetpack-related-posts":[],"_links":{"self":[{"href":"http:\/\/blogdalucianaoliveira.com.br\/blog\/wp-json\/wp\/v2\/posts\/22940","targetHints":{"allow":["GET"]}}],"collection":[{"href":"http:\/\/blogdalucianaoliveira.com.br\/blog\/wp-json\/wp\/v2\/posts"}],"about":[{"href":"http:\/\/blogdalucianaoliveira.com.br\/blog\/wp-json\/wp\/v2\/types\/post"}],"author":[{"embeddable":true,"href":"http:\/\/blogdalucianaoliveira.com.br\/blog\/wp-json\/wp\/v2\/users\/1"}],"replies":[{"embeddable":true,"href":"http:\/\/blogdalucianaoliveira.com.br\/blog\/wp-json\/wp\/v2\/comments?post=22940"}],"version-history":[{"count":1,"href":"http:\/\/blogdalucianaoliveira.com.br\/blog\/wp-json\/wp\/v2\/posts\/22940\/revisions"}],"predecessor-version":[{"id":22942,"href":"http:\/\/blogdalucianaoliveira.com.br\/blog\/wp-json\/wp\/v2\/posts\/22940\/revisions\/22942"}],"wp:attachment":[{"href":"http:\/\/blogdalucianaoliveira.com.br\/blog\/wp-json\/wp\/v2\/media?parent=22940"}],"wp:term":[{"taxonomy":"category","embeddable":true,"href":"http:\/\/blogdalucianaoliveira.com.br\/blog\/wp-json\/wp\/v2\/categories?post=22940"},{"taxonomy":"post_tag","embeddable":true,"href":"http:\/\/blogdalucianaoliveira.com.br\/blog\/wp-json\/wp\/v2\/tags?post=22940"}],"curies":[{"name":"wp","href":"https:\/\/api.w.org\/{rel}","templated":true}]}}