{"id":22950,"date":"2019-07-29T13:28:30","date_gmt":"2019-07-29T17:28:30","guid":{"rendered":"http:\/\/blogdalucianaoliveira.com.br\/blog\/?p=22950"},"modified":"2019-07-29T13:28:30","modified_gmt":"2019-07-29T17:28:30","slug":"se-presidente-da-oab-quiser-saber-como-pai-dele-desapareceu-na-ditadura-eu-conto-diz-bolsonaro","status":"publish","type":"post","link":"http:\/\/blogdalucianaoliveira.com.br\/blog\/2019\/07\/29\/se-presidente-da-oab-quiser-saber-como-pai-dele-desapareceu-na-ditadura-eu-conto-diz-bolsonaro\/","title":{"rendered":"Se presidente da OAB quiser saber como pai dele desapareceu na ditadura, eu conto, diz Bolsonaro"},"content":{"rendered":"<p><img data-recalc-dims=\"1\" loading=\"lazy\" decoding=\"async\" data-attachment-id=\"22951\" data-permalink=\"http:\/\/blogdalucianaoliveira.com.br\/blog\/2019\/07\/29\/se-presidente-da-oab-quiser-saber-como-pai-dele-desapareceu-na-ditadura-eu-conto-diz-bolsonaro\/5994936f-9cc5-4447-9542-a11e3cc80682\/\" data-orig-file=\"https:\/\/i0.wp.com\/blogdalucianaoliveira.com.br\/blog\/wp-content\/uploads\/2019\/07\/5994936F-9CC5-4447-9542-A11E3CC80682.jpeg?fit=768%2C576\" data-orig-size=\"768,576\" data-comments-opened=\"0\" data-image-meta=\"{&quot;aperture&quot;:&quot;0&quot;,&quot;credit&quot;:&quot;&quot;,&quot;camera&quot;:&quot;&quot;,&quot;caption&quot;:&quot;&quot;,&quot;created_timestamp&quot;:&quot;0&quot;,&quot;copyright&quot;:&quot;&quot;,&quot;focal_length&quot;:&quot;0&quot;,&quot;iso&quot;:&quot;0&quot;,&quot;shutter_speed&quot;:&quot;0&quot;,&quot;title&quot;:&quot;&quot;,&quot;orientation&quot;:&quot;0&quot;}\" data-image-title=\"5994936F-9CC5-4447-9542-A11E3CC80682\" data-image-description=\"\" data-image-caption=\"\" data-medium-file=\"https:\/\/i0.wp.com\/blogdalucianaoliveira.com.br\/blog\/wp-content\/uploads\/2019\/07\/5994936F-9CC5-4447-9542-A11E3CC80682.jpeg?fit=300%2C225\" data-large-file=\"https:\/\/i0.wp.com\/blogdalucianaoliveira.com.br\/blog\/wp-content\/uploads\/2019\/07\/5994936F-9CC5-4447-9542-A11E3CC80682.jpeg?fit=600%2C450\" src=\"https:\/\/i0.wp.com\/blogdalucianaoliveira.com.br\/blog\/wp-content\/uploads\/2019\/07\/5994936F-9CC5-4447-9542-A11E3CC80682.jpeg?resize=600%2C450\" alt=\"5994936F-9CC5-4447-9542-A11E3CC80682\" width=\"600\" height=\"450\" class=\"alignnone size-full wp-image-22951\" srcset=\"https:\/\/i0.wp.com\/blogdalucianaoliveira.com.br\/blog\/wp-content\/uploads\/2019\/07\/5994936F-9CC5-4447-9542-A11E3CC80682.jpeg?w=768 768w, https:\/\/i0.wp.com\/blogdalucianaoliveira.com.br\/blog\/wp-content\/uploads\/2019\/07\/5994936F-9CC5-4447-9542-A11E3CC80682.jpeg?resize=300%2C225 300w, https:\/\/i0.wp.com\/blogdalucianaoliveira.com.br\/blog\/wp-content\/uploads\/2019\/07\/5994936F-9CC5-4447-9542-A11E3CC80682.jpeg?resize=400%2C300 400w\" sizes=\"auto, (max-width: 600px) 100vw, 600px\" \/><\/p>\n<p>Fernando Santa Cruz Oliveira, pai do presidente do \u00f3rg\u00e3o, desapareceu ap\u00f3s ter sido preso por agentes do regime militar no Rio<!--more--><\/p>\n<p>Talita Fernandes<br \/>\nRicardo Della Coletta<br \/>\nFolha <\/p>\n<p>Ao reclamar sobre a atua\u00e7\u00e3o da OAB na investiga\u00e7\u00e3o do caso de Ad\u00e9lio Bispo, autor do atentado \u00e0 faca do qual foi alvo, o presidente Jair Bolsonaro (PSL) disse que poderia explicar ao presidente do \u00f3rg\u00e3o, Felipe Santa Cruz, como o pai dele desapareceu durante a ditadura militar.<\/p>\n<p>&#8220;Por que a OAB impediu que a Pol\u00edcia Federal entrasse no telefone de um dos car\u00edssimos advogados? Qual a inten\u00e7\u00e3o da OAB? Quem \u00e9 essa OAB? Um dia, se o presidente da OAB quiser saber como \u00e9 que o pai dele desapareceu no per\u00edodo militar, conto pra ele. Ele n\u00e3o vai querer ouvir a verdade. Conto pra ele.&#8221;<\/p>\n<p>&#8220;N\u00e3o \u00e9 minha vers\u00e3o. \u00c9 que a minha viv\u00eancia me fez chegar nas conclus\u00f5es naquele momento. O pai dele integrou a A\u00e7\u00e3o Popular, o grupo mais sanguin\u00e1rio e violento da guerrilha l\u00e1 de Pernambuco e veio desaparecer no Rio de Janeiro&#8221;, disse o presidente. <\/p>\n<p>Felipe \u00e9 filho de Fernando Augusto Santa Cruz de Oliveira, desaparecido em fevereiro de 1974, depois de ter sido preso junto de um amigo chamado Eduardo Collier por agentes do DOI-CODI, no Rio de Janeiro.<\/p>\n<p>Fernando era estudante de direito e funcion\u00e1rio do Departamento de \u00c1guas e Energia El\u00e9trica em S\u00e3o Paulo e integrante da A\u00e7\u00e3o Popular Marxista-Leninista. Felipe tinha 2 anos quando o pai desapareceu. <\/p>\n<p>No relat\u00f3rio da Comiss\u00e3o da Verdade, respons\u00e1vel por investigar casos de mortos e desaparecidos na ditadura, n\u00e3o h\u00e1 registro de que Fernando tenha participado de luta armada.<\/p>\n<p>O documento, inclusive, ressalta que Fernando \u00e0 \u00e9poca do seu desaparecimento &#8220;tinha emprego e endere\u00e7o fixos e, portanto, n\u00e3o estava clandestino ou foragido dos \u00f3rg\u00e3os de seguran\u00e7a&#8221;. <\/p>\n<p>Ainda sobre o caso de Ad\u00e9lio, Bolsonaro disse que ele &#8220;se deu mal&#8221;.<\/p>\n<p>&#8220;Ad\u00e9lio se deu mal. Eu n\u00e3o recorri porque se recorresse ele seria julgado n\u00e3o por homic\u00eddio, mas tentativa de homic\u00eddio, em um ano e meio ou dois estaria na rua. Como n\u00e3o recorri, agora \u00e9 maluco o resto da vida. Vai ficar num manic\u00f4mio judicial, \u00e9 uma pris\u00e3o perp\u00e9tua. J\u00e1 fiquei sabendo que est\u00e1 aloprando por l\u00e1. Abre a boca, p\u00f4&#8221;, afirmou.<\/p>\n<p>Sem manifesta\u00e7\u00f5es de Bolsonaro e do Minist\u00e9rio P\u00fablico Federal (MPF) em Minas Gerais, a 3\u00aa Vara Federal de Juiz de Fora encerrou o caso.<\/p>\n<p>\u200bBolsonaro foi intimado no dia 28 de junho sobre a decis\u00e3o e n\u00e3o recorreu. O MPF, no dia 17 daquele m\u00eas. O prazo para recursos se esgotou em 12 de julho.<\/p>\n<p>Na decis\u00e3o, o juiz respons\u00e1vel diz que a investiga\u00e7\u00e3o da Pol\u00edcia Federal e do Minist\u00e9rio P\u00fablico Federal n\u00e3o deixa d\u00favidas sobre a autoria do crime.<\/p>\n<p>Mas, como o r\u00e9u tem transtorno mental e \u00e9 considerado inimput\u00e1vel, o magistrado decidiu pela absolvi\u00e7\u00e3o impr\u00f3pria (quando uma pessoa \u00e9 declarada culpada por um delito, mas n\u00e3o tinha capacidade de entender o que estava fazendo quando cometeu o ato) e interna\u00e7\u00e3o por medida de seguran\u00e7a.  <\/p>\n<p>Segundo a Lei de Execu\u00e7\u00f5es Penais, nesses casos o preso deve ser encaminhado a hospitais de cust\u00f3dia para receber tratamento psiqui\u00e1trico.<\/p>\n<p>O juiz, por\u00e9m, optou por manter Ad\u00e9lio no pres\u00eddio federal de Campo Grande. Medidas de seguran\u00e7a n\u00e3o t\u00eam prazo determinado, e o preso depende da alta de um m\u00e9dico para que seja liberado.<\/p>\n<p>QUEM FOI FERNANDO DE SANTA CRUZ OLIVEIRA<\/p>\n<p> Militante da AP (A\u00e7\u00e3o Popular), o pai do atual presidente da OAB foi visto pela \u00faltima vez por seus familiares em 23 de fevereiro de 1974, segundo o relat\u00f3rio da Comiss\u00e3o Nacional da Verdade.<\/p>\n<p>Fernando de Santa Cruz Oliveira havia sa\u00eddo de casa para encontrar um amigo de inf\u00e2ncia e havia dito \u00e0 fam\u00edlia que, caso n\u00e3o voltasse at\u00e9 as 18 horas daquele dia, \u201cprovavelmente teria sido preso\u201d.<\/p>\n<p>A Comiss\u00e3o Nacional da Verdade, criada pelo Estado para fazer um registro oficial dos crimes do regime militar, relata que Fernando e seu amigo \u2014Eduardo Collier Filho, tamb\u00e9m militante contra a ditadura\u2014 provavelmente foram presos por agentes do DOI-Codi no Rio. <\/p>\n<p>O relat\u00f3rio narra a partir da\u00ed o esfor\u00e7o dos familiares dos dois de descobrir, sem sucesso, o paradeiro de Fernando e Eduardo. <\/p>\n<p>A m\u00e3e de Fernando chegou a ir ao quartel-general do 2\u00ba Ex\u00e9rcito, em S\u00e3o Paulo, quando recebeu a informa\u00e7\u00e3o, de um agente do local, de que seu filho e Eduardo estavam naquelas depend\u00eancias. Ao retornar, pouco dias depois, recebeu de outro funcion\u00e1rio uma informa\u00e7\u00e3o diferente: a de que ocorrera um equ\u00edvoco e que Fernando e Eduardo n\u00e3o estavam no 2\u00ba Ex\u00e9rcito. <\/p>\n<p>Os familiares seguiram com as buscas, ainda de acordo com o relat\u00f3rio da Comiss\u00e3o Nacional da Verdade. Foram enviadas cartas ao comandante do 2\u00ba Ex\u00e9rcito e ao general Golbery do Couto e Silva. <\/p>\n<p>A fam\u00edlia recebeu uma resposta do 2\u00ba Ex\u00e9rcito, que negou que Fernando estivesse preso desde fevereiro de 1974 em \u201cqualquer depend\u00eancia\u201d da institui\u00e7\u00e3o [2\u00ba Ex\u00e9rcito].<\/p>\n<p><img data-recalc-dims=\"1\" loading=\"lazy\" decoding=\"async\" data-attachment-id=\"22952\" data-permalink=\"http:\/\/blogdalucianaoliveira.com.br\/blog\/2019\/07\/29\/se-presidente-da-oab-quiser-saber-como-pai-dele-desapareceu-na-ditadura-eu-conto-diz-bolsonaro\/bca7e32b-42b3-463c-946f-38358efc8778\/\" data-orig-file=\"https:\/\/i0.wp.com\/blogdalucianaoliveira.com.br\/blog\/wp-content\/uploads\/2019\/07\/BCA7E32B-42B3-463C-946F-38358EFC8778.jpeg?fit=970%2C600\" data-orig-size=\"970,600\" data-comments-opened=\"0\" data-image-meta=\"{&quot;aperture&quot;:&quot;0&quot;,&quot;credit&quot;:&quot;&quot;,&quot;camera&quot;:&quot;&quot;,&quot;caption&quot;:&quot;&quot;,&quot;created_timestamp&quot;:&quot;0&quot;,&quot;copyright&quot;:&quot;&quot;,&quot;focal_length&quot;:&quot;0&quot;,&quot;iso&quot;:&quot;0&quot;,&quot;shutter_speed&quot;:&quot;0&quot;,&quot;title&quot;:&quot;&quot;,&quot;orientation&quot;:&quot;0&quot;}\" data-image-title=\"BCA7E32B-42B3-463C-946F-38358EFC8778\" data-image-description=\"\" data-image-caption=\"\" data-medium-file=\"https:\/\/i0.wp.com\/blogdalucianaoliveira.com.br\/blog\/wp-content\/uploads\/2019\/07\/BCA7E32B-42B3-463C-946F-38358EFC8778.jpeg?fit=300%2C186\" data-large-file=\"https:\/\/i0.wp.com\/blogdalucianaoliveira.com.br\/blog\/wp-content\/uploads\/2019\/07\/BCA7E32B-42B3-463C-946F-38358EFC8778.jpeg?fit=600%2C371\" src=\"https:\/\/i0.wp.com\/blogdalucianaoliveira.com.br\/blog\/wp-content\/uploads\/2019\/07\/BCA7E32B-42B3-463C-946F-38358EFC8778.jpeg?resize=600%2C371\" alt=\"BCA7E32B-42B3-463C-946F-38358EFC8778\" width=\"600\" height=\"371\" class=\"alignnone size-full wp-image-22952\" srcset=\"https:\/\/i0.wp.com\/blogdalucianaoliveira.com.br\/blog\/wp-content\/uploads\/2019\/07\/BCA7E32B-42B3-463C-946F-38358EFC8778.jpeg?w=970 970w, https:\/\/i0.wp.com\/blogdalucianaoliveira.com.br\/blog\/wp-content\/uploads\/2019\/07\/BCA7E32B-42B3-463C-946F-38358EFC8778.jpeg?resize=300%2C186 300w, https:\/\/i0.wp.com\/blogdalucianaoliveira.com.br\/blog\/wp-content\/uploads\/2019\/07\/BCA7E32B-42B3-463C-946F-38358EFC8778.jpeg?resize=768%2C475 768w, https:\/\/i0.wp.com\/blogdalucianaoliveira.com.br\/blog\/wp-content\/uploads\/2019\/07\/BCA7E32B-42B3-463C-946F-38358EFC8778.jpeg?resize=485%2C300 485w\" sizes=\"auto, (max-width: 600px) 100vw, 600px\" \/><\/p>\n<p>O texto da Comiss\u00e3o Nacional da Verdade tamb\u00e9m revela que a fam\u00edlia escreveu cartas \u00e0 primeira-dama dos Estados Unidos, \u00e0 CIDH (Comiss\u00e3o Interamericana de Direitos Humanos) e a Dom Helder C\u00e2mara, entre outras pessoas influentes. <\/p>\n<p>O regime militar disse, em resposta \u00e0 CIDH, que Fernando estaria vivendo na clandestinidade. <\/p>\n<p>Apesar da vers\u00e3o oficial, a Comiss\u00e3o Nacional da Verdade cita um documento de 1978 no qual o Minist\u00e9rio da Aeron\u00e1utica reconhece que Fernando foi preso em fevereiro de 1974.<\/p>\n<p>\u201cJ\u00e1 na d\u00e9cada de 1990, o Relat\u00f3rio da Marinha enviado ao ent\u00e3o ministro da Justi\u00e7a, Maur\u00edcio Corr\u00eaa, em dezembro de 1993, informava que Fernando teria sido preso no dia 23 de fevereiro de 1974, sendo considerado desaparecido desde ent\u00e3o\u201d, acrescenta o relat\u00f3rio.<\/p>\n<p>A Comiss\u00e3o Nacional da Verdade elencou duas hip\u00f3teses para o caso do pai do atual presidente da OAB. A primeira \u00e9 a de que, depois de preso no Rio, ele foi levado para o DOI-Codi em S\u00e3o Paulo. <\/p>\n<p>\u201cEssa indica\u00e7\u00e3o do DOI-Codi\/SP como poss\u00edvel \u00f3rg\u00e3o respons\u00e1vel pelo desaparecimento de Fernando e Eduardo aponta para a possibilidade de os corpos dos dois militantes terem sido encaminhados para sepultamento como indigentes no Cemit\u00e9rio Dom Bosco, em Perus\u201d, diz o texto.<\/p>\n<p>Outra possibilidade levantada pela Comiss\u00e3o \u00e9 a de que Fernando e seu amigo foram encaminhados para a chamada Casa da Morte, em Petr\u00f3polis (RJ), \u201ce seus corpos levados posteriormente para incinera\u00e7\u00e3o em uma usina de a\u00e7\u00facar\u201d.<\/p>\n<p>\u201cFernando de Santa Cruz Oliveira e Eduardo Collier Filho permanecem desaparecidos at\u00e9 hoje\u201d, conclui a Comiss\u00e3o Nacional da Verdade.<\/p>\n","protected":false},"excerpt":{"rendered":"<p>Fernando Santa Cruz Oliveira, pai do presidente do \u00f3rg\u00e3o, desapareceu ap\u00f3s ter sido preso por agentes do regime militar no Rio<\/p>\n","protected":false},"author":1,"featured_media":0,"comment_status":"closed","ping_status":"open","sticky":false,"template":"","format":"standard","meta":{"_exactmetrics_skip_tracking":false,"_exactmetrics_sitenote_active":false,"_exactmetrics_sitenote_note":"","_exactmetrics_sitenote_category":0,"jetpack_post_was_ever_published":false,"_jetpack_newsletter_access":"","_jetpack_dont_email_post_to_subs":false,"_jetpack_newsletter_tier_id":0,"_jetpack_memberships_contains_paywalled_content":false,"_jetpack_memberships_contains_paid_content":false,"footnotes":"","jetpack_publicize_message":"","jetpack_publicize_feature_enabled":true,"jetpack_social_post_already_shared":true,"jetpack_social_options":{"image_generator_settings":{"template":"highway","enabled":false},"version":2}},"categories":[1],"tags":[],"class_list":["post-22950","post","type-post","status-publish","format-standard","hentry","category-notas"],"jetpack_publicize_connections":[],"jetpack_sharing_enabled":true,"jetpack_featured_media_url":"","jetpack_shortlink":"https:\/\/wp.me\/p7wKYW-5Ya","jetpack-related-posts":[],"_links":{"self":[{"href":"http:\/\/blogdalucianaoliveira.com.br\/blog\/wp-json\/wp\/v2\/posts\/22950","targetHints":{"allow":["GET"]}}],"collection":[{"href":"http:\/\/blogdalucianaoliveira.com.br\/blog\/wp-json\/wp\/v2\/posts"}],"about":[{"href":"http:\/\/blogdalucianaoliveira.com.br\/blog\/wp-json\/wp\/v2\/types\/post"}],"author":[{"embeddable":true,"href":"http:\/\/blogdalucianaoliveira.com.br\/blog\/wp-json\/wp\/v2\/users\/1"}],"replies":[{"embeddable":true,"href":"http:\/\/blogdalucianaoliveira.com.br\/blog\/wp-json\/wp\/v2\/comments?post=22950"}],"version-history":[{"count":1,"href":"http:\/\/blogdalucianaoliveira.com.br\/blog\/wp-json\/wp\/v2\/posts\/22950\/revisions"}],"predecessor-version":[{"id":22953,"href":"http:\/\/blogdalucianaoliveira.com.br\/blog\/wp-json\/wp\/v2\/posts\/22950\/revisions\/22953"}],"wp:attachment":[{"href":"http:\/\/blogdalucianaoliveira.com.br\/blog\/wp-json\/wp\/v2\/media?parent=22950"}],"wp:term":[{"taxonomy":"category","embeddable":true,"href":"http:\/\/blogdalucianaoliveira.com.br\/blog\/wp-json\/wp\/v2\/categories?post=22950"},{"taxonomy":"post_tag","embeddable":true,"href":"http:\/\/blogdalucianaoliveira.com.br\/blog\/wp-json\/wp\/v2\/tags?post=22950"}],"curies":[{"name":"wp","href":"https:\/\/api.w.org\/{rel}","templated":true}]}}