{"id":22954,"date":"2019-07-29T14:55:33","date_gmt":"2019-07-29T18:55:33","guid":{"rendered":"http:\/\/blogdalucianaoliveira.com.br\/blog\/?p=22954"},"modified":"2019-07-29T14:55:33","modified_gmt":"2019-07-29T18:55:33","slug":"presidente-da-oab-reage-a-ataque-vil-de-bolsonaro","status":"publish","type":"post","link":"http:\/\/blogdalucianaoliveira.com.br\/blog\/2019\/07\/29\/presidente-da-oab-reage-a-ataque-vil-de-bolsonaro\/","title":{"rendered":"Presidente da OAB reage a ataque vil de Bolsonaro"},"content":{"rendered":"<p><img data-recalc-dims=\"1\" loading=\"lazy\" decoding=\"async\" data-attachment-id=\"22955\" data-permalink=\"http:\/\/blogdalucianaoliveira.com.br\/blog\/2019\/07\/29\/presidente-da-oab-reage-a-ataque-vil-de-bolsonaro\/a6d6e05b-3119-4670-9d30-939b6b9652a7\/\" data-orig-file=\"https:\/\/i0.wp.com\/blogdalucianaoliveira.com.br\/blog\/wp-content\/uploads\/2019\/07\/A6D6E05B-3119-4670-9D30-939B6B9652A7.jpeg?fit=300%2C200\" data-orig-size=\"300,200\" data-comments-opened=\"0\" data-image-meta=\"{&quot;aperture&quot;:&quot;0&quot;,&quot;credit&quot;:&quot;&quot;,&quot;camera&quot;:&quot;&quot;,&quot;caption&quot;:&quot;&quot;,&quot;created_timestamp&quot;:&quot;0&quot;,&quot;copyright&quot;:&quot;&quot;,&quot;focal_length&quot;:&quot;0&quot;,&quot;iso&quot;:&quot;0&quot;,&quot;shutter_speed&quot;:&quot;0&quot;,&quot;title&quot;:&quot;&quot;,&quot;orientation&quot;:&quot;0&quot;}\" data-image-title=\"A6D6E05B-3119-4670-9D30-939B6B9652A7\" data-image-description=\"\" data-image-caption=\"\" data-medium-file=\"https:\/\/i0.wp.com\/blogdalucianaoliveira.com.br\/blog\/wp-content\/uploads\/2019\/07\/A6D6E05B-3119-4670-9D30-939B6B9652A7.jpeg?fit=300%2C200\" data-large-file=\"https:\/\/i0.wp.com\/blogdalucianaoliveira.com.br\/blog\/wp-content\/uploads\/2019\/07\/A6D6E05B-3119-4670-9D30-939B6B9652A7.jpeg?fit=300%2C200\" src=\"https:\/\/i0.wp.com\/blogdalucianaoliveira.com.br\/blog\/wp-content\/uploads\/2019\/07\/A6D6E05B-3119-4670-9D30-939B6B9652A7.jpeg?resize=300%2C200\" alt=\"A6D6E05B-3119-4670-9D30-939B6B9652A7\" width=\"300\" height=\"200\" class=\"alignnone size-full wp-image-22955\" \/><\/p>\n<p>Como orgulhoso filho de FERNANDO SANTA CRUZ, quero inicialmente agradecer pelas manifesta\u00e7\u00f5es de solidariedade que estou recebendo em raz\u00e3o das inqualific\u00e1veis declara\u00e7\u00f5es do presidente Jair Bolsonaro. <\/p>\n<p>O mandat\u00e1rio da Rep\u00fablica deixa patente seu desconhecimento sobre a diferen\u00e7a entre p\u00fablico e privado, demostrando mais uma vez tra\u00e7os de car\u00e1ter graves em um governante: a crueldade e a falta de empatia. \u00c9 de se estranhar tal comportamento em um homem que se diz crist\u00e3o. Lamentavelmente, temos um presidente que trata a perda de um pai como se fosse assunto corriqueiro \u2013 e debocha do assassinato de um jovem aos 26 anos. <!--more--><\/p>\n<p>Meu pai era da juventude cat\u00f3lica de Pernambuco, funcion\u00e1rio p\u00fablico, casado, aluno de Direito. Minha av\u00f3 acaba de falecer, aos 105 anos, sem saber como o filho foi assassinado. Se o presidente sabe, por \u201cviv\u00eancia\u201d, tanto sobre o presente caso quanto com rela\u00e7\u00e3o aos de todos os demais \u201cdesaparecidos\u201d, nossas fam\u00edlias querem saber. <\/p>\n<p>A respeito da defesa das prerrogativas da advocacia brasileira, nossa principal miss\u00e3o, asseguro que permaneceremos irredut\u00edveis na garantia do sigilo da comunica\u00e7\u00e3o entre advogado e cliente. Garantia que \u00e9 do cidad\u00e3o, e n\u00e3o do advogado. Vale salientar que, no epis\u00f3dio citado na infeliz coletiva presidencial, apenas o celular de seu representante legal foi protegido. Jamais o do autor, sendo essa mais uma not\u00edcia falsa a se somar a tantas. <\/p>\n<p>O que realmente incomoda Bolsonaro \u00e9 a defesa que fazemos da advocacia, dos direitos humanos, do meio ambiente, das minorias e de outros temas da cidadania que ele insiste em atacar. Temas que, ali\u00e1s, sempre estiveram &#8211; e sempre estar\u00e3o &#8211; sob a salvaguarda da Ordem do Advogados do Brasil. <\/p>\n<p>Por fim, afirmo que o que une nossas gera\u00e7\u00f5es, a minha e a do meu pai, \u00e9 o compromisso inarred\u00e1vel com a democracia, e por ela estamos prontos aos maiores sacrif\u00edcios. Goste ou n\u00e3o o presidente.<\/p>\n","protected":false},"excerpt":{"rendered":"<p>Como orgulhoso filho de FERNANDO SANTA CRUZ, quero inicialmente agradecer pelas manifesta\u00e7\u00f5es de solidariedade que estou recebendo em raz\u00e3o das inqualific\u00e1veis declara\u00e7\u00f5es do presidente Jair Bolsonaro. O mandat\u00e1rio da Rep\u00fablica deixa patente seu desconhecimento sobre a diferen\u00e7a entre p\u00fablico e privado, demostrando mais uma vez tra\u00e7os de car\u00e1ter graves em um governante: a crueldade e&#8230;<a class=\"more-link\" href=\"http:\/\/blogdalucianaoliveira.com.br\/blog\/2019\/07\/29\/presidente-da-oab-reage-a-ataque-vil-de-bolsonaro\/\">Continue a leitura <span class=\"meta-nav\">&raquo;<\/span><\/a><\/p>\n","protected":false},"author":1,"featured_media":0,"comment_status":"closed","ping_status":"open","sticky":false,"template":"","format":"standard","meta":{"_exactmetrics_skip_tracking":false,"_exactmetrics_sitenote_active":false,"_exactmetrics_sitenote_note":"","_exactmetrics_sitenote_category":0,"jetpack_post_was_ever_published":false,"_jetpack_newsletter_access":"","_jetpack_dont_email_post_to_subs":false,"_jetpack_newsletter_tier_id":0,"_jetpack_memberships_contains_paywalled_content":false,"_jetpack_memberships_contains_paid_content":false,"footnotes":"","jetpack_publicize_message":"","jetpack_publicize_feature_enabled":true,"jetpack_social_post_already_shared":true,"jetpack_social_options":{"image_generator_settings":{"template":"highway","enabled":false},"version":2}},"categories":[1],"tags":[],"class_list":["post-22954","post","type-post","status-publish","format-standard","hentry","category-notas"],"jetpack_publicize_connections":[],"jetpack_sharing_enabled":true,"jetpack_featured_media_url":"","jetpack_shortlink":"https:\/\/wp.me\/p7wKYW-5Ye","jetpack-related-posts":[],"_links":{"self":[{"href":"http:\/\/blogdalucianaoliveira.com.br\/blog\/wp-json\/wp\/v2\/posts\/22954","targetHints":{"allow":["GET"]}}],"collection":[{"href":"http:\/\/blogdalucianaoliveira.com.br\/blog\/wp-json\/wp\/v2\/posts"}],"about":[{"href":"http:\/\/blogdalucianaoliveira.com.br\/blog\/wp-json\/wp\/v2\/types\/post"}],"author":[{"embeddable":true,"href":"http:\/\/blogdalucianaoliveira.com.br\/blog\/wp-json\/wp\/v2\/users\/1"}],"replies":[{"embeddable":true,"href":"http:\/\/blogdalucianaoliveira.com.br\/blog\/wp-json\/wp\/v2\/comments?post=22954"}],"version-history":[{"count":2,"href":"http:\/\/blogdalucianaoliveira.com.br\/blog\/wp-json\/wp\/v2\/posts\/22954\/revisions"}],"predecessor-version":[{"id":22957,"href":"http:\/\/blogdalucianaoliveira.com.br\/blog\/wp-json\/wp\/v2\/posts\/22954\/revisions\/22957"}],"wp:attachment":[{"href":"http:\/\/blogdalucianaoliveira.com.br\/blog\/wp-json\/wp\/v2\/media?parent=22954"}],"wp:term":[{"taxonomy":"category","embeddable":true,"href":"http:\/\/blogdalucianaoliveira.com.br\/blog\/wp-json\/wp\/v2\/categories?post=22954"},{"taxonomy":"post_tag","embeddable":true,"href":"http:\/\/blogdalucianaoliveira.com.br\/blog\/wp-json\/wp\/v2\/tags?post=22954"}],"curies":[{"name":"wp","href":"https:\/\/api.w.org\/{rel}","templated":true}]}}