{"id":22958,"date":"2019-07-29T17:20:48","date_gmt":"2019-07-29T21:20:48","guid":{"rendered":"http:\/\/blogdalucianaoliveira.com.br\/blog\/?p=22958"},"modified":"2019-07-29T17:22:06","modified_gmt":"2019-07-29T21:22:06","slug":"glenn-denuncia-ao-mundo-que-o-brasil-esta-sob-o-comando-de-um-sociopata","status":"publish","type":"post","link":"http:\/\/blogdalucianaoliveira.com.br\/blog\/2019\/07\/29\/glenn-denuncia-ao-mundo-que-o-brasil-esta-sob-o-comando-de-um-sociopata\/","title":{"rendered":"Glenn denuncia ao mundo que o Brasil est\u00e1 sob o comando de um sociopata"},"content":{"rendered":"<div class=\"article__lead\">\n<picture><img data-recalc-dims=\"1\" decoding=\"async\" title=\"Jair Bolsonaro e Glenn Greenwald (Foto: Marcos Corr\u00eaa\/PR | Gustavo Bezerra)\" src=\"https:\/\/i0.wp.com\/publisher-publish.s3.eu-central-1.amazonaws.com\/pb-brasil247\/swp\/jtjeq9\/media\/20190729130736_686428ad-c33c-40bb-a287-460d5efec740.jpeg?w=600&#038;ssl=1\" alt=\"Jair Bolsonaro e Glenn Greenwald\" \/><\/picture>Jair Bolsonaro e Glenn Greenwald (Foto: Marcos Corr\u00eaa\/PR | Gustavo Bezerra)<\/p>\n<\/div>\n<div class=\"article__text marginTop30\">\n<p><b>247 \u2013<\/b>\u00a0O Brasil est\u00e1 sob o comando de um sociopata. A den\u00fancia acaba de ser feita ao mundo pelo jornalista Glenn Greenwald, editor do site Intercept, em rea\u00e7\u00e3o\u00a0<i>\u00e0 declara\u00e7\u00e3o criminosa sobre o desaparecido pol\u00edtico Fernando Santa Cruz. <\/i><!--more--><\/p>\n<p><i>O movimento pelo afastamento de Bolsonaro j\u00e1 conta com apoio de uma frente ampla de partidos e de juristas para que o Brasil seja libertado da amea\u00e7a fascista. Confira o tweet de Glenn e a reportagem da Reuters:<\/i><\/p>\n<blockquote class=\"twitter-tweet\" data-width=\"550\" data-dnt=\"true\">\n<p lang=\"en\" dir=\"ltr\">Today Bolsonaro crossed from authoritarian into outright psychopath. This is what he said in the media to the head of Brazil&#39;s Bar Association, whose father was kidnapped &amp; murdered by the military dictatorship that ruled the country until 1985.  <a href=\"https:\/\/t.co\/r8HU9nvPGo\">https:\/\/t.co\/r8HU9nvPGo<\/a> <a href=\"https:\/\/t.co\/xtgK47ZQ4m\">pic.twitter.com\/xtgK47ZQ4m<\/a><\/p>\n<p>&mdash; Glenn Greenwald (@ggreenwald) <a href=\"https:\/\/twitter.com\/ggreenwald\/status\/1155927260966223872?ref_src=twsrc%5Etfw\">July 29, 2019<\/a><\/p><\/blockquote>\n<p><script async src=\"https:\/\/platform.twitter.com\/widgets.js\" charset=\"utf-8\"><\/script><\/p>\n<\/div>\n<p>&nbsp;<\/p>\n<p><b>BRAS\u00cdLIA (Reuters) &#8211;<\/b>\u00a0O presidente Jair Bolsonaro afirmou nesta segunda-feira que pode contar ao presidente da Ordem dos Advogados do Brasil (OAB), Felipe Santa Cruz, como o pai dele desapareceu no per\u00edodo militar, afirmando que ele teria participado do grupo \u201cmais sanguin\u00e1rio\u201d da A\u00e7\u00e3o Popular, movimento que combateu a ditadura no Brasil.<\/p>\n<p>Irritado com a OAB, que tem questionado a\u00e7\u00f5es propostas pelo governo, Bolsonaro reclamou que a entidade teria impedido a quebra do sigilo telef\u00f4nico do advogado de Ad\u00e9lio Bispo, que o atacou com uma faca durante a campanha eleitoral do ano passado. A OAB e a pr\u00f3pria Pol\u00edcia Federal negaram que tenha sido pedida uma liminar pela OAB para impedir o acesso.<\/p>\n<p>\u201cPor que a OAB impediu que a Pol\u00edcia Federal entrasse no telefone de uma dos car\u00edssimos advogados? Qual a inten\u00e7\u00e3o da OAB? Quem \u00e9 essa OAB? Um dia se o presidente da OAB quiser saber como \u00e9 que o pai dele desapareceu no per\u00edodo militar, conto para ele\u201d, disse Bolsonaro.<\/p>\n<p>\u201cEle n\u00e3o vai querer ouvir a verdade. Conto pra ele. N\u00e3o \u00e9 minha vers\u00e3o. \u00c9 que a minha viv\u00eancia me fez chegar nas conclus\u00f5es naquele momento. O pai dele integrou a A\u00e7\u00e3o Popular, o grupo mais sanguin\u00e1rio e violento da guerrilha l\u00e1 de Pernambuco, e veio desaparecer no Rio de Janeiro\u201d, acrescentou.<\/p>\n<div class=\"contentAd contentAd--noBackground marginBottom30\">\n<p>O pai do presidente da OAB, Fernando Augusto Santa Cruz de Oliveira, era de fato parte da A\u00e7\u00e3o Popular (AP), de acordo com a Comiss\u00e3o Nacional da Verdade, mas n\u00e3o h\u00e1 ind\u00edcios de que tenha agido em Pernambuco. Ele morava em S\u00e3o Paulo e passava alguns dias na casa dos pais, no Rio de Janeiro, quando teria sido preso.<\/p>\n<p>De acordo com relat\u00f3rio da Comiss\u00e3o, Fernando Oliveira foi visto pela \u00faltima vez em fevereiro de 1974, quando teria sido preso no Rio de Janeiro por agentes do DOI-Codi. Em buscas por ele, a fam\u00edlia recebeu diversas negativas de que tivesse sido preso, mas em suas investiga\u00e7\u00f5es a Comiss\u00e3o encontrou um relat\u00f3rio do Minist\u00e9rio da Aeron\u00e1utica da d\u00e9cada de 1990 em que se informava ao Minist\u00e9rio da Justi\u00e7a que ele havia sido preso em 23 de fevereiro de 1974 e era considerado desaparecido desde ent\u00e3o. Ele tinha 26 anos.<\/p>\n<p>Apenas em 2014, com o relat\u00f3rio da Comiss\u00e3o da Verdade, Fernando Oliveira foi considerado oficialmente morto.<\/p>\n<div class=\"contentAd contentAd--noBackground marginBottom30\">\u00a0A Anistia Internacional criticou as declara\u00e7\u00f5es do presidente e cobrou que o pa\u00eds assuma suas responsabilidades com as fam\u00edlias das v\u00edtimas.\u201c\u00c9 terr\u00edvel que o filho de um desaparecido pelo Regime Militar tenha que ouvir do presidente do Brasil, que deveria ser o defensor m\u00e1ximo do respeito e da Justi\u00e7a no pa\u00eds, declara\u00e7\u00f5es t\u00e3o duras. O Brasil deve assumir sua responsabilidade, e adotar todas as medidas necess\u00e1rias para que casos como esses sejam levados \u00e0 Justi\u00e7a\u201d, disse a diretora-executiva da Anistia Internacional, Jurema Werneck.<\/p>\n<\/div>\n<\/div>\n","protected":false},"excerpt":{"rendered":"<p>Jair Bolsonaro e Glenn Greenwald (Foto: Marcos Corr\u00eaa\/PR | Gustavo Bezerra) 247 \u2013\u00a0O Brasil est\u00e1 sob o comando de um sociopata. A den\u00fancia acaba de ser feita ao mundo pelo jornalista Glenn Greenwald, editor do site Intercept, em rea\u00e7\u00e3o\u00a0\u00e0 declara\u00e7\u00e3o criminosa sobre o desaparecido pol\u00edtico Fernando Santa Cruz.<\/p>\n","protected":false},"author":1,"featured_media":0,"comment_status":"closed","ping_status":"open","sticky":false,"template":"","format":"standard","meta":{"_exactmetrics_skip_tracking":false,"_exactmetrics_sitenote_active":false,"_exactmetrics_sitenote_note":"","_exactmetrics_sitenote_category":0,"jetpack_post_was_ever_published":false,"_jetpack_newsletter_access":"","_jetpack_dont_email_post_to_subs":false,"_jetpack_newsletter_tier_id":0,"_jetpack_memberships_contains_paywalled_content":false,"_jetpack_memberships_contains_paid_content":false,"footnotes":"","jetpack_publicize_message":"","jetpack_publicize_feature_enabled":true,"jetpack_social_post_already_shared":true,"jetpack_social_options":{"image_generator_settings":{"template":"highway","enabled":false},"version":2}},"categories":[1],"tags":[],"class_list":["post-22958","post","type-post","status-publish","format-standard","hentry","category-notas"],"jetpack_publicize_connections":[],"jetpack_sharing_enabled":true,"jetpack_featured_media_url":"","jetpack_shortlink":"https:\/\/wp.me\/p7wKYW-5Yi","jetpack-related-posts":[],"_links":{"self":[{"href":"http:\/\/blogdalucianaoliveira.com.br\/blog\/wp-json\/wp\/v2\/posts\/22958","targetHints":{"allow":["GET"]}}],"collection":[{"href":"http:\/\/blogdalucianaoliveira.com.br\/blog\/wp-json\/wp\/v2\/posts"}],"about":[{"href":"http:\/\/blogdalucianaoliveira.com.br\/blog\/wp-json\/wp\/v2\/types\/post"}],"author":[{"embeddable":true,"href":"http:\/\/blogdalucianaoliveira.com.br\/blog\/wp-json\/wp\/v2\/users\/1"}],"replies":[{"embeddable":true,"href":"http:\/\/blogdalucianaoliveira.com.br\/blog\/wp-json\/wp\/v2\/comments?post=22958"}],"version-history":[{"count":2,"href":"http:\/\/blogdalucianaoliveira.com.br\/blog\/wp-json\/wp\/v2\/posts\/22958\/revisions"}],"predecessor-version":[{"id":22960,"href":"http:\/\/blogdalucianaoliveira.com.br\/blog\/wp-json\/wp\/v2\/posts\/22958\/revisions\/22960"}],"wp:attachment":[{"href":"http:\/\/blogdalucianaoliveira.com.br\/blog\/wp-json\/wp\/v2\/media?parent=22958"}],"wp:term":[{"taxonomy":"category","embeddable":true,"href":"http:\/\/blogdalucianaoliveira.com.br\/blog\/wp-json\/wp\/v2\/categories?post=22958"},{"taxonomy":"post_tag","embeddable":true,"href":"http:\/\/blogdalucianaoliveira.com.br\/blog\/wp-json\/wp\/v2\/tags?post=22958"}],"curies":[{"name":"wp","href":"https:\/\/api.w.org\/{rel}","templated":true}]}}