{"id":22961,"date":"2019-07-29T17:33:36","date_gmt":"2019-07-29T21:33:36","guid":{"rendered":"http:\/\/blogdalucianaoliveira.com.br\/blog\/?p=22961"},"modified":"2019-07-29T17:33:36","modified_gmt":"2019-07-29T21:33:36","slug":"bolsonaro-se-apequena-ao-dizer-que-sabe-como-se-matava-e-torturava-na-ditadura","status":"publish","type":"post","link":"http:\/\/blogdalucianaoliveira.com.br\/blog\/2019\/07\/29\/bolsonaro-se-apequena-ao-dizer-que-sabe-como-se-matava-e-torturava-na-ditadura\/","title":{"rendered":"Bolsonaro se apequena ao dizer que sabe como se matava e torturava na ditadura"},"content":{"rendered":"<header class=\"col desktop_12 tablet_8 mobile_4\">\n<div class=\"article_byline | margin_bottom_lg  \">\n<div class=\"authors flex flex_wrap \"><\/div>\n<div class=\"\">\n<div class=\"place_and_time | uppercase color_gray_medium_lighter\"><img data-recalc-dims=\"1\" decoding=\"async\" class=\"width_full\" src=\"https:\/\/i0.wp.com\/brasil.elpais.com\/resizer\/uwAirqudXrqxHqipWBunXxKVVU8%3D\/1500x0\/smart\/arc-anglerfish-eu-central-1-prod-prisa.s3.amazonaws.com\/public\/HCWDSL7VBOM6XB2W5ZOIH6NE3U.jpg?w=600&#038;ssl=1\" alt=\"Jair Bolsonaro ao lado do vice-presidente Hamilton Mour\u00e3o no Pal\u00e1cio do Planalto.\" \/>Jair Bolsonaro ao lado do vice-presidente Hamilton Mour\u00e3o no Pal\u00e1cio do Planalto.<span class=\"color_black margin_left uppercase light\">ADRIANO MACHADO (REUTERS)<\/span><\/div>\n<\/div>\n<\/div>\n<\/header>\n<div class=\"place_and_time | uppercase color_gray_medium_lighter\"><\/div>\n<header class=\"col desktop_12 tablet_8 mobile_4\">\n<div class=\"article_byline | margin_bottom_lg  \">\n<div class=\"\">\n<div id=\"article_header\" class=\"article-header opinion | flex container_column align_items_center text_align_center padding_h_xxl\">\n<h2 class=\"font_secondary color_gray_dark normal\">Cabe perguntar como e por que ele conhece os horrores de um tempo que a grande maioria dos brasileiros preferiria que nunca tivesse existido<\/h2>\n<\/div>\n<section class=\"share-bar | border_bottom border_5\">\n<div class=\"content | border_bottom border_1 padding_bottom flex\n              justify_space_between relative\"><\/div>\n<\/section>\n<\/div>\n<div class=\"\"><!--more--><\/div>\n<\/div>\n<\/header>\n<div class=\"article | col desktop_8 tablet_8 mobile_4\"><\/div>\n<div class=\"article | col desktop_8 tablet_8 mobile_4\">\n<header class=\"col desktop_12 tablet_8 mobile_4\">\n<div class=\"article_byline | margin_bottom_lg  \">\n<div class=\"\">No El Pais<\/p>\n<div class=\"authors flex flex_wrap \"><span class=\"margin_bottom uppercase flex align_items_center \"><a class=\"color_black\" title=\"Ver todas as not\u00edcias de Juan Arias \" href=\"https:\/\/brasil.elpais.com\/autor\/juan_arias\/a\/\">JUAN ARIAS<\/a><\/span><\/div>\n<\/div>\n<\/div>\n<\/header>\n<p>&nbsp;<\/p>\n<p>N\u00e3o sei se os brasileiros e o mundo se interessam em saber que o presidente\u00a0<a href=\"https:\/\/brasil.elpais.com\/tag\/jair_messias_bolsonaro\/a\" data-link-track-dtm=\"\">Jair Bolsonaro<\/a>\u00a0conhece at\u00e9 os m\u00ednimos detalhes de como torturavam e matavam na ditadura. N\u00e3o se trata de um segredo. Foi ele mesmo quem revelou. Sabia-se que era um defensor da ditadura militar e dos seus mortos, do mesmo jeito que era conhecida a sua admira\u00e7\u00e3o pelos torturadores. O que ele pr\u00f3prio agora acaba de dizer \u00e9 que conhece as min\u00facias de como se torturava e matava no Brasil durante aquele per\u00edodo obscuro.<\/p>\n<\/div>\n<div class=\"article | col desktop_8 tablet_8 mobile_4\">\n<section class=\"article_body | color_gray_dark\">\n<p class=\"\">A revela\u00e7\u00e3o da sua intimidade com os m\u00e9todos de tortura e execu\u00e7\u00e3o durante na ditadura veio da pr\u00f3pria boca de Bolsonaro por ocasi\u00e3o de seu entrevero com o atual presidente da OAB, Felipe Santa Cruz. \u201cUm dia, se o presidente da OAB quiser saber como \u00e9 que o pai dele desapareceu no per\u00edodo militar, eu conto para ele. Ele n\u00e3o vai querer ouvir a verdade. Eu conto para ele\u201d, afirmou Bolsonaro.<\/p>\n<p class=\"\">Santa Cruz tinha dois anos quando seu pai desapareceu para sempre, levado, como tantos outros, pela\u00a0<a href=\"https:\/\/brasil.elpais.com\/tag\/dictadura_brasilena\" data-link-track-dtm=\"\">ditadura militar<\/a>, acusado de ter participado da luta armada\u00a0\u2014 embora n\u00e3o figure como membro de grupos armados no registro da\u00a0<a href=\"https:\/\/brasil.elpais.com\/tag\/cnv_comision_nacional_verdad_brasil\" data-link-track-dtm=\"\">Comiss\u00e3o da Verdade<\/a>, respons\u00e1vel pela an\u00e1lise dos fatos daquele per\u00edodo.<\/p>\n<p class=\"\">Agora, os brasileiros sabem n\u00e3o apenas que Bolsonaro nunca escondeu suas simpatias pela ditadura e seus m\u00e9todos, mas que tamb\u00e9m conhece muito al\u00e9m do que se imaginava sobre as atrocidades cometidas. Cabe perguntar como e por que ele conhece os horrores de um tempo que a grande maioria dos brasileiros preferiria que nunca tivesse existido. N\u00e3o \u00e9 dif\u00edcil imaginar o que o presidente da OAB, que tinha dois anos quando seu pai foi torturado e morto, teria sentido ao ouvir dos l\u00e1bios do presidente da Rep\u00fablica que ele sabe como seu pai morreu. E que pode lhe contar.<\/p>\n<p class=\"\">No livro\u00a0<em>Mem\u00f3rias de Uma Guerra Suja<\/em>, do ex-policial do DOPS Cl\u00e1udio Guerra, l\u00ea-se que o pai do presidente da OAB foi \u201cincinerado no forno de uma f\u00e1brica de a\u00e7\u00facar em Campos\u201d. Agora Bolsonaro insinua que sabe mais sobre aquele assassinato e amea\u00e7a contar ao filho, o que causa afli\u00e7\u00e3o e revela uma veia de desumanidade em quem deveria, por seu cargo, dar, ao contr\u00e1rio, um exemplo de defesa da paz e da harmonia entre todos os brasileiros.<\/p>\n<p class=\"\">Continuar com a pol\u00edtica suicida de dividir os cidad\u00e3os, apresentando-se sempre como pr\u00f3ximo de tudo o que cheira a viol\u00eancia, desafio e uso das armas, s\u00f3 pode fazer com que at\u00e9 as pessoas que um dia confiaram nele para conduzir o destino do pa\u00eds hoje se sintam arrependidas e escandalizadas.<\/p>\n<p class=\"\">Se um presidente da Rep\u00fablica n\u00e3o entende que, uma vez eleito, deve ser n\u00e3o s\u00f3 o respons\u00e1vel pelo pa\u00eds, mas tamb\u00e9m por todos os brasileiros, e que deve propiciar paz ao inv\u00e9s de semear disc\u00f3rdias, os resultados podem ser perversos.<\/p>\n<p class=\"\">Minha esperan\u00e7a \u00e9 que o desafio de Bolsonaro ao presidente da OAB, de revelar a forma atroz como mataram seu pai, possa criar um calafrio de medo e desilus\u00e3o na grande maioria dos brasileiros que nunca teriam querido que algu\u00e9m brincasse de desafi\u00e1-los contando como torturaram seus pais. H\u00e1 sentimentos humanos que devem superar todas as ideologias. Quando, na luta pol\u00edtica, perdemos o senso de dignidade e respeito pelo outro, abrimos o caminho que, ao longo da hist\u00f3ria, forjou os monstros da crueldade.<\/p>\n<p class=\"\">A revela\u00e7\u00e3o macabra de Bolsonaro ao presidente da OAB, de que ele sabe como eliminaram seu pai e pode contar se quiser, me fez lembrar de uma hist\u00f3ria ocorrida durante a ditadura do\u00a0<a href=\"https:\/\/brasil.elpais.com\/tag\/francisco_franco\" data-link-track-dtm=\"\">general Franco<\/a>, na Espanha, quando se torturava e matava. Terminada a refei\u00e7\u00e3o, apresentaram ao General\u00edssimo a lista dos que seriam fuzilados no dia seguinte. Franco aprovava e se divertia desenhando uma flor em nome de cada um. Em Madri, um advogado amigo meu me contou que uma vez tinham lhe avisado que naquela manh\u00e3 torturariam uma pessoa com quem ele um dia havia discutido e desfeito a amizade. Ofereciam-lhe a oportunidade de presenciar a tortura e, se quisesse, \u201cat\u00e9 participar dela\u201d. Meu amigo me disse apenas: \u201cS\u00e3o uns canalhas.\u201d Sempre sonhei em ter um dia um presidente capaz de chamar de canalhas os que desfrutam da dor alheia, da vingan\u00e7a e da crueldade.<\/p>\n<\/section>\n<div class=\"trust_project\"><\/div>\n<\/div>\n","protected":false},"excerpt":{"rendered":"<p>Jair Bolsonaro ao lado do vice-presidente Hamilton Mour\u00e3o no Pal\u00e1cio do Planalto.ADRIANO MACHADO (REUTERS) Cabe perguntar como e por que ele conhece os horrores de um tempo que a grande maioria dos brasileiros preferiria que nunca tivesse existido<\/p>\n","protected":false},"author":1,"featured_media":0,"comment_status":"closed","ping_status":"open","sticky":false,"template":"","format":"standard","meta":{"_exactmetrics_skip_tracking":false,"_exactmetrics_sitenote_active":false,"_exactmetrics_sitenote_note":"","_exactmetrics_sitenote_category":0,"jetpack_post_was_ever_published":false,"_jetpack_newsletter_access":"","_jetpack_dont_email_post_to_subs":false,"_jetpack_newsletter_tier_id":0,"_jetpack_memberships_contains_paywalled_content":false,"_jetpack_memberships_contains_paid_content":false,"footnotes":"","jetpack_publicize_message":"","jetpack_publicize_feature_enabled":true,"jetpack_social_post_already_shared":true,"jetpack_social_options":{"image_generator_settings":{"template":"highway","enabled":false},"version":2}},"categories":[1],"tags":[],"class_list":["post-22961","post","type-post","status-publish","format-standard","hentry","category-notas"],"jetpack_publicize_connections":[],"jetpack_sharing_enabled":true,"jetpack_featured_media_url":"","jetpack_shortlink":"https:\/\/wp.me\/p7wKYW-5Yl","jetpack-related-posts":[],"_links":{"self":[{"href":"http:\/\/blogdalucianaoliveira.com.br\/blog\/wp-json\/wp\/v2\/posts\/22961","targetHints":{"allow":["GET"]}}],"collection":[{"href":"http:\/\/blogdalucianaoliveira.com.br\/blog\/wp-json\/wp\/v2\/posts"}],"about":[{"href":"http:\/\/blogdalucianaoliveira.com.br\/blog\/wp-json\/wp\/v2\/types\/post"}],"author":[{"embeddable":true,"href":"http:\/\/blogdalucianaoliveira.com.br\/blog\/wp-json\/wp\/v2\/users\/1"}],"replies":[{"embeddable":true,"href":"http:\/\/blogdalucianaoliveira.com.br\/blog\/wp-json\/wp\/v2\/comments?post=22961"}],"version-history":[{"count":1,"href":"http:\/\/blogdalucianaoliveira.com.br\/blog\/wp-json\/wp\/v2\/posts\/22961\/revisions"}],"predecessor-version":[{"id":22962,"href":"http:\/\/blogdalucianaoliveira.com.br\/blog\/wp-json\/wp\/v2\/posts\/22961\/revisions\/22962"}],"wp:attachment":[{"href":"http:\/\/blogdalucianaoliveira.com.br\/blog\/wp-json\/wp\/v2\/media?parent=22961"}],"wp:term":[{"taxonomy":"category","embeddable":true,"href":"http:\/\/blogdalucianaoliveira.com.br\/blog\/wp-json\/wp\/v2\/categories?post=22961"},{"taxonomy":"post_tag","embeddable":true,"href":"http:\/\/blogdalucianaoliveira.com.br\/blog\/wp-json\/wp\/v2\/tags?post=22961"}],"curies":[{"name":"wp","href":"https:\/\/api.w.org\/{rel}","templated":true}]}}