{"id":22965,"date":"2019-07-29T23:33:55","date_gmt":"2019-07-30T03:33:55","guid":{"rendered":"http:\/\/blogdalucianaoliveira.com.br\/blog\/?p=22965"},"modified":"2019-07-29T23:33:55","modified_gmt":"2019-07-30T03:33:55","slug":"quem-nao-se-arrependeu-de-ter-eleito-bolsonaro-morreu-como-ser-humano","status":"publish","type":"post","link":"http:\/\/blogdalucianaoliveira.com.br\/blog\/2019\/07\/29\/quem-nao-se-arrependeu-de-ter-eleito-bolsonaro-morreu-como-ser-humano\/","title":{"rendered":"Quem n\u00e3o se arrependeu de ter eleito Bolsonaro morreu como ser humano"},"content":{"rendered":"<p><img data-recalc-dims=\"1\" loading=\"lazy\" decoding=\"async\" data-attachment-id=\"22966\" data-permalink=\"http:\/\/blogdalucianaoliveira.com.br\/blog\/2019\/07\/29\/quem-nao-se-arrependeu-de-ter-eleito-bolsonaro-morreu-como-ser-humano\/0c63feeb-dade-4da7-8931-4c71ecab45f7\/\" data-orig-file=\"https:\/\/i0.wp.com\/blogdalucianaoliveira.com.br\/blog\/wp-content\/uploads\/2019\/07\/0C63FEEB-DADE-4DA7-8931-4C71ECAB45F7.jpeg?fit=724%2C380\" data-orig-size=\"724,380\" data-comments-opened=\"0\" data-image-meta=\"{&quot;aperture&quot;:&quot;0&quot;,&quot;credit&quot;:&quot;&quot;,&quot;camera&quot;:&quot;&quot;,&quot;caption&quot;:&quot;&quot;,&quot;created_timestamp&quot;:&quot;0&quot;,&quot;copyright&quot;:&quot;&quot;,&quot;focal_length&quot;:&quot;0&quot;,&quot;iso&quot;:&quot;0&quot;,&quot;shutter_speed&quot;:&quot;0&quot;,&quot;title&quot;:&quot;&quot;,&quot;orientation&quot;:&quot;0&quot;}\" data-image-title=\"0C63FEEB-DADE-4DA7-8931-4C71ECAB45F7\" data-image-description=\"\" data-image-caption=\"\" data-medium-file=\"https:\/\/i0.wp.com\/blogdalucianaoliveira.com.br\/blog\/wp-content\/uploads\/2019\/07\/0C63FEEB-DADE-4DA7-8931-4C71ECAB45F7.jpeg?fit=300%2C157\" data-large-file=\"https:\/\/i0.wp.com\/blogdalucianaoliveira.com.br\/blog\/wp-content\/uploads\/2019\/07\/0C63FEEB-DADE-4DA7-8931-4C71ECAB45F7.jpeg?fit=600%2C315\" src=\"https:\/\/i0.wp.com\/blogdalucianaoliveira.com.br\/blog\/wp-content\/uploads\/2019\/07\/0C63FEEB-DADE-4DA7-8931-4C71ECAB45F7.jpeg?resize=600%2C315\" alt=\"0C63FEEB-DADE-4DA7-8931-4C71ECAB45F7\" width=\"600\" height=\"315\" class=\"alignnone size-full wp-image-22966\" srcset=\"https:\/\/i0.wp.com\/blogdalucianaoliveira.com.br\/blog\/wp-content\/uploads\/2019\/07\/0C63FEEB-DADE-4DA7-8931-4C71ECAB45F7.jpeg?w=724 724w, https:\/\/i0.wp.com\/blogdalucianaoliveira.com.br\/blog\/wp-content\/uploads\/2019\/07\/0C63FEEB-DADE-4DA7-8931-4C71ECAB45F7.jpeg?resize=300%2C157 300w, https:\/\/i0.wp.com\/blogdalucianaoliveira.com.br\/blog\/wp-content\/uploads\/2019\/07\/0C63FEEB-DADE-4DA7-8931-4C71ECAB45F7.jpeg?resize=572%2C300 572w\" sizes=\"auto, (max-width: 600px) 100vw, 600px\" \/><\/p>\n<p>No Catraca Livre &#8211; Tente esquecer um pouco a sua rixa com o PT. Esforce-se em relembrar que o ex-presidente Lula est\u00e1 preso h\u00e1 mais de ano, e que Dilma Rousseff j\u00e1 foi impichada h\u00e1 quase tr\u00eas. Ou seja, vamos focar em quem realmente nos interessa no momento: o atual presidente da Rep\u00fablica, Jair Bolsonaro (PSL).<!--more--><\/p>\n<p>Em outubro de 2018, quando o Brasil foi \u00e0s urnas eleg\u00ea-lo, muitos de seus eleitores depositaram a confian\u00e7a em Bolsonaro com a esperan\u00e7a de ver um pa\u00eds diferente, sem corrup\u00e7\u00e3o e rumo \u00e0 ascens\u00e3o econ\u00f4mica, como h\u00e1 alguns anos n\u00e3o acontecia.<\/p>\n<p>O resultado tem sido bem diferente do que eles previam: economia ainda estagnada, com previs\u00f5es do PIB caindo semanalmente, exalta\u00e7\u00f5es ao preconceito e \u00e0 ignor\u00e2ncia, discursos absurdos que n\u00e3o esperamos nem mesmo de um adolescente revoltado.<\/p>\n<p>Al\u00e9m das tomadas de decis\u00f5es mais do que equivocadas (como indicar o filho \u00e0 embaixada dos EUA, deixar as leis de tr\u00e2nsito ainda mais male\u00e1veis, e liberar centenas de agrot\u00f3xicos nocivos \u00e0 sa\u00fade e ao meio ambiente, por exemplo), outra coisa que fere o povo brasileiro \u00e9 a forma como o presidente se refere \u00e0 hist\u00f3ria do pa\u00eds.<\/p>\n<p>A exalta\u00e7\u00e3o \u00e0 Ditadura, a exalta\u00e7\u00e3o \u00e0 m\u00e1xima anticrist\u00e3 de que \u201cbandido bom \u00e9 bandido morto\u201d, e o desprezo a direitos de pessoas em situa\u00e7\u00e3o de fragilidade social, como mulheres, negros e LGBTs, s\u00e3o s\u00f3 algumas das irracionalidades do presidente, tornando-o cada vez menos emp\u00e1tico com a figura humana.<\/p>\n<p>E a prova maior de que, se voc\u00ea ainda n\u00e3o se arrependeu de ter eleito Bolsonaro, voc\u00ea morreu como ser humano, \u00e9 o seu \u00faltimo discurso.<\/p>\n<p>Ofensa ao passado do Brasil <\/p>\n<p>Na manh\u00e3 desta segunda-feira, 29 de julho, Bolsonaro fez uma afirma\u00e7\u00e3o bastante triste ao presidente da Ordem do Advogados do Brasil (OAB), Felipe Santa Cruz.<\/p>\n<p>\u201cUm dia se o presidente da OAB [Felipe Santa Cruz] quiser saber como \u00e9 que o pai dele desapareceu no per\u00edodo militar, eu conto para ele. Ele n\u00e3o vai querer ouvir a verdade. Eu conto para ele\u201d, disse Bolsonaro. O pai do jurista desapareceu durante a ditadura.<\/p>\n<p>Se isso n\u00e3o te faz repensar o que foi o regime militar no Brasil e ficar com um m\u00ednimo de repulsa do presidente, independentemente de sua posi\u00e7\u00e3o pol\u00edtica, voc\u00ea j\u00e1 morreu um pouco por dentro.<\/p>\n<p>Seu senso de humanidade est\u00e1 para l\u00e1 de distorcido e voc\u00ea se tornou tudo aquilo que sempre criticou: algu\u00e9m que tem pol\u00edtico de estima\u00e7\u00e3o.<\/p>\n","protected":false},"excerpt":{"rendered":"<p>No Catraca Livre &#8211; Tente esquecer um pouco a sua rixa com o PT. Esforce-se em relembrar que o ex-presidente Lula est\u00e1 preso h\u00e1 mais de ano, e que Dilma Rousseff j\u00e1 foi impichada h\u00e1 quase tr\u00eas. Ou seja, vamos focar em quem realmente nos interessa no momento: o atual presidente da Rep\u00fablica, Jair Bolsonaro&#8230;<a class=\"more-link\" href=\"http:\/\/blogdalucianaoliveira.com.br\/blog\/2019\/07\/29\/quem-nao-se-arrependeu-de-ter-eleito-bolsonaro-morreu-como-ser-humano\/\">Continue a leitura <span class=\"meta-nav\">&raquo;<\/span><\/a><\/p>\n","protected":false},"author":1,"featured_media":0,"comment_status":"closed","ping_status":"open","sticky":false,"template":"","format":"standard","meta":{"_exactmetrics_skip_tracking":false,"_exactmetrics_sitenote_active":false,"_exactmetrics_sitenote_note":"","_exactmetrics_sitenote_category":0,"jetpack_post_was_ever_published":false,"_jetpack_newsletter_access":"","_jetpack_dont_email_post_to_subs":false,"_jetpack_newsletter_tier_id":0,"_jetpack_memberships_contains_paywalled_content":false,"_jetpack_memberships_contains_paid_content":false,"footnotes":"","jetpack_publicize_message":"","jetpack_publicize_feature_enabled":true,"jetpack_social_post_already_shared":true,"jetpack_social_options":{"image_generator_settings":{"template":"highway","enabled":false},"version":2}},"categories":[1],"tags":[],"class_list":["post-22965","post","type-post","status-publish","format-standard","hentry","category-notas"],"jetpack_publicize_connections":[],"jetpack_sharing_enabled":true,"jetpack_featured_media_url":"","jetpack_shortlink":"https:\/\/wp.me\/p7wKYW-5Yp","jetpack-related-posts":[],"_links":{"self":[{"href":"http:\/\/blogdalucianaoliveira.com.br\/blog\/wp-json\/wp\/v2\/posts\/22965","targetHints":{"allow":["GET"]}}],"collection":[{"href":"http:\/\/blogdalucianaoliveira.com.br\/blog\/wp-json\/wp\/v2\/posts"}],"about":[{"href":"http:\/\/blogdalucianaoliveira.com.br\/blog\/wp-json\/wp\/v2\/types\/post"}],"author":[{"embeddable":true,"href":"http:\/\/blogdalucianaoliveira.com.br\/blog\/wp-json\/wp\/v2\/users\/1"}],"replies":[{"embeddable":true,"href":"http:\/\/blogdalucianaoliveira.com.br\/blog\/wp-json\/wp\/v2\/comments?post=22965"}],"version-history":[{"count":1,"href":"http:\/\/blogdalucianaoliveira.com.br\/blog\/wp-json\/wp\/v2\/posts\/22965\/revisions"}],"predecessor-version":[{"id":22967,"href":"http:\/\/blogdalucianaoliveira.com.br\/blog\/wp-json\/wp\/v2\/posts\/22965\/revisions\/22967"}],"wp:attachment":[{"href":"http:\/\/blogdalucianaoliveira.com.br\/blog\/wp-json\/wp\/v2\/media?parent=22965"}],"wp:term":[{"taxonomy":"category","embeddable":true,"href":"http:\/\/blogdalucianaoliveira.com.br\/blog\/wp-json\/wp\/v2\/categories?post=22965"},{"taxonomy":"post_tag","embeddable":true,"href":"http:\/\/blogdalucianaoliveira.com.br\/blog\/wp-json\/wp\/v2\/tags?post=22965"}],"curies":[{"name":"wp","href":"https:\/\/api.w.org\/{rel}","templated":true}]}}