{"id":22968,"date":"2019-07-30T08:34:46","date_gmt":"2019-07-30T12:34:46","guid":{"rendered":"http:\/\/blogdalucianaoliveira.com.br\/blog\/?p=22968"},"modified":"2019-07-30T08:39:04","modified_gmt":"2019-07-30T12:39:04","slug":"cinco-razoes-para-a-mais-recente-escalada-de-destempero-de-bolsonaro","status":"publish","type":"post","link":"http:\/\/blogdalucianaoliveira.com.br\/blog\/2019\/07\/30\/cinco-razoes-para-a-mais-recente-escalada-de-destempero-de-bolsonaro\/","title":{"rendered":"Cinco raz\u00f5es para a mais recente escalada de destempero de Bolsonaro"},"content":{"rendered":"<p><img data-recalc-dims=\"1\" loading=\"lazy\" decoding=\"async\" data-attachment-id=\"22969\" data-permalink=\"http:\/\/blogdalucianaoliveira.com.br\/blog\/2019\/07\/30\/cinco-razoes-para-a-mais-recente-escalada-de-destempero-de-bolsonaro\/c9d16caf-ac7f-437b-8dc9-ca33137521c5\/\" data-orig-file=\"https:\/\/i0.wp.com\/blogdalucianaoliveira.com.br\/blog\/wp-content\/uploads\/2019\/07\/C9D16CAF-AC7F-437B-8DC9-CA33137521C5.jpeg?fit=900%2C508\" data-orig-size=\"900,508\" data-comments-opened=\"0\" data-image-meta=\"{&quot;aperture&quot;:&quot;0&quot;,&quot;credit&quot;:&quot;&quot;,&quot;camera&quot;:&quot;&quot;,&quot;caption&quot;:&quot;&quot;,&quot;created_timestamp&quot;:&quot;0&quot;,&quot;copyright&quot;:&quot;&quot;,&quot;focal_length&quot;:&quot;0&quot;,&quot;iso&quot;:&quot;0&quot;,&quot;shutter_speed&quot;:&quot;0&quot;,&quot;title&quot;:&quot;&quot;,&quot;orientation&quot;:&quot;1&quot;}\" data-image-title=\"C9D16CAF-AC7F-437B-8DC9-CA33137521C5\" data-image-description=\"\" data-image-caption=\"\" data-medium-file=\"https:\/\/i0.wp.com\/blogdalucianaoliveira.com.br\/blog\/wp-content\/uploads\/2019\/07\/C9D16CAF-AC7F-437B-8DC9-CA33137521C5.jpeg?fit=300%2C169\" data-large-file=\"https:\/\/i0.wp.com\/blogdalucianaoliveira.com.br\/blog\/wp-content\/uploads\/2019\/07\/C9D16CAF-AC7F-437B-8DC9-CA33137521C5.jpeg?fit=600%2C339\" src=\"https:\/\/i0.wp.com\/blogdalucianaoliveira.com.br\/blog\/wp-content\/uploads\/2019\/07\/C9D16CAF-AC7F-437B-8DC9-CA33137521C5.jpeg?resize=600%2C339\" alt=\"C9D16CAF-AC7F-437B-8DC9-CA33137521C5\" width=\"600\" height=\"339\" class=\"alignnone size-full wp-image-22969\" srcset=\"https:\/\/i0.wp.com\/blogdalucianaoliveira.com.br\/blog\/wp-content\/uploads\/2019\/07\/C9D16CAF-AC7F-437B-8DC9-CA33137521C5.jpeg?w=900 900w, https:\/\/i0.wp.com\/blogdalucianaoliveira.com.br\/blog\/wp-content\/uploads\/2019\/07\/C9D16CAF-AC7F-437B-8DC9-CA33137521C5.jpeg?resize=300%2C169 300w, https:\/\/i0.wp.com\/blogdalucianaoliveira.com.br\/blog\/wp-content\/uploads\/2019\/07\/C9D16CAF-AC7F-437B-8DC9-CA33137521C5.jpeg?resize=768%2C433 768w, https:\/\/i0.wp.com\/blogdalucianaoliveira.com.br\/blog\/wp-content\/uploads\/2019\/07\/C9D16CAF-AC7F-437B-8DC9-CA33137521C5.jpeg?resize=531%2C300 531w\" sizes=\"auto, (max-width: 600px) 100vw, 600px\" \/><\/p>\n<p>Blog do Sakamoto &#8211; Em 11 dias, Bolsonaro defendeu o nepotismo; disse que a fome no Brasil era uma &#8220;grande mentira&#8221;; atacou o Nordeste; difamou a jornalista Miriam Leit\u00e3o; afirmou que dados de sat\u00e9lite mentem sobre o aumento no desmatamento da Amaz\u00f4nia; defendeu censura \u00e0 Ag\u00eancia Nacional de Cinema; atacou a rep\u00f3rter Talita Fernandes que questionou o porqu\u00ea dele ter levado parentes ao casamento do filho em um helic\u00f3ptero da FAB; amea\u00e7ou pris\u00e3o ao jornalista Glenn Greenwald e agrediu seu companheiro e filhos; menosprezou o respeito ao meio ambiente, dizendo que apenas veganos se importam com isso; e brincou com a dor alheia ao dizer que poderia contar ao presidente da OAB o paradeiro de seu pai, Fernando Santa Cruz, preso e torturado pela ditadura e desaparecido desde 1970. Diante da repercuss\u00e3o, refugou como sempre, dando outra declara\u00e7\u00e3o &#8211; de que ele foi morto por organiza\u00e7\u00f5es de esquerda. Nos registros da Comiss\u00e3o da Verdade, ele foi morto pelo Estado. <!--more--><\/p>\n<p>Sabe-se que esse \u00e9 o Bolsonaro real, o Bolsonaro-raiz. E ele n\u00e3o \u00e9 um estelionato eleitoral, como j\u00e1 disse neste espa\u00e7o, mas \u00e9, grosso modo, aquilo que prometeu.  Ap\u00f3s assumir, o presidente tentou usar a fantasia de &#8220;paz e amor&#8221;. Mas claramente n\u00e3o se sente t\u00e3o confort\u00e1vel nela quanto nos momentos em que resolve se despir de qualquer la\u00e7o que o conecta \u00e0 civiliza\u00e7\u00e3o. Por que o rei bradou nu nestes 11 dias? Reuni cinco possibilidades. Abaixo, duas delas:<\/p>\n<p>4) Bolsonaro aprofunda o estado b\u00e9lico de sua comunica\u00e7\u00e3o, apostando em uma guerra prolongada para manter seu um ter\u00e7o de apoiadores fi\u00e9is unidos contra o &#8220;inimigo&#8221; &#8211; feito seu \u00eddolo, Donald Trump. Inimigos s\u00e3o rotulados de &#8220;comunistas&#8221;. Abrangem parlamentares (aliados ou advers\u00e1rios) e ministros do STF (respons\u00e1veis por freios e contrapesos ao poder presidencial), al\u00e9m de jornalistas, artistas, professores, estudantes, movimentos sociais e qualquer um que critique sua pol\u00edtica medieval em costumes e comportamento. Com isso, sua base lutar\u00e1 contra Moinhos de Vento (das mamadeiras de piroca, passando pelas Golden Showers aos kits gays), enquanto Dom Quixote passa pano para o filho senador que n\u00e3o presta esclarecimentos ao Minist\u00e9rio P\u00fablico sobre suas movimenta\u00e7\u00f5es at\u00edpicas.<\/p>\n<p>5) &#8220;Uma mistura do mal com atraso e pitadas de psicopatia.&#8221; (Declara\u00e7\u00e3o do ministro Lu\u00eds Roberto Barroso, em sess\u00e3o do Supremo Tribunal Federal. Foi dirigida apenas ao ministro Gilmar Mendes, em 21 de mar\u00e7o de 2018. Mas dizem que \u00e9 atemporal e multiuso.)<\/p>\n<p>(Leia as outras no post do blog)<\/p>\n","protected":false},"excerpt":{"rendered":"<p>Blog do Sakamoto &#8211; Em 11 dias, Bolsonaro defendeu o nepotismo; disse que a fome no Brasil era uma &#8220;grande mentira&#8221;; atacou o Nordeste; difamou a jornalista Miriam Leit\u00e3o; afirmou que dados de sat\u00e9lite mentem sobre o aumento no desmatamento da Amaz\u00f4nia; defendeu censura \u00e0 Ag\u00eancia Nacional de Cinema; atacou a rep\u00f3rter Talita Fernandes que&#8230;<a class=\"more-link\" href=\"http:\/\/blogdalucianaoliveira.com.br\/blog\/2019\/07\/30\/cinco-razoes-para-a-mais-recente-escalada-de-destempero-de-bolsonaro\/\">Continue a leitura <span class=\"meta-nav\">&raquo;<\/span><\/a><\/p>\n","protected":false},"author":1,"featured_media":0,"comment_status":"closed","ping_status":"open","sticky":false,"template":"","format":"standard","meta":{"_exactmetrics_skip_tracking":false,"_exactmetrics_sitenote_active":false,"_exactmetrics_sitenote_note":"","_exactmetrics_sitenote_category":0,"jetpack_post_was_ever_published":false,"_jetpack_newsletter_access":"","_jetpack_dont_email_post_to_subs":false,"_jetpack_newsletter_tier_id":0,"_jetpack_memberships_contains_paywalled_content":false,"_jetpack_memberships_contains_paid_content":false,"footnotes":"","jetpack_publicize_message":"","jetpack_publicize_feature_enabled":true,"jetpack_social_post_already_shared":true,"jetpack_social_options":{"image_generator_settings":{"template":"highway","enabled":false},"version":2}},"categories":[1],"tags":[],"class_list":["post-22968","post","type-post","status-publish","format-standard","hentry","category-notas"],"jetpack_publicize_connections":[],"jetpack_sharing_enabled":true,"jetpack_featured_media_url":"","jetpack_shortlink":"https:\/\/wp.me\/p7wKYW-5Ys","jetpack-related-posts":[],"_links":{"self":[{"href":"http:\/\/blogdalucianaoliveira.com.br\/blog\/wp-json\/wp\/v2\/posts\/22968","targetHints":{"allow":["GET"]}}],"collection":[{"href":"http:\/\/blogdalucianaoliveira.com.br\/blog\/wp-json\/wp\/v2\/posts"}],"about":[{"href":"http:\/\/blogdalucianaoliveira.com.br\/blog\/wp-json\/wp\/v2\/types\/post"}],"author":[{"embeddable":true,"href":"http:\/\/blogdalucianaoliveira.com.br\/blog\/wp-json\/wp\/v2\/users\/1"}],"replies":[{"embeddable":true,"href":"http:\/\/blogdalucianaoliveira.com.br\/blog\/wp-json\/wp\/v2\/comments?post=22968"}],"version-history":[{"count":2,"href":"http:\/\/blogdalucianaoliveira.com.br\/blog\/wp-json\/wp\/v2\/posts\/22968\/revisions"}],"predecessor-version":[{"id":22971,"href":"http:\/\/blogdalucianaoliveira.com.br\/blog\/wp-json\/wp\/v2\/posts\/22968\/revisions\/22971"}],"wp:attachment":[{"href":"http:\/\/blogdalucianaoliveira.com.br\/blog\/wp-json\/wp\/v2\/media?parent=22968"}],"wp:term":[{"taxonomy":"category","embeddable":true,"href":"http:\/\/blogdalucianaoliveira.com.br\/blog\/wp-json\/wp\/v2\/categories?post=22968"},{"taxonomy":"post_tag","embeddable":true,"href":"http:\/\/blogdalucianaoliveira.com.br\/blog\/wp-json\/wp\/v2\/tags?post=22968"}],"curies":[{"name":"wp","href":"https:\/\/api.w.org\/{rel}","templated":true}]}}