{"id":22973,"date":"2019-07-30T14:22:05","date_gmt":"2019-07-30T18:22:05","guid":{"rendered":"http:\/\/blogdalucianaoliveira.com.br\/blog\/?p=22973"},"modified":"2019-07-30T14:22:05","modified_gmt":"2019-07-30T18:22:05","slug":"bolsonaro-faz-piada-com-massacre-de-57-no-para","status":"publish","type":"post","link":"http:\/\/blogdalucianaoliveira.com.br\/blog\/2019\/07\/30\/bolsonaro-faz-piada-com-massacre-de-57-no-para\/","title":{"rendered":"Bolsonaro faz piada com massacre de 57 no Par\u00e1"},"content":{"rendered":"<div class=\"article__lead\">\n<picture> <img data-recalc-dims=\"1\" decoding=\"async\" title=\" (Foto: Reuters | Bruno Cecin\/ag.Para)\" src=\"https:\/\/i0.wp.com\/publisher-publish.s3.eu-central-1.amazonaws.com\/pb-brasil247\/swp\/jtjeq9\/media\/2019073011070_8c310cfc-77cd-4415-ba7d-eb658f090021.jpeg?w=600&#038;ssl=1\" alt=\"\" \/><\/picture>(Foto: Reuters | Bruno Cecin\/ag.Para)<\/p>\n<div class=\"article__lead\">\n<p>Um dia ap\u00f3s a maior chacina do ano em pres\u00eddios do pa\u00eds, Jair Bolsonaro ironizou o epis\u00f3dio que resultou em 57 mortos no Par\u00e1; &#8220;Pergunta para as v\u00edtimas que morreram l\u00e1 o que eles acham, depois que eles responderem eu respondo a voc\u00eas&#8221;, disse; declara\u00e7\u00e3o vem na esteira dos ataques que ele fez ao presidente da OAB e a seu pai, desaparecido durante o regime militar, e ter negado o assassinato do cacique Emyra Waj\u00e3pi, morto por garimpeiros no Amap\u00e1.<!--more--><\/p>\n<p><b>247 &#8211;\u00a0<\/b>Um dia ap\u00f3s o Par\u00e1 registrar a maior chacina do ano em pres\u00eddios do pa\u00eds, Jair Bolsonaro ironizou o epis\u00f3dio que resultou em 57 detentos mortos. &#8220;Pergunta para as v\u00edtimas que morreram l\u00e1 o que eles acham, depois que eles responderem eu respondo a voc\u00eas&#8221;, disse Bolsonaro ao ser questionado por rep\u00f3rteres sobre o massacre.<\/p>\n<p>A declara\u00e7\u00e3o de Bolsonaro vem na esteira dos ataques que ele fez ao presidente da OAB, Felipe Santa Cruz e a seu pai, Fernando Santa Cruz, desaparecido durante o regime militar (leia no\u00a0<a href=\"https:\/\/www.brasil247.com\/brasil\/bolsonaro-ataca-presidente-da-oab-e-diz-saber-como-seu-pai-foi-assassinado-na-ditadura\"><b>Brasil 247<\/b><\/a>), e ter negado o assassinato do cacique Emyra Waj\u00e3pi, morto por garimpeiros no Amap\u00e1 (leia no\u00a0<a href=\"https:\/\/www.brasil247.com\/brasil\/bolsonaro-nega-assassinato-de-cacique-e-diz-que-reservas-indigenas-inviabilizam-agronegocio\"><b>Brasil 247<\/b><\/a>).<\/p>\n<div class=\"contentAd contentAd--noBackground marginBottom30\">\n<p>O massacre aconteceu em um pres\u00eddio de Altamira nesta segunda-feira (29). A unidade prisional j\u00e1 havia sido palco de uma rebeli\u00e3o no ano passado, que deixou sete pessoas mortas.<\/p>\n<p>Um relat\u00f3rio do Conselho Nacional de Justi\u00e7a (CNJ) qualificou as condi\u00e7\u00f5es da unidade como \u201cp\u00e9ssimas\u201d, al\u00e9m de estar com sua capacidade esgotada, abrigando 363 presos, mais que o dobro da capacidade, de 163 vagas.<\/p>\n<p>Ainda segundo o CNJ, \u201co quantitativo de agentes \u00e9 reduzido frente ao n\u00famero de internos custodiados&#8221; e o pres\u00eddio n\u00e3o possui enfermaria, oficinas de trabalho ou salas de aula, al\u00e9m de bloqueadores de celulares ou biblioteca.<\/p>\n<\/div>\n<\/div>\n<div class=\"articleMetadata marginBottom30\"><\/div>\n<\/div>\n<p>&nbsp;<\/p>\n<div class=\"article__text marginTop30\"><\/div>\n","protected":false},"excerpt":{"rendered":"<p>(Foto: Reuters | Bruno Cecin\/ag.Para) Um dia ap\u00f3s a maior chacina do ano em pres\u00eddios do pa\u00eds, Jair Bolsonaro ironizou o epis\u00f3dio que resultou em 57 mortos no Par\u00e1; &#8220;Pergunta para as v\u00edtimas que morreram l\u00e1 o que eles acham, depois que eles responderem eu respondo a voc\u00eas&#8221;, disse; declara\u00e7\u00e3o vem na esteira dos ataques&#8230;<a class=\"more-link\" href=\"http:\/\/blogdalucianaoliveira.com.br\/blog\/2019\/07\/30\/bolsonaro-faz-piada-com-massacre-de-57-no-para\/\">Continue a leitura <span class=\"meta-nav\">&raquo;<\/span><\/a><\/p>\n","protected":false},"author":1,"featured_media":0,"comment_status":"closed","ping_status":"open","sticky":false,"template":"","format":"standard","meta":{"_exactmetrics_skip_tracking":false,"_exactmetrics_sitenote_active":false,"_exactmetrics_sitenote_note":"","_exactmetrics_sitenote_category":0,"jetpack_post_was_ever_published":false,"_jetpack_newsletter_access":"","_jetpack_dont_email_post_to_subs":false,"_jetpack_newsletter_tier_id":0,"_jetpack_memberships_contains_paywalled_content":false,"_jetpack_memberships_contains_paid_content":false,"footnotes":"","jetpack_publicize_message":"","jetpack_publicize_feature_enabled":true,"jetpack_social_post_already_shared":true,"jetpack_social_options":{"image_generator_settings":{"template":"highway","enabled":false},"version":2}},"categories":[1],"tags":[],"class_list":["post-22973","post","type-post","status-publish","format-standard","hentry","category-notas"],"jetpack_publicize_connections":[],"jetpack_sharing_enabled":true,"jetpack_featured_media_url":"","jetpack_shortlink":"https:\/\/wp.me\/p7wKYW-5Yx","jetpack-related-posts":[],"_links":{"self":[{"href":"http:\/\/blogdalucianaoliveira.com.br\/blog\/wp-json\/wp\/v2\/posts\/22973","targetHints":{"allow":["GET"]}}],"collection":[{"href":"http:\/\/blogdalucianaoliveira.com.br\/blog\/wp-json\/wp\/v2\/posts"}],"about":[{"href":"http:\/\/blogdalucianaoliveira.com.br\/blog\/wp-json\/wp\/v2\/types\/post"}],"author":[{"embeddable":true,"href":"http:\/\/blogdalucianaoliveira.com.br\/blog\/wp-json\/wp\/v2\/users\/1"}],"replies":[{"embeddable":true,"href":"http:\/\/blogdalucianaoliveira.com.br\/blog\/wp-json\/wp\/v2\/comments?post=22973"}],"version-history":[{"count":1,"href":"http:\/\/blogdalucianaoliveira.com.br\/blog\/wp-json\/wp\/v2\/posts\/22973\/revisions"}],"predecessor-version":[{"id":22974,"href":"http:\/\/blogdalucianaoliveira.com.br\/blog\/wp-json\/wp\/v2\/posts\/22973\/revisions\/22974"}],"wp:attachment":[{"href":"http:\/\/blogdalucianaoliveira.com.br\/blog\/wp-json\/wp\/v2\/media?parent=22973"}],"wp:term":[{"taxonomy":"category","embeddable":true,"href":"http:\/\/blogdalucianaoliveira.com.br\/blog\/wp-json\/wp\/v2\/categories?post=22973"},{"taxonomy":"post_tag","embeddable":true,"href":"http:\/\/blogdalucianaoliveira.com.br\/blog\/wp-json\/wp\/v2\/tags?post=22973"}],"curies":[{"name":"wp","href":"https:\/\/api.w.org\/{rel}","templated":true}]}}