{"id":22975,"date":"2019-07-30T14:30:17","date_gmt":"2019-07-30T18:30:17","guid":{"rendered":"http:\/\/blogdalucianaoliveira.com.br\/blog\/?p=22975"},"modified":"2019-07-30T14:30:17","modified_gmt":"2019-07-30T18:30:17","slug":"discurso-de-bolsonaro-da-carta-branca-diz-indigena-sobre-morte-de-cacique-no-amapa","status":"publish","type":"post","link":"http:\/\/blogdalucianaoliveira.com.br\/blog\/2019\/07\/30\/discurso-de-bolsonaro-da-carta-branca-diz-indigena-sobre-morte-de-cacique-no-amapa\/","title":{"rendered":"Discurso de Bolsonaro d\u00e1 &#8220;carta branca&#8221;, diz ind\u00edgena sobre morte de cacique no Amap\u00e1"},"content":{"rendered":"<p> <img data-recalc-dims=\"1\" loading=\"lazy\" decoding=\"async\" data-attachment-id=\"22977\" data-permalink=\"http:\/\/blogdalucianaoliveira.com.br\/blog\/2019\/07\/30\/discurso-de-bolsonaro-da-carta-branca-diz-indigena-sobre-morte-de-cacique-no-amapa\/car-5\/\" data-orig-file=\"https:\/\/i0.wp.com\/blogdalucianaoliveira.com.br\/blog\/wp-content\/uploads\/2019\/07\/car.jpg?fit=640%2C427\" data-orig-size=\"640,427\" data-comments-opened=\"0\" data-image-meta=\"{&quot;aperture&quot;:&quot;0&quot;,&quot;credit&quot;:&quot;&quot;,&quot;camera&quot;:&quot;&quot;,&quot;caption&quot;:&quot;&quot;,&quot;created_timestamp&quot;:&quot;0&quot;,&quot;copyright&quot;:&quot;&quot;,&quot;focal_length&quot;:&quot;0&quot;,&quot;iso&quot;:&quot;0&quot;,&quot;shutter_speed&quot;:&quot;0&quot;,&quot;title&quot;:&quot;&quot;,&quot;orientation&quot;:&quot;0&quot;}\" data-image-title=\"car\" data-image-description=\"\" data-image-caption=\"\" data-medium-file=\"https:\/\/i0.wp.com\/blogdalucianaoliveira.com.br\/blog\/wp-content\/uploads\/2019\/07\/car.jpg?fit=300%2C200\" data-large-file=\"https:\/\/i0.wp.com\/blogdalucianaoliveira.com.br\/blog\/wp-content\/uploads\/2019\/07\/car.jpg?fit=600%2C400\" src=\"https:\/\/i0.wp.com\/blogdalucianaoliveira.com.br\/blog\/wp-content\/uploads\/2019\/07\/car.jpg?resize=600%2C400\" alt=\"car\" width=\"600\" height=\"400\" class=\"alignnone size-full wp-image-22977\" srcset=\"https:\/\/i0.wp.com\/blogdalucianaoliveira.com.br\/blog\/wp-content\/uploads\/2019\/07\/car.jpg?w=640 640w, https:\/\/i0.wp.com\/blogdalucianaoliveira.com.br\/blog\/wp-content\/uploads\/2019\/07\/car.jpg?resize=300%2C200 300w, https:\/\/i0.wp.com\/blogdalucianaoliveira.com.br\/blog\/wp-content\/uploads\/2019\/07\/car.jpg?resize=450%2C300 450w\" sizes=\"auto, (max-width: 600px) 100vw, 600px\" \/><\/p>\n<p>Entidades locais e internacionais demonstram preocupa\u00e7\u00e3o com assassinato e pedem provid\u00eancias<!--more--><\/p>\n<p>Cristiane Sampaio<br \/>\nBrasil de Fato<\/p>\n<p>Lideran\u00e7as ind\u00edgenas ouvidas pelo Brasil de Fato criticaram, na tarde desta segunda (29), as declara\u00e7\u00f5es do presidente Jair Bolsonaro (PSL) sobre a morte do cacique Emyra W\u00e3iapi, de 68 anos, da terra Ind\u00edgena Wai\u00e3pi, no oeste do Amap\u00e1. O caso est\u00e1 sob investiga\u00e7\u00e3o do Minist\u00e9rio P\u00fablico Federal (MPF) e da Pol\u00edcia Federal (PF).  <\/p>\n<p>Ao comentar o assunto junto \u00e0 imprensa, o chefe do Executivo disse, na manh\u00e3 desta segunda-feira (29), que n\u00e3o h\u00e1 \u201cnenhum ind\u00edcio forte\u201d de que o l\u00edder tenha sido assassinado: \u201cChegaram v\u00e1rias possibilidades. A PF est\u00e1 l\u00e1, quem n\u00f3s pudermos mandar para l\u00e1 j\u00e1 mandamos para buscar desvendar o caso e buscar a verdade sobre isso a\u00ed&#8221;.<\/p>\n<p>Kleber Karipuna, da Coordena\u00e7\u00e3o das Organiza\u00e7\u00f5es Ind\u00edgenas da Amaz\u00f4nia Brasileria (Coiab), uma das entidades que integram a Articula\u00e7\u00e3o dos Povos Ind\u00edgenas do Brasil (Apib), criticou a manifesta\u00e7\u00e3o do presidente e destacou que a morte do cacique surge em um contexto de avan\u00e7o da viol\u00eancia contra as comunidades tradicionais.<\/p>\n<p>Em entrevista ao Brasil de Fato, ele ressaltou ainda que o presidente tem hist\u00f3rico de discursos racistas contra os povos ind\u00edgenas e que tais manifesta\u00e7\u00f5es s\u00e3o \u201cagressivas\u201d e \u201cv\u00e3o contra a legisla\u00e7\u00e3o brasileira, incentivando conflitos no campo\u201d.  <\/p>\n<p>\u201cIsso [a morte do cacique] vem \u00e0 tona de forma muito negativa, porque retoma o acirramento de conflitos que j\u00e1 existiam no passado em v\u00e1rias regi\u00f5es de \u00e1reas ind\u00edgenas, como \u00e9 o caso dos wai\u00e3pu, e [vem] com o aval do governo federal, da autoridade m\u00e1xima do pa\u00eds. Isso \u00e9 muito delicado e problem\u00e1tico\u201d, afirmou Karipuna.<\/p>\n<p>Nesta segunda, Bolsonaro tamb\u00e9m voltou a defender a minera\u00e7\u00e3o em terras ind\u00edgenas. A pr\u00e1tica \u00e9 legalmente proibida no pa\u00eds e a norma s\u00f3 pode ser revista por meio de autoriza\u00e7\u00e3o do Congresso Nacional.<\/p>\n<p>Em sintonia com o discurso de latifundi\u00e1rios, mineradores e outros grupos econ\u00f4micos, o presidente tem tentado encampar o tema da libera\u00e7\u00e3o do garimpo em territ\u00f3rios de povos tradicionais. Apesar de terem suas \u00e1reas protegidas por determina\u00e7\u00e3o constitucional, tais comunidades s\u00e3o alvo frequente de conflitos de interesse envolvendo diferentes atores ligados \u00e0 especula\u00e7\u00e3o agr\u00e1ria.<\/p>\n<p>A defesa de Bolsonaro se coaduna ainda com o discurso de cr\u00edticas \u00e0s demarca\u00e7\u00f5es de terras ind\u00edgenas, que ele voltou a repetir nesta segunda, ao dizer que elas estariam &#8220;inviabilizando o neg\u00f3cio&#8221; no pa\u00eds.  <\/p>\n<p>\u201cO Brasil vive de commodities, daqui a pouco o homem do campo vai perder a paci\u00eancia e vai cuidar da vida dele. Vai vender a terra, aplicar aqui ou l\u00e1 fora, e cuidar da vida dele. A gente vai viver do qu\u00ea? O que n\u00f3s temos aqui al\u00e9m de commodities? Ser\u00e1 que o pessoal n\u00e3o acorda para isso? Se esse neg\u00f3cio quebrar, todo mundo vai para o barro, acabou o Brasil\u201d, afirmou Bolsonaro.<\/p>\n<p>Em nota publicada nesta segunda, a Coiab se refere ao presidente como \u201co maior inimigo atualmente dos povos ind\u00edgenas\u201d e afirma que as a\u00e7\u00f5es do atual governo teriam \u201co intuito \u00fanico e exclusivo de privilegiar os hist\u00f3ricos invasores das terras ind\u00edgenas\u201d.<\/p>\n<p>Kleber Karipuna conta que as comunidades temem o risco de uma maior escalada da viol\u00eancia a partir da conduta da gest\u00e3o Bolsonaro.  <\/p>\n<p>\u201cEle vive produzindo esse tipo de discurso e isso, quando chega l\u00e1 na ponta, onde tem uma regi\u00e3o com determinado conflito, as pessoas que est\u00e3o em conflito com os povos ind\u00edgenas l\u00e1 entendem isso como um sinal positivo de que podem fazer tudo o que for poss\u00edvel pra explorar os territ\u00f3rios, de que, se for necess\u00e1rio matar, que mate, que \u00e9 o discurso dele tamb\u00e9m [em defesa] do armamento. As pessoas recebem isso como um sinal positivo, uma carta branca pra fazerem o que quiserem\u201d, desabafa Karipuna.<\/p>\n<p>Repercuss\u00e3o<\/p>\n<p>Outras entidades da sociedade civil tamb\u00e9m se manifestaram nesta segunda. As Pastorais do Campo e o Conselho Indigenista Mission\u00e1rio (Cimi), \u00f3rg\u00e3o vinculado \u00e0 Confer\u00eancia Nacional dos Bispos do Brasil (CNBB), afirmaram, por meio de nota, que receberam a not\u00edcia de ataque de garimpeiros e assassinato do cacique Emyra W\u00e3iapi \u201ccom imensa preocupa\u00e7\u00e3o\u201d.<\/p>\n<p>Ao cobrarem medidas urgentes para o caso, as entidades afirmaram que \u201cos discursos de \u00f3dio e agress\u00e3o do presidente Bolsonaro e demais representantes de seu governo servem de combust\u00edvel e estimulam a invas\u00e3o, o esbulho territorial e a\u00e7\u00f5es violentas contra os povos ind\u00edgenas\u201d.<\/p>\n<p>O caso tamb\u00e9m teve alcance internacional. A alta comiss\u00e1ria da ONU para os direitos humanos, Michelle Bachelet, afirmou que o assassinato \u00e9 \u201ctamb\u00e9m um sintoma perturbador do crescente problema de invas\u00e3o de terras ind\u00edgenas, especialmente florestas, por mineiros, madeireiros e agricultores\u201d no Brasil. Ela fez ainda um alerta sobre a inten\u00e7\u00e3o do governo de liberar mais \u00e1reas de terras amaz\u00f4nicas para a minera\u00e7\u00e3o, afirmando que a iniciativa \u201cpode levar a incidentes de viol\u00eancia, intimida\u00e7\u00e3o e assassinatos do tipo infligido ao povo Waj\u00e3pi na semana passada\u201d.   <\/p>\n<p>O caso<\/p>\n<p>No s\u00e1bado (27), ind\u00edgenas do territ\u00f3rio Wai\u00e3pi denunciaram junto \u00e0 imprensa, por meio de interlocutores, que haviam sofrido uma invas\u00e3o na \u00e1rea nos dias anteriores. A suspeita inicial era da presen\u00e7a de garimpeiros ilegais na regi\u00e3o, que tem hist\u00f3rico de conflitos agr\u00e1rios. A den\u00fancia sucedeu a morte do ind\u00edgena Emyra Wai\u00e3pi, que teria sido assassinado na segunda (22), mas teve o corpo localizado somente no dia seguinte.<\/p>\n<p>No domingo (28), a Pol\u00edcia Militar afirmou que o corpo do cacique continha sinais de perfura\u00e7\u00f5es e cortes na regi\u00e3o p\u00e9lvica e o caso ainda est\u00e1 sob investiga\u00e7\u00e3o. Ap\u00f3s dilig\u00eancias feitas na regi\u00e3o durante o final de semana, a Pol\u00edcia Federal e o Minist\u00e9rio P\u00fablico Federal (MPF) abriram inqu\u00e9ritos para apurar a suspeita de invas\u00e3o e a morte do cacique, que \u00e9 acompanhada tamb\u00e9m pela Funai.   <\/p>\n<p>Por meio de uma nota oficial, o Conselho das Aldeias Waj\u00e3pi-Apina disse que a situa\u00e7\u00e3o deixou as comunidades locais em estado de vigil\u00e2ncia e tens\u00e3o permanente.<\/p>\n<p>\u201cContinuamos muito preocupados com os invasores que est\u00e3o na regi\u00e3o norte da nossa terra ind\u00edgena. Nas aldeias desta regi\u00e3o, as fam\u00edlias est\u00e3o com muito medo de sair para as ro\u00e7as ou para ca\u00e7ar. Algumas comunidades sa\u00edram de suas aldeias para se juntar com fam\u00edlias de outras aldeias para se sentirem mais seguras. Por isso nossos guerreiros de todas as regi\u00f5es da TIW est\u00e3o se organizando para ajudar os guerreiros da regi\u00e3o do Mariry, que continuam procurando os invasores, e pedimos apoio da Funai para isso\u201d, afirma a entidade.<\/p>\n<p>Em coletiva de imprensa na tarde desta segunda (29), o procurador da Rep\u00fablica Rodolfo Lopes, que atua pelo Minist\u00e9rio P\u00fablico Federal (MPF) no Amap\u00e1, disse que ainda n\u00e3o \u00e9 poss\u00edvel afirmar que tenha havido homic\u00eddio. Ele tamb\u00e9m informou que n\u00e3o foram encontrados, at\u00e9 o momento, vest\u00edgios de uma invas\u00e3o de garimpeiros no local do crime.<\/p>\n<p>\u201cN\u00e3o h\u00e1 ind\u00edcios de garimpo na \u00e1rea e nem qualquer resqu\u00edcio de n\u00e3o ind\u00edgenas. Nessa \u00e1rea, n\u00e3o h\u00e1 registro de conflito. N\u00e3o h\u00e1 resqu\u00edcios de pegadas, marcas de fogueira ou restos deixados\u201d, acrescentou o procurador, afirmando ainda que acredita que o relat\u00f3rio da PF sobre o caso seja conclu\u00eddo at\u00e9 o final desta semana.<\/p>\n<p>O Brasil de Fato tentou ouvir a PF, mas o \u00f3rg\u00e3o disse que ainda n\u00e3o est\u00e1 se manifestando oficialmente sobre o inqu\u00e9rito e que, at\u00e9 o momento, a Funai seria a respons\u00e1vel por pronunciamentos sobre o caso.  <\/p>\n<p>Por meio de nota, a Funda\u00e7\u00e3o informou, nesta segunda, que mant\u00e9m servidores no local para o acompanhamento do trabalho da pol\u00edcia.<\/p>\n<p>Edi\u00e7\u00e3o: Rodrigo Chagas<\/p>\n","protected":false},"excerpt":{"rendered":"<p>Entidades locais e internacionais demonstram preocupa\u00e7\u00e3o com assassinato e pedem provid\u00eancias<\/p>\n","protected":false},"author":1,"featured_media":0,"comment_status":"closed","ping_status":"open","sticky":false,"template":"","format":"standard","meta":{"_exactmetrics_skip_tracking":false,"_exactmetrics_sitenote_active":false,"_exactmetrics_sitenote_note":"","_exactmetrics_sitenote_category":0,"jetpack_post_was_ever_published":false,"_jetpack_newsletter_access":"","_jetpack_dont_email_post_to_subs":false,"_jetpack_newsletter_tier_id":0,"_jetpack_memberships_contains_paywalled_content":false,"_jetpack_memberships_contains_paid_content":false,"footnotes":"","jetpack_publicize_message":"","jetpack_publicize_feature_enabled":true,"jetpack_social_post_already_shared":true,"jetpack_social_options":{"image_generator_settings":{"template":"highway","enabled":false},"version":2}},"categories":[1],"tags":[],"class_list":["post-22975","post","type-post","status-publish","format-standard","hentry","category-notas"],"jetpack_publicize_connections":[],"jetpack_sharing_enabled":true,"jetpack_featured_media_url":"","jetpack_shortlink":"https:\/\/wp.me\/p7wKYW-5Yz","jetpack-related-posts":[],"_links":{"self":[{"href":"http:\/\/blogdalucianaoliveira.com.br\/blog\/wp-json\/wp\/v2\/posts\/22975","targetHints":{"allow":["GET"]}}],"collection":[{"href":"http:\/\/blogdalucianaoliveira.com.br\/blog\/wp-json\/wp\/v2\/posts"}],"about":[{"href":"http:\/\/blogdalucianaoliveira.com.br\/blog\/wp-json\/wp\/v2\/types\/post"}],"author":[{"embeddable":true,"href":"http:\/\/blogdalucianaoliveira.com.br\/blog\/wp-json\/wp\/v2\/users\/1"}],"replies":[{"embeddable":true,"href":"http:\/\/blogdalucianaoliveira.com.br\/blog\/wp-json\/wp\/v2\/comments?post=22975"}],"version-history":[{"count":1,"href":"http:\/\/blogdalucianaoliveira.com.br\/blog\/wp-json\/wp\/v2\/posts\/22975\/revisions"}],"predecessor-version":[{"id":22978,"href":"http:\/\/blogdalucianaoliveira.com.br\/blog\/wp-json\/wp\/v2\/posts\/22975\/revisions\/22978"}],"wp:attachment":[{"href":"http:\/\/blogdalucianaoliveira.com.br\/blog\/wp-json\/wp\/v2\/media?parent=22975"}],"wp:term":[{"taxonomy":"category","embeddable":true,"href":"http:\/\/blogdalucianaoliveira.com.br\/blog\/wp-json\/wp\/v2\/categories?post=22975"},{"taxonomy":"post_tag","embeddable":true,"href":"http:\/\/blogdalucianaoliveira.com.br\/blog\/wp-json\/wp\/v2\/tags?post=22975"}],"curies":[{"name":"wp","href":"https:\/\/api.w.org\/{rel}","templated":true}]}}