{"id":22979,"date":"2019-07-30T14:35:26","date_gmt":"2019-07-30T18:35:26","guid":{"rendered":"http:\/\/blogdalucianaoliveira.com.br\/blog\/?p=22979"},"modified":"2019-07-30T14:35:26","modified_gmt":"2019-07-30T18:35:26","slug":"observatorio-judaico-dos-direitos-humanos-lanca-nota-de-repudio-a-bolsonaro","status":"publish","type":"post","link":"http:\/\/blogdalucianaoliveira.com.br\/blog\/2019\/07\/30\/observatorio-judaico-dos-direitos-humanos-lanca-nota-de-repudio-a-bolsonaro\/","title":{"rendered":"Observat\u00f3rio Judaico dos Direitos Humanos lan\u00e7a nota de rep\u00fadio a Bolsonaro"},"content":{"rendered":"<p><img data-recalc-dims=\"1\" loading=\"lazy\" decoding=\"async\" data-attachment-id=\"22980\" data-permalink=\"http:\/\/blogdalucianaoliveira.com.br\/blog\/2019\/07\/30\/observatorio-judaico-dos-direitos-humanos-lanca-nota-de-repudio-a-bolsonaro\/ju-4\/\" data-orig-file=\"https:\/\/i0.wp.com\/blogdalucianaoliveira.com.br\/blog\/wp-content\/uploads\/2019\/07\/ju.png?fit=810%2C450\" data-orig-size=\"810,450\" data-comments-opened=\"0\" data-image-meta=\"{&quot;aperture&quot;:&quot;0&quot;,&quot;credit&quot;:&quot;&quot;,&quot;camera&quot;:&quot;&quot;,&quot;caption&quot;:&quot;&quot;,&quot;created_timestamp&quot;:&quot;0&quot;,&quot;copyright&quot;:&quot;&quot;,&quot;focal_length&quot;:&quot;0&quot;,&quot;iso&quot;:&quot;0&quot;,&quot;shutter_speed&quot;:&quot;0&quot;,&quot;title&quot;:&quot;&quot;,&quot;orientation&quot;:&quot;0&quot;}\" data-image-title=\"ju\" data-image-description=\"\" data-image-caption=\"\" data-medium-file=\"https:\/\/i0.wp.com\/blogdalucianaoliveira.com.br\/blog\/wp-content\/uploads\/2019\/07\/ju.png?fit=300%2C167\" data-large-file=\"https:\/\/i0.wp.com\/blogdalucianaoliveira.com.br\/blog\/wp-content\/uploads\/2019\/07\/ju.png?fit=600%2C333\" src=\"https:\/\/i0.wp.com\/blogdalucianaoliveira.com.br\/blog\/wp-content\/uploads\/2019\/07\/ju.png?resize=600%2C333\" alt=\"ju\" width=\"600\" height=\"333\" class=\"alignnone size-full wp-image-22980\" srcset=\"https:\/\/i0.wp.com\/blogdalucianaoliveira.com.br\/blog\/wp-content\/uploads\/2019\/07\/ju.png?w=810 810w, https:\/\/i0.wp.com\/blogdalucianaoliveira.com.br\/blog\/wp-content\/uploads\/2019\/07\/ju.png?resize=300%2C167 300w, https:\/\/i0.wp.com\/blogdalucianaoliveira.com.br\/blog\/wp-content\/uploads\/2019\/07\/ju.png?resize=768%2C427 768w, https:\/\/i0.wp.com\/blogdalucianaoliveira.com.br\/blog\/wp-content\/uploads\/2019\/07\/ju.png?resize=540%2C300 540w\" sizes=\"auto, (max-width: 600px) 100vw, 600px\" \/><\/p>\n<p>Leia a nota p\u00fablica de rep\u00fadio do Observat\u00f3rio Judaico dos Direitos Humanos no Brasil:<!--more--><\/p>\n<p>O Observat\u00f3rio Judaico dos Direitos Humanos do Brasil, em respeito a todos os desaparecidos, mortos e torturados durante o regime de exce\u00e7\u00e3o que se instaurou no Brasil entre 1964 e 1985, repudia a declara\u00e7\u00e3o do presidente da Rep\u00fablica com rela\u00e7\u00e3o ao desaparecimento de Fernando Santa Cruz (1948-?), militante do movimento estudantil brasileiro e membro da organiza\u00e7\u00e3o A\u00e7\u00e3o Popular.<\/p>\n<p>Santa Cruz desapareceu em 1974, aos 26 anos de idade, e sua morte at\u00e9 hoje \u00e9 investigada pela Comiss\u00e3o da Verdade. Compreendemos que a declara\u00e7\u00e3o do Presidente ao filho de Fernando, Felipe Santa Cruz, n\u00e3o somente evidencia completo esc\u00e1rnio e desrespeito \u00e0 vida, mas tamb\u00e9m caracteriza uma amea\u00e7a a qualquer um que se oponha ao atual governo, defenda o Estado Democr\u00e1tico e a preserva\u00e7\u00e3o dos Direitos Humanos.<\/p>\n<p>A situa\u00e7\u00e3o se agrava ainda mais quando o Presidente tenta distorcer as condi\u00e7\u00f5es do desaparecimento e morte de Fernando, criando uma vers\u00e3o onde ele teria sido morto pelos companheiros do grupo, o que foi desmentido pela Comiss\u00e3o de Mortos e Desaparecidos do Minist\u00e9rio da Mulher, da Fam\u00edlia e dos Direitos Humanos, que emitiu em 24 de julho de 2019 atestado de \u00f3bito afirmando que Fernando Santa Cruz \u201cfaleceu provavelmente no dia 23 de fevereiro de 1974, no Rio de Janeiro\/RJ, em raz\u00e3o de morte n\u00e3o natural, violenta, causada pelo Estado brasileiro, no contexto da persegui\u00e7\u00e3o sistem\u00e1tica e generalizada \u00e0 popula\u00e7\u00e3o identificada como opositora pol\u00edtica ao regime ditatorial de 1964 a 1985\u201d.<\/p>\n<p>Assim, al\u00e9m de registrarmos nosso rep\u00fadio, gostar\u00edamos tamb\u00e9m de incentivar a a\u00e7\u00e3o que est\u00e1 sendo feita na internet para que o presidente venha a p\u00fablico e fale o que sabe sobre o covarde assassinato de Santa Cruz.<br \/>\nEscreva em todas as suas redes sociais as hashtags #FalaBolsonaro e #AgoraFalaBolsonaro,<\/p>\n<p>Tortura nunca mais, ditadura nunca mais.<\/p>\n<p>#FalaBolsonaro #AgoraFalaBolsonaro<\/p>\n","protected":false},"excerpt":{"rendered":"<p>Leia a nota p\u00fablica de rep\u00fadio do Observat\u00f3rio Judaico dos Direitos Humanos no Brasil:<\/p>\n","protected":false},"author":1,"featured_media":0,"comment_status":"closed","ping_status":"open","sticky":false,"template":"","format":"standard","meta":{"_exactmetrics_skip_tracking":false,"_exactmetrics_sitenote_active":false,"_exactmetrics_sitenote_note":"","_exactmetrics_sitenote_category":0,"jetpack_post_was_ever_published":false,"_jetpack_newsletter_access":"","_jetpack_dont_email_post_to_subs":false,"_jetpack_newsletter_tier_id":0,"_jetpack_memberships_contains_paywalled_content":false,"_jetpack_memberships_contains_paid_content":false,"footnotes":"","jetpack_publicize_message":"","jetpack_publicize_feature_enabled":true,"jetpack_social_post_already_shared":true,"jetpack_social_options":{"image_generator_settings":{"template":"highway","enabled":false},"version":2}},"categories":[1],"tags":[],"class_list":["post-22979","post","type-post","status-publish","format-standard","hentry","category-notas"],"jetpack_publicize_connections":[],"jetpack_sharing_enabled":true,"jetpack_featured_media_url":"","jetpack_shortlink":"https:\/\/wp.me\/p7wKYW-5YD","jetpack-related-posts":[],"_links":{"self":[{"href":"http:\/\/blogdalucianaoliveira.com.br\/blog\/wp-json\/wp\/v2\/posts\/22979","targetHints":{"allow":["GET"]}}],"collection":[{"href":"http:\/\/blogdalucianaoliveira.com.br\/blog\/wp-json\/wp\/v2\/posts"}],"about":[{"href":"http:\/\/blogdalucianaoliveira.com.br\/blog\/wp-json\/wp\/v2\/types\/post"}],"author":[{"embeddable":true,"href":"http:\/\/blogdalucianaoliveira.com.br\/blog\/wp-json\/wp\/v2\/users\/1"}],"replies":[{"embeddable":true,"href":"http:\/\/blogdalucianaoliveira.com.br\/blog\/wp-json\/wp\/v2\/comments?post=22979"}],"version-history":[{"count":1,"href":"http:\/\/blogdalucianaoliveira.com.br\/blog\/wp-json\/wp\/v2\/posts\/22979\/revisions"}],"predecessor-version":[{"id":22981,"href":"http:\/\/blogdalucianaoliveira.com.br\/blog\/wp-json\/wp\/v2\/posts\/22979\/revisions\/22981"}],"wp:attachment":[{"href":"http:\/\/blogdalucianaoliveira.com.br\/blog\/wp-json\/wp\/v2\/media?parent=22979"}],"wp:term":[{"taxonomy":"category","embeddable":true,"href":"http:\/\/blogdalucianaoliveira.com.br\/blog\/wp-json\/wp\/v2\/categories?post=22979"},{"taxonomy":"post_tag","embeddable":true,"href":"http:\/\/blogdalucianaoliveira.com.br\/blog\/wp-json\/wp\/v2\/tags?post=22979"}],"curies":[{"name":"wp","href":"https:\/\/api.w.org\/{rel}","templated":true}]}}