{"id":22992,"date":"2019-07-30T15:05:48","date_gmt":"2019-07-30T19:05:48","guid":{"rendered":"http:\/\/blogdalucianaoliveira.com.br\/blog\/?p=22992"},"modified":"2020-08-06T16:14:54","modified_gmt":"2020-08-06T20:14:54","slug":"campanha-de-direitistas-e-bolsonaristas-pede-exoneracao-de-reitor","status":"publish","type":"post","link":"http:\/\/blogdalucianaoliveira.com.br\/blog\/2019\/07\/30\/campanha-de-direitistas-e-bolsonaristas-pede-exoneracao-de-reitor\/","title":{"rendered":"Campanha de direitistas e bolsonaristas pede exonera\u00e7\u00e3o de reitor"},"content":{"rendered":"<p><img data-recalc-dims=\"1\" loading=\"lazy\" decoding=\"async\" data-attachment-id=\"22987\" data-permalink=\"http:\/\/blogdalucianaoliveira.com.br\/blog\/image001\/\" data-orig-file=\"https:\/\/i0.wp.com\/blogdalucianaoliveira.com.br\/blog\/wp-content\/uploads\/2019\/07\/image001.jpg?fit=1024%2C538\" data-orig-size=\"1024,538\" data-comments-opened=\"0\" data-image-meta=\"{&quot;aperture&quot;:&quot;0&quot;,&quot;credit&quot;:&quot;&quot;,&quot;camera&quot;:&quot;&quot;,&quot;caption&quot;:&quot;&quot;,&quot;created_timestamp&quot;:&quot;0&quot;,&quot;copyright&quot;:&quot;&quot;,&quot;focal_length&quot;:&quot;0&quot;,&quot;iso&quot;:&quot;0&quot;,&quot;shutter_speed&quot;:&quot;0&quot;,&quot;title&quot;:&quot;&quot;,&quot;orientation&quot;:&quot;0&quot;}\" data-image-title=\"image001\" data-image-description=\"\" data-image-caption=\"\" data-medium-file=\"https:\/\/i0.wp.com\/blogdalucianaoliveira.com.br\/blog\/wp-content\/uploads\/2019\/07\/image001.jpg?fit=300%2C158\" data-large-file=\"https:\/\/i0.wp.com\/blogdalucianaoliveira.com.br\/blog\/wp-content\/uploads\/2019\/07\/image001.jpg?fit=600%2C315\" class=\"alignnone size-full wp-image-22987\" src=\"https:\/\/i0.wp.com\/blogdalucianaoliveira.com.br\/blog\/wp-content\/uploads\/2019\/07\/image001.jpg?resize=600%2C315\" alt=\"image001\" width=\"600\" height=\"315\" srcset=\"https:\/\/i0.wp.com\/blogdalucianaoliveira.com.br\/blog\/wp-content\/uploads\/2019\/07\/image001.jpg?w=1024 1024w, https:\/\/i0.wp.com\/blogdalucianaoliveira.com.br\/blog\/wp-content\/uploads\/2019\/07\/image001.jpg?resize=300%2C158 300w, https:\/\/i0.wp.com\/blogdalucianaoliveira.com.br\/blog\/wp-content\/uploads\/2019\/07\/image001.jpg?resize=768%2C404 768w, https:\/\/i0.wp.com\/blogdalucianaoliveira.com.br\/blog\/wp-content\/uploads\/2019\/07\/image001.jpg?resize=571%2C300 571w\" sizes=\"auto, (max-width: 600px) 100vw, 600px\" \/><\/p>\n<p><em>Falas fora de contexto e com sensacionalismo colocam reitor numa esp\u00e9cie de fogueira Santa<\/em><br \/>\n<!--more--><\/p>\n<p>A Universidade Federal de Rond\u00f4nia \u00e9 destaque no notici\u00e1rio local, nacional e nas redes sociais nos \u00faltimos 15 dias.<\/p>\n<p>Um levante ultraconservador pede a exonera\u00e7\u00e3o do reitor Ari Miguel Teixeira Ott, por um discurso que fez no campus logo ap\u00f3s o ministro da Educa\u00e7\u00e3o, Abraham Weintraub, anunciar cortes de verbas a universidades.<\/p>\n<p>\u201cUniversidades que, em vez de procurar melhorar o desempenho acad\u00eamico, estiverem fazendo balb\u00fardia, ter\u00e3o verbas reduzidas\u201d, disse o ministro.<\/p>\n<p>Weintraub citou como exemplos eventos pol\u00edticos, manifesta\u00e7\u00f5es partid\u00e1rias, bagun\u00e7a e eventos rid\u00edculos.<\/p>\n<p>\u201cSem-terra dentro do campus, gente pelada dentro do campus\u201d.<\/p>\n<p>Como tantos reitores, Ari Ott denunciou o exagero e o menosprezo do ministro com o que \u00e9 produzido no \u00e2mbito das universidades para \u2018justificar\u2019 os bloqueios.<\/p>\n<p>O fez de forma jocosa e absolutamente compat\u00edvel com a realidade do universo acad\u00eamico no mundo todo.<\/p>\n<p>\u201cTenho 34 anos nesta institui\u00e7\u00e3o, nunca vi uma festa de pelados. E se tiver, me chame\u201d, disse.<\/p>\n<p>O ministro da educa\u00e7\u00e3o foi indicado pelo astr\u00f3logo Olavo de Carvalho, para quem \u201cestudante t\u00e1 l\u00e1 na universidade s\u00f3 pra fumar maconha e fazer suruba\u201d.<\/p>\n<p>O reitor da UNIR comentou a injusta declara\u00e7\u00e3o, afirmando: \u201cCada vez que um aluno acende um baseado numa universidade brasileira &#8211; e no mundo inteiro estudantes fumam um baseado &#8211; levantam-se as vozes do moralismo: Olha a\u00ed, fumadores de maconha! Quanta bobagem, meu Deus&#8230;\u201d<\/p>\n<p>Ari citou como exemplo, um amigo com quem estudou, hoje m\u00e9dico e que usava as p\u00e1ginas da b\u00edblia para fumar seu \u2018baseado\u2019.<\/p>\n<p>\u00c9 compreens\u00edvel que nem todos considerem adequado o exemplo dado, mas \u00e9 inquestion\u00e1vel que a inten\u00e7\u00e3o do reitor era provocar riso para minimizar a generaliza\u00e7\u00e3o de condutas impr\u00f3prias no meio acad\u00eamico.<\/p>\n<p>Ao contr\u00e1rio do que vem sendo veiculado, o reitor n\u00e3o fez apologia ao uso da maconha, a festas com gente pelada e muito menos sugeriu que \u00e9 correto o uso da B\u00edblia para enrolar baseado. N\u00e3o disse que determinadas condutas nas universidades s\u00e3o corretas, que fez algo parecido e muito menos sugere que algu\u00e9m fa\u00e7a.<\/p>\n<p>N\u00e3o demorou para que as \u2018vozes do moralismo\u2019 manipulassem o contexto do que o reitor disse para convocar um levante pela sua exonera\u00e7\u00e3o.<\/p>\n<p><img data-recalc-dims=\"1\" loading=\"lazy\" decoding=\"async\" data-attachment-id=\"22985\" data-permalink=\"http:\/\/blogdalucianaoliveira.com.br\/blog\/image003\/\" data-orig-file=\"https:\/\/i0.wp.com\/blogdalucianaoliveira.com.br\/blog\/wp-content\/uploads\/2019\/07\/image003.jpg?fit=1000%2C1000\" data-orig-size=\"1000,1000\" data-comments-opened=\"0\" data-image-meta=\"{&quot;aperture&quot;:&quot;0&quot;,&quot;credit&quot;:&quot;&quot;,&quot;camera&quot;:&quot;&quot;,&quot;caption&quot;:&quot;&quot;,&quot;created_timestamp&quot;:&quot;0&quot;,&quot;copyright&quot;:&quot;&quot;,&quot;focal_length&quot;:&quot;0&quot;,&quot;iso&quot;:&quot;0&quot;,&quot;shutter_speed&quot;:&quot;0&quot;,&quot;title&quot;:&quot;&quot;,&quot;orientation&quot;:&quot;0&quot;}\" data-image-title=\"image003\" data-image-description=\"\" data-image-caption=\"\" data-medium-file=\"https:\/\/i0.wp.com\/blogdalucianaoliveira.com.br\/blog\/wp-content\/uploads\/2019\/07\/image003.jpg?fit=300%2C300\" data-large-file=\"https:\/\/i0.wp.com\/blogdalucianaoliveira.com.br\/blog\/wp-content\/uploads\/2019\/07\/image003.jpg?fit=600%2C600\" class=\"alignnone size-full wp-image-22985\" src=\"https:\/\/i0.wp.com\/blogdalucianaoliveira.com.br\/blog\/wp-content\/uploads\/2019\/07\/image003.jpg?resize=600%2C600\" alt=\"image003\" width=\"600\" height=\"600\" srcset=\"https:\/\/i0.wp.com\/blogdalucianaoliveira.com.br\/blog\/wp-content\/uploads\/2019\/07\/image003.jpg?w=1000 1000w, https:\/\/i0.wp.com\/blogdalucianaoliveira.com.br\/blog\/wp-content\/uploads\/2019\/07\/image003.jpg?resize=150%2C150 150w, https:\/\/i0.wp.com\/blogdalucianaoliveira.com.br\/blog\/wp-content\/uploads\/2019\/07\/image003.jpg?resize=300%2C300 300w, https:\/\/i0.wp.com\/blogdalucianaoliveira.com.br\/blog\/wp-content\/uploads\/2019\/07\/image003.jpg?resize=768%2C768 768w\" sizes=\"auto, (max-width: 600px) 100vw, 600px\" \/><\/p>\n<p>\u00c0 frente da convoca\u00e7\u00e3o, Vict\u00f3ria \u00c2ngelo Bacon, que se define no Facebook como jornalista, redatora e professora.<\/p>\n<p>\u00c9 ela quem primeiramente e mais intensamente se dedica \u00e0 campanha para derrubar o reitor.<\/p>\n<p>Vict\u00f3ria \u00e9 transg\u00eanero, bolsonarista e faz quest\u00e3o de ressaltar, de \u201cvi\u00e9s da direita\u201d.<\/p>\n<p>Nada disso gera dem\u00e9rito ou deslegitima suas opini\u00f5es jornal\u00edsticas cotidianas, mas o arroubo moralista pelo que o reitor disse satiricamente, sim.<\/p>\n<p>Como contraponto ao que vem difundindo, este blog publica a partir de hoje uma s\u00e9rie de reportagens sobre a l\u00edder de um levante moralizador que cobra, mas n\u00e3o pratica, comportamentos r\u00edgidos e exemplares, com base na moral e nos bons costumes.<\/p>\n<p>O intuito do blog em apresentar vers\u00e3o cr\u00edtica e distinta dos fatos se d\u00e1 em fun\u00e7\u00e3o da grande repercuss\u00e3o da vers\u00e3o que foi veiculada at\u00e9 agora, por mero contradit\u00f3rio jornal\u00edstico.<\/p>\n<p>Vamos mostrar a dist\u00e2ncia entre o discurso e a pr\u00e1tica de Vict\u00f3ria Bacon.<\/p>\n<p>Dois fatos jur\u00eddicos \u2013 e relevantes \u2013 s\u00e3o imprescind\u00edveis para que seus seguidores compreendam a seriedade e os problemas gerados por lev\u00e1-la a s\u00e9rio.<\/p>\n<p>O primeiro e mais recente diz respeito \u00e0 demiss\u00e3o de Vict\u00f3ria Bacon \u201ca bem do servi\u00e7o p\u00fablico\u201d, por inserir dados falsos em documento exigido para a posse em \u00e1rea t\u00e9cnica ligada \u00e0 Universidade Federal de Rond\u00f4nia (UNIR), hoje fruto de suas investidas mais fervorosas.<\/p>\n<p><img data-recalc-dims=\"1\" loading=\"lazy\" decoding=\"async\" data-attachment-id=\"22988\" data-permalink=\"http:\/\/blogdalucianaoliveira.com.br\/blog\/demi-2\/\" data-orig-file=\"https:\/\/i0.wp.com\/blogdalucianaoliveira.com.br\/blog\/wp-content\/uploads\/2019\/07\/demi.jpg?fit=1028%2C692\" data-orig-size=\"1028,692\" data-comments-opened=\"0\" data-image-meta=\"{&quot;aperture&quot;:&quot;0&quot;,&quot;credit&quot;:&quot;&quot;,&quot;camera&quot;:&quot;&quot;,&quot;caption&quot;:&quot;&quot;,&quot;created_timestamp&quot;:&quot;0&quot;,&quot;copyright&quot;:&quot;&quot;,&quot;focal_length&quot;:&quot;0&quot;,&quot;iso&quot;:&quot;0&quot;,&quot;shutter_speed&quot;:&quot;0&quot;,&quot;title&quot;:&quot;&quot;,&quot;orientation&quot;:&quot;1&quot;}\" data-image-title=\"demi\" data-image-description=\"\" data-image-caption=\"\" data-medium-file=\"https:\/\/i0.wp.com\/blogdalucianaoliveira.com.br\/blog\/wp-content\/uploads\/2019\/07\/demi.jpg?fit=300%2C202\" data-large-file=\"https:\/\/i0.wp.com\/blogdalucianaoliveira.com.br\/blog\/wp-content\/uploads\/2019\/07\/demi.jpg?fit=600%2C404\" class=\"alignnone size-full wp-image-22988\" src=\"https:\/\/i0.wp.com\/blogdalucianaoliveira.com.br\/blog\/wp-content\/uploads\/2019\/07\/demi.jpg?resize=600%2C404\" alt=\"demi\" width=\"600\" height=\"404\" srcset=\"https:\/\/i0.wp.com\/blogdalucianaoliveira.com.br\/blog\/wp-content\/uploads\/2019\/07\/demi.jpg?w=1028 1028w, https:\/\/i0.wp.com\/blogdalucianaoliveira.com.br\/blog\/wp-content\/uploads\/2019\/07\/demi.jpg?resize=300%2C202 300w, https:\/\/i0.wp.com\/blogdalucianaoliveira.com.br\/blog\/wp-content\/uploads\/2019\/07\/demi.jpg?resize=768%2C517 768w, https:\/\/i0.wp.com\/blogdalucianaoliveira.com.br\/blog\/wp-content\/uploads\/2019\/07\/demi.jpg?resize=1024%2C689 1024w, https:\/\/i0.wp.com\/blogdalucianaoliveira.com.br\/blog\/wp-content\/uploads\/2019\/07\/demi.jpg?resize=446%2C300 446w\" sizes=\"auto, (max-width: 600px) 100vw, 600px\" \/><\/p>\n<p>Ap\u00f3s passar por Processo Administrativo Disciplinar (PAD), o resultado, de acordo com a Portaria n\u00ba 399 de 13 de junho de 2018, foi a demiss\u00e3o ressaltada h\u00e1 pouco.<\/p>\n<p><a href=\"http:\/\/www.in.gov.br\/materia\/-\/asset_publisher\/Kujrw0TZC2Mb\/content\/id\/25609342\/do2-2018-06-14-portaria-n-399-de-13-de-junho-de-2018-25609311\" target=\"_blank\" rel=\"noopener noreferrer\"><span style=\"color: #000080;\"><strong>http:\/\/www.in.gov.br\/materia\/-\/asset_publisher\/Kujrw0TZC2Mb\/content\/id\/25609342\/do2-2018-06-14-portaria-n-399-de-13-de-junho-de-2018-25609311<\/strong><\/span><\/a><\/p>\n<p>Como foi demitida \u2013 com direito ao contradit\u00f3rio e \u00e0 ampla defesa \u2013 pelos pr\u00f3prios erros, Vict\u00f3ria optou por, em vez de reconhecer os passos tr\u00f4pegos, responsabilizar Ari Ott, lan\u00e7ando-o \u00e0 fogueira da inquisi\u00e7\u00e3o direitista e aumentando as labaredas ao jogar gasolina no fogar\u00e9u atrav\u00e9s do sensacionalismo barato e descontextualizado praticado em seu perfil particular no Facebook.<\/p>\n<p>Mas o pior segredo da professora que hoje trabalha na Secretaria de Agricultura na gest\u00e3o Marcos Rocha est\u00e1 empoeirado no arquivo-geral do Tribunal de Justi\u00e7a (TJ\/RO) em arquivos f\u00edsicos quase esquecidos.<\/p>\n<p>O <strong>Blog da Luciana<\/strong> teve acesso aos autos do processo n\u00ba 0000716-92.2010.822.0000, cujo processo tramitou na 2\u00aa C\u00e2mara Especial do TJ\/RO.<\/p>\n<p>Trata-se de um mandado de seguran\u00e7a apresentado por Vict\u00f3ria Bacon em janeiro de 2010 contra a decis\u00e3o de outro Processo Administrativo Disciplinar (PAD), desta vez referente a um contrato tempor\u00e1rio firmado com o Estado de Rond\u00f4nia.<\/p>\n<p>\u00c0 \u00e9poca, Bacon foi demitida do cargo de professora.<\/p>\n<p>Contestou a delibera\u00e7\u00e3o administrativa em julgamento relatado pelo desembargador Renato Mimessi: suas alega\u00e7\u00f5es foram ignoradas de maneira un\u00e2nime, e a san\u00e7\u00e3o de demiss\u00e3o restou mantida pelo ac\u00f3rd\u00e3o.<\/p>\n<p>Reiterando: os relatos descritos abaixo constam dos autos n\u00ba 0000716-92.2010.822.0000.<\/p>\n<p>Os nomes dos menores e demais testemunhas na Sindic\u00e2ncia Administrativa Disciplinar ser\u00e3o mantidos em segredo.<\/p>\n<p>O blog come\u00e7a a s\u00e9rie de reportagens com o resultado do Mandado de Seguran\u00e7a em que Vict\u00f3ria reclamou aus\u00eancia de contradit\u00f3rio e ampla defesa no procedimento administrativo que culminou em demiss\u00e3o do cargo de professora do Estado.<\/p>\n<p><img data-recalc-dims=\"1\" loading=\"lazy\" decoding=\"async\" data-attachment-id=\"22984\" data-permalink=\"http:\/\/blogdalucianaoliveira.com.br\/blog\/image005\/\" data-orig-file=\"https:\/\/i0.wp.com\/blogdalucianaoliveira.com.br\/blog\/wp-content\/uploads\/2019\/07\/image005.jpg?fit=1156%2C720\" data-orig-size=\"1156,720\" data-comments-opened=\"0\" data-image-meta=\"{&quot;aperture&quot;:&quot;0&quot;,&quot;credit&quot;:&quot;&quot;,&quot;camera&quot;:&quot;&quot;,&quot;caption&quot;:&quot;&quot;,&quot;created_timestamp&quot;:&quot;0&quot;,&quot;copyright&quot;:&quot;&quot;,&quot;focal_length&quot;:&quot;0&quot;,&quot;iso&quot;:&quot;0&quot;,&quot;shutter_speed&quot;:&quot;0&quot;,&quot;title&quot;:&quot;&quot;,&quot;orientation&quot;:&quot;0&quot;}\" data-image-title=\"image005\" data-image-description=\"\" data-image-caption=\"\" data-medium-file=\"https:\/\/i0.wp.com\/blogdalucianaoliveira.com.br\/blog\/wp-content\/uploads\/2019\/07\/image005.jpg?fit=300%2C187\" data-large-file=\"https:\/\/i0.wp.com\/blogdalucianaoliveira.com.br\/blog\/wp-content\/uploads\/2019\/07\/image005.jpg?fit=600%2C374\" class=\"alignnone size-full wp-image-22984\" src=\"https:\/\/i0.wp.com\/blogdalucianaoliveira.com.br\/blog\/wp-content\/uploads\/2019\/07\/image005.jpg?resize=600%2C374\" alt=\"image005\" width=\"600\" height=\"374\" srcset=\"https:\/\/i0.wp.com\/blogdalucianaoliveira.com.br\/blog\/wp-content\/uploads\/2019\/07\/image005.jpg?w=1156 1156w, https:\/\/i0.wp.com\/blogdalucianaoliveira.com.br\/blog\/wp-content\/uploads\/2019\/07\/image005.jpg?resize=300%2C187 300w, https:\/\/i0.wp.com\/blogdalucianaoliveira.com.br\/blog\/wp-content\/uploads\/2019\/07\/image005.jpg?resize=768%2C478 768w, https:\/\/i0.wp.com\/blogdalucianaoliveira.com.br\/blog\/wp-content\/uploads\/2019\/07\/image005.jpg?resize=1024%2C638 1024w, https:\/\/i0.wp.com\/blogdalucianaoliveira.com.br\/blog\/wp-content\/uploads\/2019\/07\/image005.jpg?resize=482%2C300 482w\" sizes=\"auto, (max-width: 600px) 100vw, 600px\" \/><\/p>\n<p>O parecer ministerial elaborado pelo procurador de Justi\u00e7a J\u00falio C\u00e9sar do Amaral Thom\u00e9 destacou que a decis\u00e3o da comiss\u00e3o de sindic\u00e2ncia baseou-se nos diversos testemunhos de alunos.<\/p>\n<p>Vejamos alguns:<\/p>\n<p><img data-recalc-dims=\"1\" loading=\"lazy\" decoding=\"async\" data-attachment-id=\"22983\" data-permalink=\"http:\/\/blogdalucianaoliveira.com.br\/blog\/image008\/\" data-orig-file=\"https:\/\/i0.wp.com\/blogdalucianaoliveira.com.br\/blog\/wp-content\/uploads\/2019\/07\/image008.jpg?fit=567%2C464\" data-orig-size=\"567,464\" data-comments-opened=\"0\" data-image-meta=\"{&quot;aperture&quot;:&quot;0&quot;,&quot;credit&quot;:&quot;&quot;,&quot;camera&quot;:&quot;&quot;,&quot;caption&quot;:&quot;&quot;,&quot;created_timestamp&quot;:&quot;0&quot;,&quot;copyright&quot;:&quot;&quot;,&quot;focal_length&quot;:&quot;0&quot;,&quot;iso&quot;:&quot;0&quot;,&quot;shutter_speed&quot;:&quot;0&quot;,&quot;title&quot;:&quot;&quot;,&quot;orientation&quot;:&quot;0&quot;}\" data-image-title=\"image008\" data-image-description=\"\" data-image-caption=\"\" data-medium-file=\"https:\/\/i0.wp.com\/blogdalucianaoliveira.com.br\/blog\/wp-content\/uploads\/2019\/07\/image008.jpg?fit=300%2C246\" data-large-file=\"https:\/\/i0.wp.com\/blogdalucianaoliveira.com.br\/blog\/wp-content\/uploads\/2019\/07\/image008.jpg?fit=567%2C464\" class=\"alignnone size-full wp-image-22983\" src=\"https:\/\/i0.wp.com\/blogdalucianaoliveira.com.br\/blog\/wp-content\/uploads\/2019\/07\/image008.jpg?resize=567%2C464\" alt=\"image008\" width=\"567\" height=\"464\" srcset=\"https:\/\/i0.wp.com\/blogdalucianaoliveira.com.br\/blog\/wp-content\/uploads\/2019\/07\/image008.jpg?w=567 567w, https:\/\/i0.wp.com\/blogdalucianaoliveira.com.br\/blog\/wp-content\/uploads\/2019\/07\/image008.jpg?resize=300%2C246 300w, https:\/\/i0.wp.com\/blogdalucianaoliveira.com.br\/blog\/wp-content\/uploads\/2019\/07\/image008.jpg?resize=367%2C300 367w\" sizes=\"auto, (max-width: 567px) 100vw, 567px\" \/><\/p>\n<p>Por fim, em julgamento no dia 1\u00ba de junho de 2010, o relator desembargador Renato Martins Mimessi concluiu em seu relat\u00f3rio que \u201crestou apurado que o fato que ensejou a Sindic\u00e2ncia ocorreu em 19.05.09, em raz\u00e3o de que impetrante afirmou haver sido ridicularizado, pelos dissentes, em raz\u00e3o da op\u00e7\u00e3o sexual que possui. Entretanto, com a apura\u00e7\u00e3o dos fatos, no transcurso da Sindic\u00e2ncia, ficou demonstrado o contr\u00e1rio. Isto \u00e9, que o impetrante agiu de firma indecorosa em sala de aula (incontin\u00eancia de conduta), haja vista que, de forma dolosa ou n\u00e3o, e, por mais de uma vez, deixou \u00e0 mostra a genit\u00e1lia, causando constrangimento nos alunos.<\/p>\n<p>Seguran\u00e7a denegada, ante a legalidade do procedimento administrativo que ensejou a demiss\u00e3o do impetrante\u201d.<\/p>\n<p>Os demais componentes da 2\u00aa C\u00e2mara Especial do Tribunal de Justi\u00e7a de Rond\u00f4nia (TJ\/RO) acompanharam o voto do relator, ou seja, recha\u00e7aram a tese de preconceito apresentada pela defesa de Vict\u00f3ria Bacon e reconheceram, portanto, a conduta imoral praticada pela professora em sala de aula. Em suma, em vez de v\u00edtima, como quis se desenhar diante da Justi\u00e7a, o Judici\u00e1rio a declarou culpada pela \u201cincontin\u00eancia de conduta\u201d.<\/p>\n<p>Na segunda parte da s\u00e9rie, o Blog da Luciana apresentar\u00e1 detalhes sobre os depoimentos prestados na Sindic\u00e2ncia Administrativa que rendeu a demiss\u00e3o de Vict\u00f3ria Bacon, com decis\u00e3o confirmada pelo Tribunal de Justi\u00e7a.<\/p>\n<p>A p\u00e1gina alerta que a partir do segundo cap\u00edtulo da s\u00e9rie os termos e os gestos obscenos descritos por quem testemunhou o comportamento de Vict\u00f3ria Bacon em sala de aula incorporam tra\u00e7os pornogr\u00e1ficos, logo, recomenda-se expressamente que pais e outros respons\u00e1veis mantenham menores de 18 anos afastados da leitura.<\/p>\n<p>Voc\u00ea vai ver testemunho de como Vict\u00f3ria explicou a aluno a rela\u00e7\u00e3o dos termos \u201cativo\u201d e \u201cpassivo\u201d com base nas leis de Newton, abordando o princ\u00edpio da in\u00e9rcia e os conceitos de a\u00e7\u00e3o e rea\u00e7\u00e3o.<\/p>\n<p>&nbsp;<\/p>\n","protected":false},"excerpt":{"rendered":"<p>Falas fora de contexto e com sensacionalismo colocam reitor numa esp\u00e9cie de fogueira Santa<\/p>\n","protected":false},"author":1,"featured_media":0,"comment_status":"closed","ping_status":"open","sticky":false,"template":"","format":"standard","meta":{"_exactmetrics_skip_tracking":false,"_exactmetrics_sitenote_active":false,"_exactmetrics_sitenote_note":"","_exactmetrics_sitenote_category":0,"jetpack_post_was_ever_published":false,"_jetpack_newsletter_access":"","_jetpack_dont_email_post_to_subs":false,"_jetpack_newsletter_tier_id":0,"_jetpack_memberships_contains_paywalled_content":false,"_jetpack_memberships_contains_paid_content":false,"footnotes":"","jetpack_publicize_message":"","jetpack_publicize_feature_enabled":true,"jetpack_social_post_already_shared":true,"jetpack_social_options":{"image_generator_settings":{"template":"highway","enabled":false},"version":2}},"categories":[1],"tags":[390,389,388],"class_list":["post-22992","post","type-post","status-publish","format-standard","hentry","category-notas","tag-ataques","tag-reitor","tag-victoria-bacon"],"jetpack_publicize_connections":[],"jetpack_sharing_enabled":true,"jetpack_featured_media_url":"","jetpack_shortlink":"https:\/\/wp.me\/p7wKYW-5YQ","jetpack-related-posts":[],"_links":{"self":[{"href":"http:\/\/blogdalucianaoliveira.com.br\/blog\/wp-json\/wp\/v2\/posts\/22992","targetHints":{"allow":["GET"]}}],"collection":[{"href":"http:\/\/blogdalucianaoliveira.com.br\/blog\/wp-json\/wp\/v2\/posts"}],"about":[{"href":"http:\/\/blogdalucianaoliveira.com.br\/blog\/wp-json\/wp\/v2\/types\/post"}],"author":[{"embeddable":true,"href":"http:\/\/blogdalucianaoliveira.com.br\/blog\/wp-json\/wp\/v2\/users\/1"}],"replies":[{"embeddable":true,"href":"http:\/\/blogdalucianaoliveira.com.br\/blog\/wp-json\/wp\/v2\/comments?post=22992"}],"version-history":[{"count":5,"href":"http:\/\/blogdalucianaoliveira.com.br\/blog\/wp-json\/wp\/v2\/posts\/22992\/revisions"}],"predecessor-version":[{"id":29420,"href":"http:\/\/blogdalucianaoliveira.com.br\/blog\/wp-json\/wp\/v2\/posts\/22992\/revisions\/29420"}],"wp:attachment":[{"href":"http:\/\/blogdalucianaoliveira.com.br\/blog\/wp-json\/wp\/v2\/media?parent=22992"}],"wp:term":[{"taxonomy":"category","embeddable":true,"href":"http:\/\/blogdalucianaoliveira.com.br\/blog\/wp-json\/wp\/v2\/categories?post=22992"},{"taxonomy":"post_tag","embeddable":true,"href":"http:\/\/blogdalucianaoliveira.com.br\/blog\/wp-json\/wp\/v2\/tags?post=22992"}],"curies":[{"name":"wp","href":"https:\/\/api.w.org\/{rel}","templated":true}]}}