{"id":22996,"date":"2019-07-30T19:23:01","date_gmt":"2019-07-30T23:23:01","guid":{"rendered":"http:\/\/blogdalucianaoliveira.com.br\/blog\/?p=22996"},"modified":"2019-07-30T19:23:01","modified_gmt":"2019-07-30T23:23:01","slug":"oitocentos-advogados-pedem-afastamento-de-moro","status":"publish","type":"post","link":"http:\/\/blogdalucianaoliveira.com.br\/blog\/2019\/07\/30\/oitocentos-advogados-pedem-afastamento-de-moro\/","title":{"rendered":"Oitocentos advogados pedem afastamento de Moro"},"content":{"rendered":"<p><img data-recalc-dims=\"1\" loading=\"lazy\" decoding=\"async\" data-attachment-id=\"22997\" data-permalink=\"http:\/\/blogdalucianaoliveira.com.br\/blog\/2019\/07\/30\/oitocentos-advogados-pedem-afastamento-de-moro\/21aeed88-9081-43cb-b090-36e1d225d6ba\/\" data-orig-file=\"https:\/\/i0.wp.com\/blogdalucianaoliveira.com.br\/blog\/wp-content\/uploads\/2019\/07\/21AEED88-9081-43CB-B090-36E1D225D6BA.jpeg?fit=500%2C240\" data-orig-size=\"500,240\" data-comments-opened=\"0\" data-image-meta=\"{&quot;aperture&quot;:&quot;0&quot;,&quot;credit&quot;:&quot;&quot;,&quot;camera&quot;:&quot;&quot;,&quot;caption&quot;:&quot;&quot;,&quot;created_timestamp&quot;:&quot;0&quot;,&quot;copyright&quot;:&quot;&quot;,&quot;focal_length&quot;:&quot;0&quot;,&quot;iso&quot;:&quot;0&quot;,&quot;shutter_speed&quot;:&quot;0&quot;,&quot;title&quot;:&quot;&quot;,&quot;orientation&quot;:&quot;0&quot;}\" data-image-title=\"21AEED88-9081-43CB-B090-36E1D225D6BA\" data-image-description=\"\" data-image-caption=\"\" data-medium-file=\"https:\/\/i0.wp.com\/blogdalucianaoliveira.com.br\/blog\/wp-content\/uploads\/2019\/07\/21AEED88-9081-43CB-B090-36E1D225D6BA.jpeg?fit=300%2C144\" data-large-file=\"https:\/\/i0.wp.com\/blogdalucianaoliveira.com.br\/blog\/wp-content\/uploads\/2019\/07\/21AEED88-9081-43CB-B090-36E1D225D6BA.jpeg?fit=500%2C240\" src=\"https:\/\/i0.wp.com\/blogdalucianaoliveira.com.br\/blog\/wp-content\/uploads\/2019\/07\/21AEED88-9081-43CB-B090-36E1D225D6BA.jpeg?resize=500%2C240\" alt=\"21AEED88-9081-43CB-B090-36E1D225D6BA\" width=\"500\" height=\"240\" class=\"alignnone size-full wp-image-22997\" srcset=\"https:\/\/i0.wp.com\/blogdalucianaoliveira.com.br\/blog\/wp-content\/uploads\/2019\/07\/21AEED88-9081-43CB-B090-36E1D225D6BA.jpeg?w=500 500w, https:\/\/i0.wp.com\/blogdalucianaoliveira.com.br\/blog\/wp-content\/uploads\/2019\/07\/21AEED88-9081-43CB-B090-36E1D225D6BA.jpeg?resize=300%2C144 300w\" sizes=\"auto, (max-width: 500px) 100vw, 500px\" \/><\/p>\n<p>247 &#8211;  Na esteira do derretimento institucional, da crise penitenci\u00e1ria, da verborragia protofascista bolsonariana e da reportagem mais importante em tempos recentes (a Vaza Jato), um abaixo-assinado de advogados e juristas com mais de 800 ades\u00f5es defendeu a liberdade de imprensa e sugeriu algo de forte impacto na cena pol\u00edtica: o afastamento de Sergio Moro do cargo de ministro da Justi\u00e7a.<!--more--><\/p>\n<p>A reportagem do jornal Folha de S. Paulo destaca que &#8220;o texto ser\u00e1 divulgado no evento que ocorre nesta ter\u00e7a (30), no Rio, em apoio ao jornalista Glenn Greenwald, do site The Intercept Brasil, que est\u00e1 divulgando di\u00e1logos de Moro com procuradores da Opera\u00e7\u00e3o Lava Jato.&#8221;<\/p>\n<p>A mat\u00e9ria ainda sublinha que &#8220;o documento alega, entre outras coisas, que o ex-juiz est\u00e1 atuando fora dos limites da lei no caso da investiga\u00e7\u00e3o dos hackers presos na semana passada sob a acusa\u00e7\u00e3o de grampear o pr\u00f3prio ministro e diversas outras autoridades.&#8221;<\/p>\n<p>Assinam o documento, entre outros, Geraldo Prado, Celso Ant\u00f4nio Bandeira de Mello, Alberto Toron, Aury Lopes, Marco Aur\u00e9lio de Carvalho, Carol Proner, Giselle Citadino, Weida Zancaner, Antonio Carlos de Almeida Castro, Kerarik Boujikian e Roberto Podval.<\/p>\n","protected":false},"excerpt":{"rendered":"<p>247 &#8211; Na esteira do derretimento institucional, da crise penitenci\u00e1ria, da verborragia protofascista bolsonariana e da reportagem mais importante em tempos recentes (a Vaza Jato), um abaixo-assinado de advogados e juristas com mais de 800 ades\u00f5es defendeu a liberdade de imprensa e sugeriu algo de forte impacto na cena pol\u00edtica: o afastamento de Sergio Moro&#8230;<a class=\"more-link\" href=\"http:\/\/blogdalucianaoliveira.com.br\/blog\/2019\/07\/30\/oitocentos-advogados-pedem-afastamento-de-moro\/\">Continue a leitura <span class=\"meta-nav\">&raquo;<\/span><\/a><\/p>\n","protected":false},"author":1,"featured_media":0,"comment_status":"closed","ping_status":"open","sticky":false,"template":"","format":"standard","meta":{"_exactmetrics_skip_tracking":false,"_exactmetrics_sitenote_active":false,"_exactmetrics_sitenote_note":"","_exactmetrics_sitenote_category":0,"jetpack_post_was_ever_published":false,"_jetpack_newsletter_access":"","_jetpack_dont_email_post_to_subs":false,"_jetpack_newsletter_tier_id":0,"_jetpack_memberships_contains_paywalled_content":false,"_jetpack_memberships_contains_paid_content":false,"footnotes":"","jetpack_publicize_message":"","jetpack_publicize_feature_enabled":true,"jetpack_social_post_already_shared":true,"jetpack_social_options":{"image_generator_settings":{"template":"highway","enabled":false},"version":2}},"categories":[1],"tags":[],"class_list":["post-22996","post","type-post","status-publish","format-standard","hentry","category-notas"],"jetpack_publicize_connections":[],"jetpack_sharing_enabled":true,"jetpack_featured_media_url":"","jetpack_shortlink":"https:\/\/wp.me\/p7wKYW-5YU","jetpack-related-posts":[],"_links":{"self":[{"href":"http:\/\/blogdalucianaoliveira.com.br\/blog\/wp-json\/wp\/v2\/posts\/22996","targetHints":{"allow":["GET"]}}],"collection":[{"href":"http:\/\/blogdalucianaoliveira.com.br\/blog\/wp-json\/wp\/v2\/posts"}],"about":[{"href":"http:\/\/blogdalucianaoliveira.com.br\/blog\/wp-json\/wp\/v2\/types\/post"}],"author":[{"embeddable":true,"href":"http:\/\/blogdalucianaoliveira.com.br\/blog\/wp-json\/wp\/v2\/users\/1"}],"replies":[{"embeddable":true,"href":"http:\/\/blogdalucianaoliveira.com.br\/blog\/wp-json\/wp\/v2\/comments?post=22996"}],"version-history":[{"count":1,"href":"http:\/\/blogdalucianaoliveira.com.br\/blog\/wp-json\/wp\/v2\/posts\/22996\/revisions"}],"predecessor-version":[{"id":22998,"href":"http:\/\/blogdalucianaoliveira.com.br\/blog\/wp-json\/wp\/v2\/posts\/22996\/revisions\/22998"}],"wp:attachment":[{"href":"http:\/\/blogdalucianaoliveira.com.br\/blog\/wp-json\/wp\/v2\/media?parent=22996"}],"wp:term":[{"taxonomy":"category","embeddable":true,"href":"http:\/\/blogdalucianaoliveira.com.br\/blog\/wp-json\/wp\/v2\/categories?post=22996"},{"taxonomy":"post_tag","embeddable":true,"href":"http:\/\/blogdalucianaoliveira.com.br\/blog\/wp-json\/wp\/v2\/tags?post=22996"}],"curies":[{"name":"wp","href":"https:\/\/api.w.org\/{rel}","templated":true}]}}