{"id":23001,"date":"2019-07-30T23:05:13","date_gmt":"2019-07-31T03:05:13","guid":{"rendered":"http:\/\/blogdalucianaoliveira.com.br\/blog\/?p=23001"},"modified":"2019-07-30T23:05:13","modified_gmt":"2019-07-31T03:05:13","slug":"nao-me-importo-com-ameacas-e-nao-vou-deixar-o-pais-dos-meus-filhos-regredir-para-ditadura-diz-glenn-em-ato-da-abi","status":"publish","type":"post","link":"http:\/\/blogdalucianaoliveira.com.br\/blog\/2019\/07\/30\/nao-me-importo-com-ameacas-e-nao-vou-deixar-o-pais-dos-meus-filhos-regredir-para-ditadura-diz-glenn-em-ato-da-abi\/","title":{"rendered":"\u201cN\u00e3o me importo com amea\u00e7as e n\u00e3o vou deixar o pa\u00eds dos meus filhos regredir para ditadura\u201d, diz Glenn em ato da ABI"},"content":{"rendered":"<p><img data-recalc-dims=\"1\" loading=\"lazy\" decoding=\"async\" data-attachment-id=\"23002\" data-permalink=\"http:\/\/blogdalucianaoliveira.com.br\/blog\/2019\/07\/30\/nao-me-importo-com-ameacas-e-nao-vou-deixar-o-pais-dos-meus-filhos-regredir-para-ditadura-diz-glenn-em-ato-da-abi\/1e207842-842d-4655-9203-7601ab54ccc9\/\" data-orig-file=\"https:\/\/i0.wp.com\/blogdalucianaoliveira.com.br\/blog\/wp-content\/uploads\/2019\/07\/1E207842-842D-4655-9203-7601AB54CCC9.jpeg?fit=500%2C240\" data-orig-size=\"500,240\" data-comments-opened=\"0\" data-image-meta=\"{&quot;aperture&quot;:&quot;0&quot;,&quot;credit&quot;:&quot;&quot;,&quot;camera&quot;:&quot;&quot;,&quot;caption&quot;:&quot;&quot;,&quot;created_timestamp&quot;:&quot;0&quot;,&quot;copyright&quot;:&quot;&quot;,&quot;focal_length&quot;:&quot;0&quot;,&quot;iso&quot;:&quot;0&quot;,&quot;shutter_speed&quot;:&quot;0&quot;,&quot;title&quot;:&quot;&quot;,&quot;orientation&quot;:&quot;0&quot;}\" data-image-title=\"1E207842-842D-4655-9203-7601AB54CCC9\" data-image-description=\"\" data-image-caption=\"\" data-medium-file=\"https:\/\/i0.wp.com\/blogdalucianaoliveira.com.br\/blog\/wp-content\/uploads\/2019\/07\/1E207842-842D-4655-9203-7601AB54CCC9.jpeg?fit=300%2C144\" data-large-file=\"https:\/\/i0.wp.com\/blogdalucianaoliveira.com.br\/blog\/wp-content\/uploads\/2019\/07\/1E207842-842D-4655-9203-7601AB54CCC9.jpeg?fit=500%2C240\" src=\"https:\/\/i0.wp.com\/blogdalucianaoliveira.com.br\/blog\/wp-content\/uploads\/2019\/07\/1E207842-842D-4655-9203-7601AB54CCC9.jpeg?resize=500%2C240\" alt=\"1E207842-842D-4655-9203-7601AB54CCC9\" width=\"500\" height=\"240\" class=\"alignnone size-full wp-image-23002\" srcset=\"https:\/\/i0.wp.com\/blogdalucianaoliveira.com.br\/blog\/wp-content\/uploads\/2019\/07\/1E207842-842D-4655-9203-7601AB54CCC9.jpeg?w=500 500w, https:\/\/i0.wp.com\/blogdalucianaoliveira.com.br\/blog\/wp-content\/uploads\/2019\/07\/1E207842-842D-4655-9203-7601AB54CCC9.jpeg?resize=300%2C144 300w\" sizes=\"auto, (max-width: 500px) 100vw, 500px\" \/><\/p>\n<p>247 &#8211; O jornalista Glenn Greenwald afirmou nesta ter\u00e7a-feira, 30, durante ato na Associa\u00e7\u00e3o Brasileira de Imprensa (ABI), no Rio de Janeiro, que n\u00e3o ir\u00e1 deixar o Brasil por conta das amea\u00e7as sofridas por Jair Bolsonaro, pelo fato dele estar revelando as ilegalidades da opera\u00e7\u00e3o Lava Jato. <!--more--><\/p>\n<p>&#8220;Esse \u00e9 meu passaporte norte-americano. Esse passaporte me permite ir para o aeroporto a qualquer minuto e sair do pa\u00eds&#8221;, disse Glenn diante de um audit\u00f3rio lotado na ABI. &#8220;Eu n\u00e3o me importo com as amea\u00e7as queBolsonaro fez contra mim. Eu n\u00e3o vou fugir desse pa\u00eds. Eu n\u00e3o vou deixar o pa\u00eds dos meus filhos regredir para a ditadura&#8221;, disse Greenwald.<\/p>\n<p>O ato em defesa de Greenwald e dos demais jornalistas do The Intercept Brasil que est\u00e3o sendo alvos de ataques do bolsonarismo contou com a participa\u00e7\u00e3o de centenas de pessoas, entre jornalistas, pol\u00edticos, advogados, artistas, representantes de movimentos sociais. <\/p>\n<p>Em entrevista, Glenn que tem medo de ser preso. &#8220;Quando o presidente est\u00e1 te amea\u00e7ando por tr\u00eas dias consecutivos, usando seu nome como Jair Bolsonaro est\u00e1 fazendo contra mim, obviamente o risco \u00e9 grande de eu ser preso. N\u00f3s sabemos isso todo o tempo&#8221;, afirmou.<\/p>\n<p>O artigo 5\u00ba da Constitui\u00e7\u00e3o Federal, que trata dos direitos e deveres do cidad\u00e3o, estabelece que &#8220;\u00e9 assegurado a todos o acesso \u00e0 informa\u00e7\u00e3o e resguardado o sigilo da fonte, quando necess\u00e1rio ao exerc\u00edcio profissional&#8221;.<\/p>\n","protected":false},"excerpt":{"rendered":"<p>247 &#8211; O jornalista Glenn Greenwald afirmou nesta ter\u00e7a-feira, 30, durante ato na Associa\u00e7\u00e3o Brasileira de Imprensa (ABI), no Rio de Janeiro, que n\u00e3o ir\u00e1 deixar o Brasil por conta das amea\u00e7as sofridas por Jair Bolsonaro, pelo fato dele estar revelando as ilegalidades da opera\u00e7\u00e3o Lava Jato.<\/p>\n","protected":false},"author":1,"featured_media":0,"comment_status":"closed","ping_status":"open","sticky":false,"template":"","format":"standard","meta":{"_exactmetrics_skip_tracking":false,"_exactmetrics_sitenote_active":false,"_exactmetrics_sitenote_note":"","_exactmetrics_sitenote_category":0,"jetpack_post_was_ever_published":false,"_jetpack_newsletter_access":"","_jetpack_dont_email_post_to_subs":false,"_jetpack_newsletter_tier_id":0,"_jetpack_memberships_contains_paywalled_content":false,"_jetpack_memberships_contains_paid_content":false,"footnotes":"","jetpack_publicize_message":"","jetpack_publicize_feature_enabled":true,"jetpack_social_post_already_shared":true,"jetpack_social_options":{"image_generator_settings":{"template":"highway","enabled":false},"version":2}},"categories":[1],"tags":[],"class_list":["post-23001","post","type-post","status-publish","format-standard","hentry","category-notas"],"jetpack_publicize_connections":[],"jetpack_sharing_enabled":true,"jetpack_featured_media_url":"","jetpack_shortlink":"https:\/\/wp.me\/p7wKYW-5YZ","jetpack-related-posts":[],"_links":{"self":[{"href":"http:\/\/blogdalucianaoliveira.com.br\/blog\/wp-json\/wp\/v2\/posts\/23001","targetHints":{"allow":["GET"]}}],"collection":[{"href":"http:\/\/blogdalucianaoliveira.com.br\/blog\/wp-json\/wp\/v2\/posts"}],"about":[{"href":"http:\/\/blogdalucianaoliveira.com.br\/blog\/wp-json\/wp\/v2\/types\/post"}],"author":[{"embeddable":true,"href":"http:\/\/blogdalucianaoliveira.com.br\/blog\/wp-json\/wp\/v2\/users\/1"}],"replies":[{"embeddable":true,"href":"http:\/\/blogdalucianaoliveira.com.br\/blog\/wp-json\/wp\/v2\/comments?post=23001"}],"version-history":[{"count":1,"href":"http:\/\/blogdalucianaoliveira.com.br\/blog\/wp-json\/wp\/v2\/posts\/23001\/revisions"}],"predecessor-version":[{"id":23003,"href":"http:\/\/blogdalucianaoliveira.com.br\/blog\/wp-json\/wp\/v2\/posts\/23001\/revisions\/23003"}],"wp:attachment":[{"href":"http:\/\/blogdalucianaoliveira.com.br\/blog\/wp-json\/wp\/v2\/media?parent=23001"}],"wp:term":[{"taxonomy":"category","embeddable":true,"href":"http:\/\/blogdalucianaoliveira.com.br\/blog\/wp-json\/wp\/v2\/categories?post=23001"},{"taxonomy":"post_tag","embeddable":true,"href":"http:\/\/blogdalucianaoliveira.com.br\/blog\/wp-json\/wp\/v2\/tags?post=23001"}],"curies":[{"name":"wp","href":"https:\/\/api.w.org\/{rel}","templated":true}]}}