{"id":23005,"date":"2019-07-31T07:15:55","date_gmt":"2019-07-31T11:15:55","guid":{"rendered":"http:\/\/blogdalucianaoliveira.com.br\/blog\/?p=23005"},"modified":"2019-07-31T07:15:55","modified_gmt":"2019-07-31T11:15:55","slug":"de-sociologo-a-fazendeiro-jornalista-publica-investigacao-sobre-propriedades-de-fhc","status":"publish","type":"post","link":"http:\/\/blogdalucianaoliveira.com.br\/blog\/2019\/07\/31\/de-sociologo-a-fazendeiro-jornalista-publica-investigacao-sobre-propriedades-de-fhc\/","title":{"rendered":"De soci\u00f3logo a fazendeiro: jornalista publica investiga\u00e7\u00e3o sobre propriedades de FHC"},"content":{"rendered":"<p><img data-recalc-dims=\"1\" loading=\"lazy\" decoding=\"async\" data-attachment-id=\"23006\" data-permalink=\"http:\/\/blogdalucianaoliveira.com.br\/blog\/2019\/07\/31\/de-sociologo-a-fazendeiro-jornalista-publica-investigacao-sobre-propriedades-de-fhc\/39b3fdee-2de2-4b6f-b7b1-76d136ca8b11\/\" data-orig-file=\"https:\/\/i0.wp.com\/blogdalucianaoliveira.com.br\/blog\/wp-content\/uploads\/2019\/07\/39B3FDEE-2DE2-4B6F-B7B1-76D136CA8B11.jpeg?fit=640%2C366\" data-orig-size=\"640,366\" data-comments-opened=\"0\" data-image-meta=\"{&quot;aperture&quot;:&quot;0&quot;,&quot;credit&quot;:&quot;&quot;,&quot;camera&quot;:&quot;&quot;,&quot;caption&quot;:&quot;&quot;,&quot;created_timestamp&quot;:&quot;0&quot;,&quot;copyright&quot;:&quot;&quot;,&quot;focal_length&quot;:&quot;0&quot;,&quot;iso&quot;:&quot;0&quot;,&quot;shutter_speed&quot;:&quot;0&quot;,&quot;title&quot;:&quot;&quot;,&quot;orientation&quot;:&quot;0&quot;}\" data-image-title=\"39B3FDEE-2DE2-4B6F-B7B1-76D136CA8B11\" data-image-description=\"\" data-image-caption=\"\" data-medium-file=\"https:\/\/i0.wp.com\/blogdalucianaoliveira.com.br\/blog\/wp-content\/uploads\/2019\/07\/39B3FDEE-2DE2-4B6F-B7B1-76D136CA8B11.jpeg?fit=300%2C172\" data-large-file=\"https:\/\/i0.wp.com\/blogdalucianaoliveira.com.br\/blog\/wp-content\/uploads\/2019\/07\/39B3FDEE-2DE2-4B6F-B7B1-76D136CA8B11.jpeg?fit=600%2C343\" src=\"https:\/\/i0.wp.com\/blogdalucianaoliveira.com.br\/blog\/wp-content\/uploads\/2019\/07\/39B3FDEE-2DE2-4B6F-B7B1-76D136CA8B11.jpeg?resize=600%2C343\" alt=\"39B3FDEE-2DE2-4B6F-B7B1-76D136CA8B11\" width=\"600\" height=\"343\" class=\"alignnone size-full wp-image-23006\" srcset=\"https:\/\/i0.wp.com\/blogdalucianaoliveira.com.br\/blog\/wp-content\/uploads\/2019\/07\/39B3FDEE-2DE2-4B6F-B7B1-76D136CA8B11.jpeg?w=640 640w, https:\/\/i0.wp.com\/blogdalucianaoliveira.com.br\/blog\/wp-content\/uploads\/2019\/07\/39B3FDEE-2DE2-4B6F-B7B1-76D136CA8B11.jpeg?resize=300%2C172 300w, https:\/\/i0.wp.com\/blogdalucianaoliveira.com.br\/blog\/wp-content\/uploads\/2019\/07\/39B3FDEE-2DE2-4B6F-B7B1-76D136CA8B11.jpeg?resize=525%2C300 525w\" sizes=\"auto, (max-width: 600px) 100vw, 600px\" \/><\/p>\n<p>Ao Brasil de Fato, Alceu Castilho fala sobre livro-reportagem que revela terras desconhecidas de ex-presidente tucano<!--more--><\/p>\n<p>Lu Sudr\u00e9<br \/>\nBrasil de Fato |<\/p>\n<p>Todos conhecem Fernando Henrique Cardoso (FHC), ex-presidente (1995-2002), cientista pol\u00edtico e renomado soci\u00f3logo. No entanto, o tucano tamb\u00e9m \u00e9 dono de grandes propriedades de terra, uma face at\u00e9 ent\u00e3o desconhecida. <\/p>\n<p>Lan\u00e7ado nesta ter\u00e7a-feira (30), o livro \u201cO Protegido \u2013 Por que o pa\u00eds ignora as terras de FHC\u201d, do jornalista Alceu Lu\u00eds Castilho, traz detalhes sobre como FHC se consolidou como um grande e pr\u00f3spero fazendeiro, propriedades que nunca tiveram aten\u00e7\u00e3o da m\u00eddia.<\/p>\n<p>&#8220;O Protegido&#8221; \u00e9 publicado pela editora Autonomia Liter\u00e1ria. Castilho tamb\u00e9m \u00e9 autor do livro \u201cPartido da Terra \u2013 como os pol\u00edticos conquistam o territ\u00f3rio brasileiro\u201d e fundador do De Olho nos Ruralistas, um observat\u00f3rio sobre agroneg\u00f3cio no Brasil.<\/p>\n<p>A obra \u00e9 uma continua\u00e7\u00e3o de uma reportagem do jornalista que questionou como o enriquecimento do ex-presidente, dono de duas propriedades em Botucatu, no interior paulista, nunca havia levantado suspeitas no Brasil. <\/p>\n<p>Ap\u00f3s anos afastado da empresa agropecu\u00e1ria Goytacazes Participa\u00e7\u00f5es Ltda, o ex-presidente voltou a ser s\u00f3cio dos seus filhos. Em 2018, o capital social da empresa era de R$ 5,7 milh\u00f5es. Em um ano, saltou para R$ 8,9 milh\u00f5es.<\/p>\n<p>Em entrevista ao Brasil de Fato, o autor adianta que o livro discorre sobre rela\u00e7\u00f5es de FHC com empres\u00e1rios e pecuaristas. \u201cO que estamos mostrando para o leitor \u00e9 que h\u00e1 conflito de interesses relativos a trajet\u00f3ria \u2013 n\u00e3o s\u00f3 particular \u2013 do Fernando Henrique, com empres\u00e1rios como banqueiros do grupo Esp\u00edrito Santo e a pr\u00f3pria Odebrecht por exemplo\u201d, diz Castilho. <\/p>\n<p>De acordo com a obra, a \u201caventura agr\u00e1ria\u201d do tucano se iniciou em parceria com S\u00e9rgio Motta, ex-ministro da Comunica\u00e7\u00e3o, por meio da compra de uma fazenda em Buritis (MG). Ap\u00f3s a morte de Motta, o pecuarista Jovelino Mineiro, s\u00f3cio de Em\u00edlio Odebrecht e figura central nas articula\u00e7\u00f5es do ex-presidente, tornou-se s\u00f3cio dos filhos de FHC. <\/p>\n<p>\u201cH\u00e1 um sil\u00eancio sobre Fernando Henrique que \u00e9 um dos motivos do livro se chamar \u2018O protegido\u2019. \u00c9 protegido pela Justi\u00e7a e pela imprensa. O que observamos \u00e9 uma imensa contradi\u00e7\u00e3o entre o que foi feito com outro ex-presidente em rela\u00e7\u00e3o ao s\u00edtio em Atibaia, por exemplo\u201d, aponta a contradi\u00e7\u00e3o, em refer\u00eancia \u00e0s investiga\u00e7\u00f5es relacionadas a supostas propriedades do ex-presidente Luiz In\u00e1cio Lula da Silva (2003-2010). <\/p>\n<p>Confira a entrevista na \u00edntegra. <\/p>\n<p>Brasil de Fato: Como foi o processo de apura\u00e7\u00e3o e constru\u00e7\u00e3o desse livro? O que ele revela?<\/p>\n<p>Alceu Castilho: O processo de apura\u00e7\u00e3o come\u00e7ou quando vi a dela\u00e7\u00e3o do Em\u00edlio Odebrecht no Jornal Nacional, falando sobre caixa 2 para as campanhas de FHC. Em seguida, apareceu o Fernando Henrique, daquele jeito dele, dizendo que n\u00e3o era bem isso.<\/p>\n<p>Pensei que mesmo com a restri\u00e7\u00e3o que tenho no Observat\u00f3rio [do agroneg\u00f3cio no Brasil], de lidar com a quest\u00e3o agr\u00e1ria como tema, que dava pra fazer bastante coisa por ele [FHC] ter tido terras, fazendas em Minas Gerais.<\/p>\n<p>Comecei a apurar e a apura\u00e7\u00e3o resultou no livro. A rela\u00e7\u00e3o e a conex\u00e3o desconhecida do Fernando Henrique com a agropecu\u00e1ria se estende por v\u00e1rios tent\u00e1culos pol\u00edticos, que desembocam, inclusive nessa rela\u00e7\u00e3o com a Odebrecht. <\/p>\n<p>O livro fala sobre o sil\u00eancio em rela\u00e7\u00e3o \u00e0s terras desconhecidas. Qual o tamanho desse patrim\u00f4nio na cidade de Botucatu e qual a rela\u00e7\u00e3o de FHC com a agropecu\u00e1ria?<\/p>\n<p>As terras em Botucatu foram compradas em 2012 por Fernando Henrique e filhos, por meio de uma empresa chamada Goytacazes Participa\u00e7\u00f5es. Tem um personagem do livro que faz a conex\u00e3o entre diversos temas, entre a fazenda de Minas e o canavial em Botucatu, que se chama Jovelino Mineiro, que o Fernando Henrique chama carinhosamente de N\u00ea, compadre do FHC. No &#8220;Di\u00e1rios da Presid\u00eancia&#8221;, ele conta que recebeu, com o N\u00ea, o Em\u00edlio Odebrecht no Pal\u00e1cio da Alvorada. <\/p>\n<p>Esse Jovelino Mineiro tem muitas terras em Botucatu e, por coincid\u00eancia, o FHC e seus filhos compraram o canavial do lado de uma empresa que pertencia ao Jovelino Mineiro. Esse canavial eram duas propriedades, uma de 36 hectares e outra de 205 hectares. Essa propriedade menor, comprada por R$600 mil em 2012, e desapropriada ano passado pela Prefeitura de Botucatu, prefeitura tucana, por R$5. Isso mesmo, R$5. <\/p>\n<p>O que vai acontecer ali? A fazenda remanescente vai ser valorizada, seja pela irriga\u00e7\u00e3o imediata, seja porque agora a Prefeitura de Botucatu permitir\u00e1 loteamento, permitir\u00e1 a constru\u00e7\u00e3o de ch\u00e1caras de lazer. N\u00e3o se sabe o quanto ser\u00e1 valorizado. <\/p>\n<p>Detalhe: A ideia da represa que motivou a desapropria\u00e7\u00e3o foi, segundo um blogueiro pr\u00f3-Prefeitura de Botucatu, foi do pr\u00f3prio Jovelino Mineiro, o N\u00ea. O Jovelino Mineiro est\u00e1 em todas. \u00c9 s\u00f3cio do Em\u00edlio Odebrecht em uma empresa de gen\u00e9tica, ele coordenou o jantar, em 2002, que angariou recursos para o Instituto Fernando Henrique Cardoso, hoje Funda\u00e7\u00e3o FHC. Tudo passa pelo Jovelino Mineiro. <\/p>\n<p>Essas negocia\u00e7\u00f5es foram investigadas em algum momento?<\/p>\n<p>N\u00e3o, nada disso. A Lava Jato investigou e enterrou a den\u00fancia do Em\u00edlio Odebrecht de caixa 2. Toda essa hist\u00f3ria de fazenda em Botucatu \u00e9 absolutamente ignorada. N\u00e3o s\u00f3 pela Justi\u00e7a brasileira, mas pela grande imprensa.<\/p>\n<p>Estou aqui falando com um ve\u00edculo alternativo de imprensa. A Carta Capital deu uma capa no ano passado sobre o tema, mas os &#8216;jornal\u00f5es&#8217; e &#8216;revist\u00f5es&#8217; ignoram solenemente. H\u00e1 um sil\u00eancio sobre Fernando Henrique que \u00e9 um dos motivos do livro se chamar &#8220;O protegido&#8221;. \u00c9 protegido pela Justi\u00e7a e pela imprensa. <\/p>\n<p>Claro que n\u00e3o estamos aqui acusando ningu\u00e9m de cometer crime nenhum. N\u00e3o \u00e9 papel do jornalismo fazer isso. O que observamos \u00e9 uma imensa contradi\u00e7\u00e3o entre o que foi feito com outro ex-presidente em rela\u00e7\u00e3o ao s\u00edtio em Atibaia, por exemplo, comparando com essas hist\u00f3rias todas. <\/p>\n<p>O que estamos mostrando para o leitor \u00e9 que h\u00e1 conflito de interesses relativos a trajet\u00f3ria \u2013 n\u00e3o s\u00f3 particular \u2013 do Fernando Henrique, com empres\u00e1rios como banqueiros do grupo Esp\u00edrito Santo, tamb\u00e9m atuante em Botucatu. E a pr\u00f3pria Odebrecht por exemplo. <\/p>\n<p>Voc\u00ea trabalhou muito tempo no Estad\u00e3o durante o governo FHC. Como essa prote\u00e7\u00e3o se d\u00e1 no cotidiano das reda\u00e7\u00f5es da grande m\u00eddia?<\/p>\n<p>Primeiro, h\u00e1 um mecanismo que n\u00e3o envolve necessariamente nas reuni\u00f5es de pauta, uma censura direta. Se tem a auto-censura de rep\u00f3rteres porque j\u00e1 sabem que o ve\u00edculo n\u00e3o vai dar determinada mat\u00e9ria.<\/p>\n<p>Voc\u00ea citou o Estad\u00e3o. O rep\u00f3rter n\u00e3o vai emplacar uma mat\u00e9ria isenta em rela\u00e7\u00e3o a camponeses, por exemplo, no Estado de S. Paulo. \u00c9 muito dif\u00edcil, quase imposs\u00edvel. Ent\u00e3o, o pr\u00f3prio rep\u00f3rter j\u00e1 sabe que determinado tema n\u00e3o vai aparecer no jornal, com honrosas exce\u00e7\u00f5es aqui e ali, claro. <\/p>\n<p>No caso do FHC, \u00e9 claro que n\u00e3o s\u00f3 o Estad\u00e3o, mas a imprensa brasileira, era muito simp\u00e1tica ao governo dele, particularmente o Estad\u00e3o. A Folha at\u00e9 fez reportagens na \u00e9poca, den\u00fancia de compra de votos e tal, n\u00e3o sei se hoje faria. Mas fez. <\/p>\n<p>Ent\u00e3o, se tem um mecanismo de silenciamento pela exclus\u00e3o de pautas. Simplesmente n\u00e3o se pauta. N\u00e3o \u00e9 que se dar\u00e1 algo com determinado vi\u00e9s, vai dar em rela\u00e7\u00e3o ao anivers\u00e1rio, inimigo ao normal. Em rela\u00e7\u00e3o ao protegido, ele fica de fora. <\/p>\n<p>Esse sil\u00eancio da m\u00eddia com a atua\u00e7\u00e3o do Judici\u00e1rio que faz com que FHC se perpetue como intoc\u00e1vel?<\/p>\n<p>O FHC \u00e9 um querido representante das elites. Agora que estamos com pol\u00edticos particularmente grotescos no Pal\u00e1cio do Planalto, tanto o presidente quanto as pessoas que o cercam, ministros, filhos\u2026 parece que sobrou para a elite brasileira ter essa esp\u00e9cie de pr\u00edncipe, de pol\u00edtico limpinho, cheiroso e educado, ilustrado, que faz as vezes de pr\u00edncipe mesmo. De uma pessoa em rela\u00e7\u00e3o a qual se possa lavar a imagem para que essa elite pare\u00e7a menos violenta e predadora que ela realmente \u00e9. <\/p>\n<p>O que representa a publica\u00e7\u00e3o desse livro nesse cen\u00e1rio de crise do PSDB, da direita tradicional, que est\u00e1 buscando se reinventar? <\/p>\n<p>O Fernando Henrique nem sempre esteve de m\u00e3os dadas com a democracia. O livro mostra que houve articula\u00e7\u00f5es dentro do c\u00edrculo do Fernando Henrique para, por exemplo, o golpe de 2016. O primeiro pedido de impeachment da Dilma Rousseff foi feito pelo advogado Jos\u00e9 de Oliveira Costa, que \u00e9 advogado do Fernando Henrique. O Jos\u00e9 de Oliveira Costa que j\u00e1 representou o Jovelino Mineiro, aquele, o N\u00ea, e o Em\u00edlio Odebrecht, em uma empresa de gen\u00e9tica em que ambos s\u00e3o s\u00f3cios. <\/p>\n<p>Fora isso, existem pessoas do circuito da Funda\u00e7\u00e3o FHC que se deram muito bem com o golpe de 2016. Se tem a Funda\u00e7\u00e3o FHC funcionando na Sociedade Rural Brasileira, que foi um art\u00edfice do golpe de 64 e uma das primeiras art\u00edfices do golpe de 2016.<\/p>\n<p>Da SRB, sa\u00edram membros que est\u00e3o hoje no governo Bolsonaro ou que s\u00e3o bolsonaristas. O filho do Jovelino Mineiro, Bento Mineiro, que \u00e9 pecuarista tamb\u00e9m, \u00e9 fundador do Endireita Brasil ao lado do Ricardo Salles, ministro do meio ambiente, e do Frederico D&#8217;Avila, deputado estadual, ex-tucano e bolsonarista. <\/p>\n<p>Ent\u00e3o o Fernando Henrique tem um entorno de gente que n\u00e3o tem compromisso nenhum com a democracia. Ele faz essa pose de ol\u00edmpico mas \u00e9 evidente que o FHC mexeu pauzinhos para a derrubada do PT do poder. E o livro, apesar de come\u00e7ar falando da face agr\u00e1ria, acaba sendo um retrato de como a elite econ\u00f4mica funciona e como ela se articula a partir de determinados pol\u00edticos-chaves, como \u00e9 o caso do pr\u00f3prio Fernando Henrique.<\/p>\n<p>Acredita que a obra trar\u00e1 algum impacto sobre o imp\u00e9rio do FHC?<\/p>\n<p>Em rela\u00e7\u00e3o ao Judici\u00e1rio brasileiro, hoje temos um cen\u00e1rio sombrio de uma a\u00e7\u00e3o de marketing que se chama opera\u00e7\u00e3o Lava Jato, se sobrepor ao conjunto do Judici\u00e1rio. N\u00f3s mesmo, como imprensa, acabamos nisso. N\u00e3o tem a opera\u00e7\u00e3o Lava Jato na Constitui\u00e7\u00e3o. O que tem \u00e9 o Judici\u00e1rio, o Minist\u00e9rio P\u00fablico. Isso sim. Mesmo com todos os defeitos que existem, \u00e9 preciso questionar e aperfei\u00e7oar, lutar contra conforme o vi\u00e9s ideol\u00f3gico.<\/p>\n<p>Agora, a opera\u00e7\u00e3o Lava Jato \u00e9 uma aberra\u00e7\u00e3o em si. Com todo os abusos que conhecemos, que estamos apenas confirmando com a Vaza Jato. N\u00e3o precisava ter vazado conversa de ningu\u00e9m para sabermos que haviam essas distor\u00e7\u00f5es, por sinal.<\/p>\n<p>N\u00e3o acredito que desse mato saia muito coelho. Agora, n\u00e3o escrevemos reportagem e muito menos um livro apenas com o objetivo de influenciar diretamente essa ou aquela decis\u00e3o, provocar uma investiga\u00e7\u00e3o. Estamos contando aos leitores e esperamos que ajude a se contar hist\u00f3ria, at\u00e9 para a posteridade. Que pesquisadores daqui h\u00e1 15, 20 anos, possam ler um livro diferente sobre o Fernando Henrique e, portanto, acessar uma fonte que n\u00e3o seja aquela &#8216;oficialesca&#8217;, bajuladora e etc, da grande massa de informa\u00e7\u00f5es dos &#8216;jornal\u00f5es&#8217;.<\/p>\n<p>Temos essa fun\u00e7\u00e3o como jornalista na imprensa alternativa, de contar o outro lado, de fazer contraponto, de fazer contra-hegemonia, portanto.<\/p>\n<p>H\u00e1 um silenciamento da grande m\u00eddia sobre o lan\u00e7amento do livro? <\/p>\n<p>J\u00e1 est\u00e1 havendo. Era previsto e \u00e9 um dos temas do livro, ironicamente. Com exce\u00e7\u00f5es que nem s\u00e3o t\u00e3o exce\u00e7\u00f5es assim. A Carta Capital \u00e9 uma exce\u00e7\u00e3o, se pensarmos em uma empresa corporativa, movida por an\u00fancios e tal, mas sabemos que a Carta tem uma posi\u00e7\u00e3o diferente dos demais ve\u00edculos. De resto, s\u00f3 realmente no circuito alternativo que est\u00e1 vendo divulga\u00e7\u00e3o. Um ou outro jornal regional interessado, mas &#8216;jornal\u00f5es&#8217; e &#8216;revist\u00f5es&#8217; n\u00e3o. <\/p>\n<p>Curiosamente esse livro foi lan\u00e7ado inicialmente em Paraty, durante a Festa Liter\u00e1ria Pirata das Editoras Independentes (Flipei), evento paralelo \u00e0 Flip, em uma mesa onde estava o Gleen Greenwald. Estava na mesa com ele, Greg\u00f3rio Duvivier e o professor S\u00e9rgio Amadeu, com media\u00e7\u00e3o de Sabrina Fernandes. <\/p>\n<p>Quando lancei o livro por l\u00e1, fiz uma cr\u00edtica \u00e0 imprensa. Havia jornalistas presentes que estavam l\u00e1 por causa do Gleen, obviamente, e eu disse que diante do sil\u00eancio sobre essas terras do Fernando Henrique, que os jornalistas, inclusive aqueles presentes, n\u00e3o deveriam se intitular jornalistas investigativos como gostam de dizer. <\/p>\n<p>E que tamb\u00e9m n\u00e3o deveriam citar a famosa frase do Mill\u00f4r Fernandes que dizia: &#8220;Jornalismo \u00e9 op\u00e7\u00e3o, o resto \u00e9 armaz\u00e9m de secos e molhados&#8221;.<\/p>\n<p>Qual a programa\u00e7\u00e3o prevista para o lan\u00e7amento da obra?<\/p>\n<p>At\u00e9 por essa omiss\u00e3o na imprensa, dependemos muito da divulga\u00e7\u00e3o de cada leitor, n\u00e3o s\u00f3 dos ve\u00edculos independentes. Para que possamos espalhar essas informa\u00e7\u00f5es pelo pa\u00eds, por outras cidades, por outras capitais.<\/p>\n<p>O livro est\u00e1 previsto para ser lan\u00e7ado em Botucatu por causa do canavial do pr\u00f3prio Fernando Henrique, no Rio, com algumas sinaliza\u00e7\u00f5es para outras cidades. Mas, precisamos espalhar mais. <\/p>\n<p>Por outro lado, temos aspectos do livro que merecem ser ressaltados. Essa elite econ\u00f4mica e agropecu\u00e1ria lava a imagem a partir da cultura e das artes. O Fernando Henrique \u00e9 presidente de honra da Funda\u00e7\u00e3o Osesp (Orquestra Sinf\u00f4nica do Estado de S\u00e3o Paulo), o compadre dele, segundo a Miriam Dutra, m\u00e3e do filho ca\u00e7ula de Fernando Henrique, \u00e9 o operador do FHC. <\/p>\n<p>Ali\u00e1s, o Jovelino Mineiro \u00e9 genro do ex-governador paulista bi\u00f4nico Roberto de Abreu Sodr\u00e9, dono do famoso apartamento em Paris. O Jovelino Mineiro \u00e9 patrono da Flip. Quase todos os personagens da Flip, inclusive os Odebrechts, frequentam os conselhos do Masp, de organiza\u00e7\u00f5es sociais e filantr\u00f3picas.<\/p>\n<p>O livro \u00e9 um passeio sobre os corredores das elites, que passam pelas artes e passam por uma lavagem de imagens. E a imprensa tem um papel fundamental nisso. <\/p>\n<p>Edi\u00e7\u00e3o: Rodrigo Chagas<\/p>\n","protected":false},"excerpt":{"rendered":"<p>Ao Brasil de Fato, Alceu Castilho fala sobre livro-reportagem que revela terras desconhecidas de ex-presidente tucano<\/p>\n","protected":false},"author":1,"featured_media":0,"comment_status":"closed","ping_status":"open","sticky":false,"template":"","format":"standard","meta":{"_exactmetrics_skip_tracking":false,"_exactmetrics_sitenote_active":false,"_exactmetrics_sitenote_note":"","_exactmetrics_sitenote_category":0,"jetpack_post_was_ever_published":false,"_jetpack_newsletter_access":"","_jetpack_dont_email_post_to_subs":false,"_jetpack_newsletter_tier_id":0,"_jetpack_memberships_contains_paywalled_content":false,"_jetpack_memberships_contains_paid_content":false,"footnotes":"","jetpack_publicize_message":"","jetpack_publicize_feature_enabled":true,"jetpack_social_post_already_shared":true,"jetpack_social_options":{"image_generator_settings":{"template":"highway","enabled":false},"version":2}},"categories":[1],"tags":[],"class_list":["post-23005","post","type-post","status-publish","format-standard","hentry","category-notas"],"jetpack_publicize_connections":[],"jetpack_sharing_enabled":true,"jetpack_featured_media_url":"","jetpack_shortlink":"https:\/\/wp.me\/p7wKYW-5Z3","jetpack-related-posts":[],"_links":{"self":[{"href":"http:\/\/blogdalucianaoliveira.com.br\/blog\/wp-json\/wp\/v2\/posts\/23005","targetHints":{"allow":["GET"]}}],"collection":[{"href":"http:\/\/blogdalucianaoliveira.com.br\/blog\/wp-json\/wp\/v2\/posts"}],"about":[{"href":"http:\/\/blogdalucianaoliveira.com.br\/blog\/wp-json\/wp\/v2\/types\/post"}],"author":[{"embeddable":true,"href":"http:\/\/blogdalucianaoliveira.com.br\/blog\/wp-json\/wp\/v2\/users\/1"}],"replies":[{"embeddable":true,"href":"http:\/\/blogdalucianaoliveira.com.br\/blog\/wp-json\/wp\/v2\/comments?post=23005"}],"version-history":[{"count":1,"href":"http:\/\/blogdalucianaoliveira.com.br\/blog\/wp-json\/wp\/v2\/posts\/23005\/revisions"}],"predecessor-version":[{"id":23007,"href":"http:\/\/blogdalucianaoliveira.com.br\/blog\/wp-json\/wp\/v2\/posts\/23005\/revisions\/23007"}],"wp:attachment":[{"href":"http:\/\/blogdalucianaoliveira.com.br\/blog\/wp-json\/wp\/v2\/media?parent=23005"}],"wp:term":[{"taxonomy":"category","embeddable":true,"href":"http:\/\/blogdalucianaoliveira.com.br\/blog\/wp-json\/wp\/v2\/categories?post=23005"},{"taxonomy":"post_tag","embeddable":true,"href":"http:\/\/blogdalucianaoliveira.com.br\/blog\/wp-json\/wp\/v2\/tags?post=23005"}],"curies":[{"name":"wp","href":"https:\/\/api.w.org\/{rel}","templated":true}]}}