{"id":23008,"date":"2019-07-31T07:38:03","date_gmt":"2019-07-31T11:38:03","guid":{"rendered":"http:\/\/blogdalucianaoliveira.com.br\/blog\/?p=23008"},"modified":"2019-07-31T07:38:03","modified_gmt":"2019-07-31T11:38:03","slug":"o-que-pensam-7-ex-ministros-da-justica-sobre-atuacao-de-moro-no-caso-dos-hackers","status":"publish","type":"post","link":"http:\/\/blogdalucianaoliveira.com.br\/blog\/2019\/07\/31\/o-que-pensam-7-ex-ministros-da-justica-sobre-atuacao-de-moro-no-caso-dos-hackers\/","title":{"rendered":"O que pensam 7 ex-ministros da Justi\u00e7a sobre atua\u00e7\u00e3o de Moro no caso dos hackers"},"content":{"rendered":"<hr \/>\n<p><img data-recalc-dims=\"1\" loading=\"lazy\" decoding=\"async\" data-attachment-id=\"23009\" data-permalink=\"http:\/\/blogdalucianaoliveira.com.br\/blog\/2019\/07\/31\/o-que-pensam-7-ex-ministros-da-justica-sobre-atuacao-de-moro-no-caso-dos-hackers\/1a0304db-f1f3-485a-ba1f-bcd69ba034bb\/\" data-orig-file=\"https:\/\/i0.wp.com\/blogdalucianaoliveira.com.br\/blog\/wp-content\/uploads\/2019\/07\/1A0304DB-F1F3-485A-BA1F-BCD69BA034BB.jpeg?fit=375%2C210\" data-orig-size=\"375,210\" data-comments-opened=\"0\" data-image-meta=\"{&quot;aperture&quot;:&quot;0&quot;,&quot;credit&quot;:&quot;&quot;,&quot;camera&quot;:&quot;&quot;,&quot;caption&quot;:&quot;&quot;,&quot;created_timestamp&quot;:&quot;0&quot;,&quot;copyright&quot;:&quot;&quot;,&quot;focal_length&quot;:&quot;0&quot;,&quot;iso&quot;:&quot;0&quot;,&quot;shutter_speed&quot;:&quot;0&quot;,&quot;title&quot;:&quot;&quot;,&quot;orientation&quot;:&quot;0&quot;}\" data-image-title=\"1A0304DB-F1F3-485A-BA1F-BCD69BA034BB\" data-image-description=\"\" data-image-caption=\"\" data-medium-file=\"https:\/\/i0.wp.com\/blogdalucianaoliveira.com.br\/blog\/wp-content\/uploads\/2019\/07\/1A0304DB-F1F3-485A-BA1F-BCD69BA034BB.jpeg?fit=300%2C168\" data-large-file=\"https:\/\/i0.wp.com\/blogdalucianaoliveira.com.br\/blog\/wp-content\/uploads\/2019\/07\/1A0304DB-F1F3-485A-BA1F-BCD69BA034BB.jpeg?fit=375%2C210\" class=\"alignnone size-full wp-image-23009\" src=\"https:\/\/i0.wp.com\/blogdalucianaoliveira.com.br\/blog\/wp-content\/uploads\/2019\/07\/1A0304DB-F1F3-485A-BA1F-BCD69BA034BB.jpeg?resize=375%2C210\" alt=\"1A0304DB-F1F3-485A-BA1F-BCD69BA034BB\" width=\"375\" height=\"210\" srcset=\"https:\/\/i0.wp.com\/blogdalucianaoliveira.com.br\/blog\/wp-content\/uploads\/2019\/07\/1A0304DB-F1F3-485A-BA1F-BCD69BA034BB.jpeg?w=375 375w, https:\/\/i0.wp.com\/blogdalucianaoliveira.com.br\/blog\/wp-content\/uploads\/2019\/07\/1A0304DB-F1F3-485A-BA1F-BCD69BA034BB.jpeg?resize=300%2C168 300w\" sizes=\"auto, (max-width: 375px) 100vw, 375px\" \/><\/p>\n<p>&#8220;Ilegal&#8221;. &#8220;Irregular&#8221;. &#8220;Abusivo&#8221;. &#8220;Absurdo&#8221;. &#8220;Indecente&#8221;. &#8220;Exorbitante&#8221;. S\u00e3o alguns dos adjetivos usados por ex-ministros da Justi\u00e7a que ocuparam o cargo nos \u00faltimos 24 anos &#8211; nos governos FHC, Lula, Dilma e Temer -, para se referir \u00e0 conduta do atual ocupante da pasta, o ex-juiz federal Sergio Moro, no caso da investiga\u00e7\u00e3o da Pol\u00edcia Federal sobre hackers.<br \/>\n<!--more--><\/p>\n<p>Na BBC<br \/>\nPara os sete ex-ministros ouvidos pela BBC News Brasil, embora seja chefe administrativo da corpora\u00e7\u00e3o, n\u00e3o cabe ao ocupante da pasta determinar rumos de investiga\u00e7\u00e3o, receber informa\u00e7\u00f5es antecipadas sobre opera\u00e7\u00f5es, ter acesso a provas e informa\u00e7\u00f5es sob sigilo judicial e repassar tais informa\u00e7\u00f5es a pessoas que n\u00e3o s\u00e3o parte do inqu\u00e9rito. Para eles, h\u00e1 ind\u00edcios de que Moro possa ter recentemente violado alguma dessas regras.<\/p>\n<p>Depois que a Opera\u00e7\u00e3o Spoofing, na semana passada, prendeu quatro pessoas acusadas de ser respons\u00e1veis pelo hackeamento de mensagens trocadas por Moro, procuradores da Opera\u00e7\u00e3o Lava Jato e cerca de mil autoridades, o ex-juiz federal telefonou para alguns dos supostos alvos dos criminosos, na \u00faltima quinta-feira, 25 de julho, para inform\u00e1-los.<\/p>\n<p>Consultado pela BBC News Brasil, o ministro Moro admitiu, em nota, por meio de sua assessoria de imprensa, que &#8220;por quest\u00f5es de seguran\u00e7a nacional e pessoal, se encarregou de comunicar algumas autoridades de elevada posi\u00e7\u00e3o, como o presidente da Rep\u00fablica, que estariam entre as v\u00edtimas&#8221;.<br \/>\nNa mesma nota, no entanto, ele negou ter tido &#8220;acesso ao inqu\u00e9rito de investiga\u00e7\u00e3o das invas\u00f5es criminosas de celulares e mensagens de autoridades&#8221;. Segue a nota: &#8220;A manifesta\u00e7\u00e3o do ministro sobre o tema s\u00f3 se deu ap\u00f3s realiza\u00e7\u00e3o das buscas e pris\u00f5es e a decis\u00e3o judicial terem se tornado p\u00fablicas. N\u00e3o houve acesso \u00e0 lista de v\u00edtimas&#8221;.<\/p>\n<p>Para pelo menos uma dessas autoridades, o presidente do Superior Tribunal de Justi\u00e7a (STJ), ministro Jo\u00e3o Ot\u00e1vio Noronha, Moro teria garantido que os eventuais di\u00e1logos interceptados pelos hackers &#8211; provas do inqu\u00e9rito sigiloso &#8211; seriam apagados.<\/p>\n<figure class=\"media-landscape has-caption full-width\"><span class=\"image-and-copyright-container\"><img data-recalc-dims=\"1\" loading=\"lazy\" decoding=\"async\" class=\"responsive-image__img js-image-replace\" src=\"https:\/\/i0.wp.com\/ichef.bbci.co.uk\/news\/375\/cpsprodpb\/881A\/production\/_108124843_moro-agsenado-moro.jpg?resize=600%2C338&#038;ssl=1\" alt=\"S\u00e9rgio Moro\" width=\"600\" height=\"338\" data-highest-encountered-width=\"375\" \/><span class=\"off-screen\">Direito de imagem<\/span><span class=\"story-image-copyright\">AG\u00caNCIA SENADO<\/span><\/span><figcaption class=\"media-caption\"><span class=\"off-screen\">Image caption<\/span><span class=\"media-caption__text\">Moro levou para sua equipe no minist\u00e9rio delegados da PF que trabalharam na Lava Jato<\/span><\/figcaption><\/figure>\n<p>&#8220;Acho um absurdo, ele n\u00e3o poderia ter acesso a essas informa\u00e7\u00f5es, nem ele, nem o presidente, nem ningu\u00e9m. Ele est\u00e1 exorbitando, \u00e9 um abuso de poder sem precedentes na democracia recente. N\u00e3o gosto de dar senten\u00e7a, mas cabe ao MPF investigar a conduta de Moro&#8221;, afirmou Jos\u00e9 Carlos Dias, ex-ministro da Justi\u00e7a de Fernando Henrique Cardoso, entre 1999 e 2000.<\/p>\n<p>&#8220;A conduta de Moro \u00e9 totalmente fora de padr\u00e3o. Existe uma dimens\u00e3o de abusividade e pode ser crime de responsabilidade. Ele deveria se afastar para ser investigado e, eticamente, pode ter perdido condi\u00e7\u00f5es de chefiar a PF&#8221;, acrescenta Jos\u00e9 Eduardo Cardozo, ex-ministro da Justi\u00e7a de Dilma Rousseff, entre 2011 e 2016.<\/p>\n<p>&#8220;O ministro da Justi\u00e7a n\u00e3o pode se imiscuir \u00e0 fun\u00e7\u00e3o de pol\u00edcia judici\u00e1ria. Ele n\u00e3o pode ligar pras pessoas e dizer que iria destruir provas, \u00e9 absurdo. \u00c9 ilegal, \u00e9 irregular, eu jamais tomaria uma atitude dessas, como nunca tomei&#8221;, afirma Miguel Reale J\u00fanior, ministro de Fernando Henrique Cardoso em 2002 e autor do pedido de impeachment contra a ex-presidente Dilma.<\/p>\n<h2 class=\"story-body__crosshead\">Ambiguidades do cargo<\/h2>\n<p>Desde a redemocratiza\u00e7\u00e3o, 30 pessoas ocuparam a cadeira do Minist\u00e9rio da Justi\u00e7a e, passaram a ser, por isso, chefes da corpora\u00e7\u00e3o policial. \u00c9 uma situa\u00e7\u00e3o amb\u00edgua: se, por um lado, o diretor-geral da Pol\u00edcia Federal est\u00e1 subordinado ao ministro, indicado pelo governo da ocasi\u00e3o, por outro, a corpora\u00e7\u00e3o \u00e9, em tese, aut\u00f4noma para investigar, inclusive integrantes do pr\u00f3prio governo.<\/p>\n<p>Na pr\u00e1tica, isso leva a situa\u00e7\u00f5es complexas: cabe ao ministro da Justi\u00e7a autorizar o uso de verbas para di\u00e1rias e passagens de policiais quando h\u00e1 uma opera\u00e7\u00e3o. No entanto, os preceitos republicanos recomendam que o ministro sequer saiba quando uma opera\u00e7\u00e3o acontecer\u00e1. Ou ainda, \u00e9 fun\u00e7\u00e3o do ministro abrir processos de sindic\u00e2ncia contra agentes ou delegados que tenham cometido desvio de fun\u00e7\u00e3o, mas n\u00e3o cabe ao ministro determinar quais caminhos os profissionais deveriam seguir ao longo das dilig\u00eancias.<\/p>\n<figure class=\"media-landscape has-caption full-width\"><span class=\"image-and-copyright-container\"><img data-recalc-dims=\"1\" loading=\"lazy\" decoding=\"async\" class=\"responsive-image__img js-image-replace\" src=\"https:\/\/i0.wp.com\/ichef.bbci.co.uk\/news\/375\/cpsprodpb\/D63A\/production\/_108124845_raul-jung-tania_rego-agbr.jpg?resize=600%2C338&#038;ssl=1\" alt=\"Raul Jungmann\" width=\"600\" height=\"338\" data-highest-encountered-width=\"375\" \/><span class=\"off-screen\">Direito de imagem<\/span><span class=\"story-image-copyright\">AG\u00caNCIA BRASIL<\/span><\/span><figcaption class=\"media-caption\"><span class=\"off-screen\">Image caption<\/span><span class=\"media-caption__text\">&#8216;\u00c9 uma rela\u00e7\u00e3o dif\u00edcil para qualquer um&#8217;, diz Raul Jungmann<\/span><\/figcaption><\/figure>\n<p>&#8220;\u00c9 uma rela\u00e7\u00e3o dif\u00edcil para qualquer um, porque o ministro faz uma supervis\u00e3o administrativa, e a pol\u00edcia faz o controle judici\u00e1rio do ministro. Em caso de investiga\u00e7\u00e3o, sai totalmente do controle do ministro &#8211; e as pessoas n\u00e3o entendem e pressionam. Ao mesmo tempo, qualquer iniciativa do Executivo pode ser vista como obstru\u00e7\u00e3o de Justi\u00e7a e prevarica\u00e7\u00e3o&#8221;, afirma Raul Jungmann, ex-ministro de Seguran\u00e7a P\u00fablica e respons\u00e1vel pela Pol\u00edcia Federal na gest\u00e3o Michel Temer.<\/p>\n<p>Para os ex-ministros, o fato de Moro ter se cercado de delegados da Pol\u00edcia Federal na equipe ministerial pode acentuar a confus\u00e3o entre a fun\u00e7\u00e3o administrativa e a policial. Como diretor da PF, ele escolheu o delegado Maur\u00edcio Valeixo, ex- superintendente da Pol\u00edcia Federal do Paran\u00e1, onde Moro atuava como juiz federal. Erika Marena, uma das primeiras delegadas a comandar fases da Opera\u00e7\u00e3o Lava Jato foi destacada para o Departamento de Recupera\u00e7\u00e3o de Ativos e Coopera\u00e7\u00e3o Jur\u00eddica Internacional. Outro delegado da Lava Jato, Rosalvo Ferreira, foi empossado como secret\u00e1rio de Opera\u00e7\u00f5es Integradas.<\/p>\n<p>&#8220;O ministro da Justi\u00e7a n\u00e3o \u00e9 juiz, nem presidente de inqu\u00e9rito. Quem decide \u00e9 a Justi\u00e7a, n\u00e3o o ministro&#8221;, diz Cardozo.<\/p>\n<h2 class=\"story-body__crosshead\">&#8216;Passarinho na Gaiola&#8217;<\/h2>\n<p>A Opera\u00e7\u00e3o Lava Jato nasceu (em mar\u00e7o de 2014) e se desenvolveu enquanto o ministro da Justi\u00e7a era um filiado do PT. Jos\u00e9 Eduardo Cardozo afirma que, normalmente, s\u00f3 sabia de opera\u00e7\u00f5es da PF no momento de sua deflagra\u00e7\u00e3o, por volta das 6 da manh\u00e3. At\u00e9 por isso, era intensamente criticado dentro do partido, frequentemente alvo das investiga\u00e7\u00f5es.<\/p>\n<p>&#8220;S\u00f3 sabia antes se fosse algo que precisasse da minha interven\u00e7\u00e3o institucional, como, por exemplo, quando havia alguma busca e apreens\u00e3o no Congresso&#8221;, diz Cardozo.<\/p>\n<p>Sucessor de Cardozo, Eug\u00eanio Arag\u00e3o relata ter tido cuidado semelhante.<\/p>\n<figure class=\"media-landscape has-caption full-width\"><span class=\"image-and-copyright-container\"><img data-recalc-dims=\"1\" loading=\"lazy\" decoding=\"async\" class=\"responsive-image__img js-image-replace\" src=\"https:\/\/i0.wp.com\/ichef.bbci.co.uk\/news\/375\/cpsprodpb\/1245A\/production\/_108124847_cardozo-agbr.jpg?resize=600%2C338&#038;ssl=1\" alt=\"Jos\u00e9 Eduardo Cardozo\" width=\"600\" height=\"338\" data-highest-encountered-width=\"375\" \/><span class=\"off-screen\">Direito de imagem<\/span><span class=\"story-image-copyright\">AG\u00caNCIA BRASIL <\/span><\/span><figcaption class=\"media-caption\"><span class=\"off-screen\">Image caption<\/span><span class=\"media-caption__text\">&#8216;S\u00f3 sabia (de opera\u00e7\u00f5es) antes se fosse algo que precisasse da minha interven\u00e7\u00e3o institucional&#8217;, diz Cardozo<\/span><\/figcaption><\/figure>\n<p>&#8220;Eu discordava do (diretor da PF Leandro) Daiello em rela\u00e7\u00e3o \u00e0s opera\u00e7\u00f5es, mas isso sequer foi tratado por n\u00f3s. Eu pedia a ele que n\u00e3o me avisasse previamente de nada. S\u00f3 ficava sabendo do nome dos presos depois, se n\u00e3o estivesse sob sigilo&#8221;, diz Arag\u00e3o, que hoje \u00e9 advogado de Lula no \u00e2mbito da Lava Jato.<\/p>\n<p>J\u00e1 Tarso Genro, ministro do governo Lula entre 2007 e 2010, afirmou que &#8220;se o caso poderia suscitar alguma quest\u00e3o pol\u00edtica, reportava-me \u00e0 PF por escrito&#8221;.<\/p>\n<p>&#8220;Era informado previamente atrav\u00e9s da chefia, de que iria ocorrer uma &#8216;opera\u00e7\u00e3o sens\u00edvel&#8217;, quando incidia sobre o mundo pol\u00edtico, sem ser informado sobre o assunto e sobre os personagens envolvidos&#8221;, diz Genro.<\/p>\n<p>Jungmann tinha sua senha com o diretor da PF Rog\u00e9rio Galloro: &#8220;Quando ele me perguntava: &#8216;vai dormir onde amanh\u00e3, ministro?&#8217;, eu j\u00e1 sabia que na madrugada haveria uma a\u00e7\u00e3o de resson\u00e2ncia pol\u00edtica, mas jamais sabia o que seria&#8221;.<\/p>\n<p>Apenas um dos entrevistados admitiu ter conhecimento do alvo de uma opera\u00e7\u00e3o da Pol\u00edcia Federal de antem\u00e3o. Jos\u00e9 Carlos Dias era ministro da Justi\u00e7a, em 1999, quando foi preso o ex-deputado federal Hildebrando Pascoal, do Acre, acusado de cometer assassinatos usando uma motosserra. Ele acompanhou cada minuto da opera\u00e7\u00e3o porque Hildebrando s\u00f3 poderia ser preso depois de cassado pelos deputados &#8211; tudo ocorreu em um intervalo de poucas horas.<\/p>\n<p>&#8220;\u00c0s 3 da manh\u00e3, o delegado me ligou e disse apenas: &#8216;passarinho est\u00e1 na gaiola'&#8221;, relembra Dias. Hildebrando foi condenado a 18 anos de pris\u00e3o no caso da motosserra.<\/p>\n<h2 class=\"story-body__crosshead\">Vazamentos<\/h2>\n<p>Os ex-ministros entrevistados pela BBC News Brasil afirmaram ter como miss\u00e3o evitar o vazamento de informa\u00e7\u00f5es.<\/p>\n<p>&#8220;Eu s\u00f3 pedia \u00e0 pol\u00edcia obedi\u00eancia aos regulamentos: uma pol\u00edcia t\u00e9cnica, sem viol\u00eancia e sem vazamentos&#8221;, afirma Jos\u00e9 Gregori, ex-ministro da Justi\u00e7a no Governo Fernando Henrique Cardoso, entre 2000 e 2001.<\/p>\n<p>Da\u00ed o estranhamento em rela\u00e7\u00e3o \u00e0 atitude de Moro, de ter feito liga\u00e7\u00f5es \u00e0s autoridades que sequer eram parte do inqu\u00e9rito para inform\u00e1-las de que poderiam ter sido alvos.<\/p>\n<figure class=\"media-landscape has-caption full-width\"><span class=\"image-and-copyright-container\"><img data-recalc-dims=\"1\" loading=\"lazy\" decoding=\"async\" class=\"responsive-image__img js-image-replace\" src=\"https:\/\/i0.wp.com\/ichef.bbci.co.uk\/news\/375\/cpsprodpb\/1727A\/production\/_108124849_jose_carlos_dias_agsenado.jpg?resize=600%2C338&#038;ssl=1\" alt=\"Jos\u00e9 Carlos Dias\" width=\"600\" height=\"338\" data-highest-encountered-width=\"375\" \/><span class=\"off-screen\">Direito de imagem<\/span><span class=\"story-image-copyright\">AG\u00caNCIA SENADO <\/span><\/span><figcaption class=\"media-caption\"><span class=\"off-screen\">Image caption<\/span><span class=\"media-caption__text\">&#8216;Acho um absurdo, ele n\u00e3o poderia ter acesso a essas informa\u00e7\u00f5es, nem ele, nem o presidente, nem ningu\u00e9m&#8217;, diz Jos\u00e9 Carlos Dias<\/span><\/figcaption><\/figure>\n<p>&#8220;Por que teria que ligar para pol\u00edticos ou autoridades dizendo que foram hackeadas? Elas n\u00e3o s\u00e3o investigadas, n\u00e3o tem l\u00f3gica&#8221;, questiona Cardozo.<\/p>\n<p>&#8220;Pode estar com isso tentando angariar apoios pol\u00edticos&#8221;, especula Dias. Moro tem sofrido desgastes p\u00fablicos desde que o site Intercept come\u00e7ou a publicar di\u00e1logos atribu\u00eddos a ele e aos procuradores da Lava Jato em que Moro favoreceria a acusa\u00e7\u00e3o, deixando de lado o preceito da imparcialidade.<\/p>\n<p>Em dois casos, os ex-ministros poderiam ter interesse partid\u00e1rio no vazamento de informa\u00e7\u00f5es de investiga\u00e7\u00f5es federais. \u00c0 BBC News Brasil, eles rememoraram os epis\u00f3dios.<\/p>\n<p>&#8220;O caso Celso Daniel estava sob apura\u00e7\u00e3o quando eu era chefe da PF. Nunca soube de nada. Jamais poderia interferir&#8221;, relembra Reale J\u00fanior, que era ent\u00e3o filiado ao PSDB, a respeito do caso do prefeito de Santo Andr\u00e9, assassinado pouco antes da elei\u00e7\u00e3o de Lula. A oposi\u00e7\u00e3o ao PT sempre argumentou que o assassinato do prefeito &#8211; cotado para coordenar a campanha do petista \u00e0 presid\u00eancia quando foi morto &#8211; tinha motiva\u00e7\u00e3o pol\u00edtica. A pol\u00edcia concluiu que se tratava de um crime comum.<\/p>\n<p>Do outro lado, Tarso Genro chegou a abrir investiga\u00e7\u00e3o contra agentes que vazaram imagens da pris\u00e3o do ex-prefeito Celso Pitta (PP-SP), de pijamas. Apadrinhado por Paulo Maluf, Pitta era um advers\u00e1rio hist\u00f3rico do petismo.<\/p>\n<figure class=\"media-landscape has-caption full-width\"><span class=\"image-and-copyright-container\"><img data-recalc-dims=\"1\" loading=\"lazy\" decoding=\"async\" class=\"responsive-image__img js-image-replace\" src=\"https:\/\/i0.wp.com\/ichef.bbci.co.uk\/news\/375\/cpsprodpb\/328E\/production\/_108124921_bolsonaro-gabinete-insta.jpg?resize=600%2C338&#038;ssl=1\" alt=\"Bolsonaro em gabinete na C\u00e2mara\" width=\"600\" height=\"338\" data-highest-encountered-width=\"375\" \/><span class=\"off-screen\">Direito de imagem<\/span><span class=\"story-image-copyright\">INSTAGRAM \/ REPRODU\u00c7\u00c3O<\/span><\/span><figcaption class=\"media-caption\"><span class=\"off-screen\">Image caption<\/span><span class=\"media-caption__text\">Quando era deputado, Bolsonaro mantinha foto dos ex-presidentes da ditadura militar em seu gabinete na C\u00e2mara<\/span><\/figcaption><\/figure>\n<p>&#8220;Politizar as investiga\u00e7\u00f5es \u00e9 desviar o sentido t\u00e9cnico do inqu\u00e9rito e pode ser crime. Determinei, sempre, abertura de procedimentos sindicantes quando isso ocorreu, como no caso do Pitta.&#8221;<\/p>\n<p>Jungmann afirma que n\u00e3o ter acesso a informa\u00e7\u00f5es dos inqu\u00e9ritos \u00e9 uma maneira de se defender da acusa\u00e7\u00e3o de vazamentos.<\/p>\n<p>&#8220;Nunca tive acesso a provas porque isso seria transigir a lei e porque eu poderia ser visto como fonte de vazamentos. Eu n\u00e3o me arriscaria a emitir ju\u00edzo sobre Moro. Como ex-juiz federal, ele deve saber o que est\u00e1 fazendo&#8221;.<\/p>\n<p>Ainda assim, ap\u00f3s a experi\u00eancia \u00e0 frente da PF, o ex-ministro de Temer afirma estar convicto de que, para evitar eventuais ila\u00e7\u00f5es de uso pol\u00edtico da PF, o ideal seria que a corpora\u00e7\u00e3o fosse chefiada por uma ag\u00eancia de controle, com mandato, para assim reduzir a possibilidade de que ordens da Esplanada influenciassem o trabalho dos policiais.<\/p>\n","protected":false},"excerpt":{"rendered":"<p>&#8220;Ilegal&#8221;. &#8220;Irregular&#8221;. &#8220;Abusivo&#8221;. &#8220;Absurdo&#8221;. &#8220;Indecente&#8221;. &#8220;Exorbitante&#8221;. S\u00e3o alguns dos adjetivos usados por ex-ministros da Justi\u00e7a que ocuparam o cargo nos \u00faltimos 24 anos &#8211; nos governos FHC, Lula, Dilma e Temer -, para se referir \u00e0 conduta do atual ocupante da pasta, o ex-juiz federal Sergio Moro, no caso da investiga\u00e7\u00e3o da Pol\u00edcia Federal sobre&#8230;<a class=\"more-link\" href=\"http:\/\/blogdalucianaoliveira.com.br\/blog\/2019\/07\/31\/o-que-pensam-7-ex-ministros-da-justica-sobre-atuacao-de-moro-no-caso-dos-hackers\/\">Continue a leitura <span class=\"meta-nav\">&raquo;<\/span><\/a><\/p>\n","protected":false},"author":1,"featured_media":0,"comment_status":"closed","ping_status":"open","sticky":false,"template":"","format":"standard","meta":{"_exactmetrics_skip_tracking":false,"_exactmetrics_sitenote_active":false,"_exactmetrics_sitenote_note":"","_exactmetrics_sitenote_category":0,"jetpack_post_was_ever_published":false,"_jetpack_newsletter_access":"","_jetpack_dont_email_post_to_subs":false,"_jetpack_newsletter_tier_id":0,"_jetpack_memberships_contains_paywalled_content":false,"_jetpack_memberships_contains_paid_content":false,"footnotes":"","jetpack_publicize_message":"","jetpack_publicize_feature_enabled":true,"jetpack_social_post_already_shared":true,"jetpack_social_options":{"image_generator_settings":{"template":"highway","enabled":false},"version":2}},"categories":[1],"tags":[],"class_list":["post-23008","post","type-post","status-publish","format-standard","hentry","category-notas"],"jetpack_publicize_connections":[],"jetpack_sharing_enabled":true,"jetpack_featured_media_url":"","jetpack_shortlink":"https:\/\/wp.me\/p7wKYW-5Z6","jetpack-related-posts":[],"_links":{"self":[{"href":"http:\/\/blogdalucianaoliveira.com.br\/blog\/wp-json\/wp\/v2\/posts\/23008","targetHints":{"allow":["GET"]}}],"collection":[{"href":"http:\/\/blogdalucianaoliveira.com.br\/blog\/wp-json\/wp\/v2\/posts"}],"about":[{"href":"http:\/\/blogdalucianaoliveira.com.br\/blog\/wp-json\/wp\/v2\/types\/post"}],"author":[{"embeddable":true,"href":"http:\/\/blogdalucianaoliveira.com.br\/blog\/wp-json\/wp\/v2\/users\/1"}],"replies":[{"embeddable":true,"href":"http:\/\/blogdalucianaoliveira.com.br\/blog\/wp-json\/wp\/v2\/comments?post=23008"}],"version-history":[{"count":1,"href":"http:\/\/blogdalucianaoliveira.com.br\/blog\/wp-json\/wp\/v2\/posts\/23008\/revisions"}],"predecessor-version":[{"id":23010,"href":"http:\/\/blogdalucianaoliveira.com.br\/blog\/wp-json\/wp\/v2\/posts\/23008\/revisions\/23010"}],"wp:attachment":[{"href":"http:\/\/blogdalucianaoliveira.com.br\/blog\/wp-json\/wp\/v2\/media?parent=23008"}],"wp:term":[{"taxonomy":"category","embeddable":true,"href":"http:\/\/blogdalucianaoliveira.com.br\/blog\/wp-json\/wp\/v2\/categories?post=23008"},{"taxonomy":"post_tag","embeddable":true,"href":"http:\/\/blogdalucianaoliveira.com.br\/blog\/wp-json\/wp\/v2\/tags?post=23008"}],"curies":[{"name":"wp","href":"https:\/\/api.w.org\/{rel}","templated":true}]}}