{"id":23014,"date":"2019-07-31T17:23:11","date_gmt":"2019-07-31T21:23:11","guid":{"rendered":"http:\/\/blogdalucianaoliveira.com.br\/blog\/?p=23014"},"modified":"2022-02-08T08:20:37","modified_gmt":"2022-02-08T12:20:37","slug":"professora-que-faz-campanha-por-exoneracao-de-reitor-foi-demitida-por-conduta-impropria","status":"publish","type":"post","link":"http:\/\/blogdalucianaoliveira.com.br\/blog\/2019\/07\/31\/professora-que-faz-campanha-por-exoneracao-de-reitor-foi-demitida-por-conduta-impropria\/","title":{"rendered":"Professora que faz campanha por exonera\u00e7\u00e3o de reitor foi demitida por conduta impr\u00f3pria"},"content":{"rendered":"<p><img data-recalc-dims=\"1\" loading=\"lazy\" decoding=\"async\" data-attachment-id=\"23015\" data-permalink=\"http:\/\/blogdalucianaoliveira.com.br\/blog\/2019\/07\/31\/professora-que-faz-campanha-por-exoneracao-de-reitor-foi-demitida-por-conduta-impropria\/capa-3\/\" data-orig-file=\"https:\/\/i0.wp.com\/blogdalucianaoliveira.com.br\/blog\/wp-content\/uploads\/2019\/07\/CAPA.jpeg?fit=1200%2C630\" data-orig-size=\"1200,630\" data-comments-opened=\"0\" data-image-meta=\"{&quot;aperture&quot;:&quot;0&quot;,&quot;credit&quot;:&quot;&quot;,&quot;camera&quot;:&quot;&quot;,&quot;caption&quot;:&quot;&quot;,&quot;created_timestamp&quot;:&quot;0&quot;,&quot;copyright&quot;:&quot;&quot;,&quot;focal_length&quot;:&quot;0&quot;,&quot;iso&quot;:&quot;0&quot;,&quot;shutter_speed&quot;:&quot;0&quot;,&quot;title&quot;:&quot;&quot;,&quot;orientation&quot;:&quot;0&quot;}\" data-image-title=\"CAPA\" data-image-description=\"\" data-image-caption=\"\" data-medium-file=\"https:\/\/i0.wp.com\/blogdalucianaoliveira.com.br\/blog\/wp-content\/uploads\/2019\/07\/CAPA.jpeg?fit=300%2C158\" data-large-file=\"https:\/\/i0.wp.com\/blogdalucianaoliveira.com.br\/blog\/wp-content\/uploads\/2019\/07\/CAPA.jpeg?fit=600%2C315\" class=\"alignnone size-full wp-image-23015\" src=\"https:\/\/i0.wp.com\/blogdalucianaoliveira.com.br\/blog\/wp-content\/uploads\/2019\/07\/CAPA.jpeg?resize=600%2C315\" alt=\"CAPA\" width=\"600\" height=\"315\" srcset=\"https:\/\/i0.wp.com\/blogdalucianaoliveira.com.br\/blog\/wp-content\/uploads\/2019\/07\/CAPA.jpeg?w=1200 1200w, https:\/\/i0.wp.com\/blogdalucianaoliveira.com.br\/blog\/wp-content\/uploads\/2019\/07\/CAPA.jpeg?resize=300%2C158 300w, https:\/\/i0.wp.com\/blogdalucianaoliveira.com.br\/blog\/wp-content\/uploads\/2019\/07\/CAPA.jpeg?resize=768%2C403 768w, https:\/\/i0.wp.com\/blogdalucianaoliveira.com.br\/blog\/wp-content\/uploads\/2019\/07\/CAPA.jpeg?resize=1024%2C538 1024w, https:\/\/i0.wp.com\/blogdalucianaoliveira.com.br\/blog\/wp-content\/uploads\/2019\/07\/CAPA.jpeg?resize=571%2C300 571w\" sizes=\"auto, (max-width: 600px) 100vw, 600px\" \/><\/p>\n<p><em>Vict\u00f3ria se disse v\u00edtima de discrimina\u00e7\u00e3o, mas Sindic\u00e2ncia provou o contr\u00e1rio<\/em><br \/>\n<!--more--><\/p>\n<p>No cap\u00edtulo de abertura desta s\u00e9rie de reportagens sobre o comportamento de Vict\u00f3ria Bacon, a l\u00edder de um levante moralista contra o reitor da Universidade Federal de Rond\u00f4nia (UNIR), Ari Ott, o Blog da Luciana Oliveira apresentou desde o in\u00edcio a conclus\u00e3o dos fatos.<\/p>\n<p>A professora foi demitida do Estado em 2009 ap\u00f3s passar por Sindic\u00e2ncia Administrativa cujo resultado fora convalidado tanto pelo Minist\u00e9rio P\u00fablico (MP\/RO) quanto atrav\u00e9s do Tribunal de Justi\u00e7a (TJ\/RO).<\/p>\n<p>Na segunda parte, a reportagem exp\u00f5e detalhes sobre depoimentos de alunos e servidores de escolas por onde a jornalista passou \u00e0 ocasi\u00e3o da doc\u00eancia tempor\u00e1ria. Descreve, ainda, como Vict\u00f3ria Bacon tentou minar as declara\u00e7\u00f5es negativas se portando como v\u00edtima de discrimina\u00e7\u00e3o, vers\u00e3o recha\u00e7ada em todas as etapas, da investiga\u00e7\u00e3o administrativa ao ac\u00f3rd\u00e3o un\u00e2nime.<\/p>\n<p>Vale ressaltar que em seu perfil no Facebook, se declara contra cotas para transg\u00eaneros em universidades p\u00fablicas.<\/p>\n<p>\u201cTransexuais s\u00e3o de uma casta superior? Como querem inclus\u00e3o e valores iguais para todos se ficam fazendo concess\u00f5es especiais, como este estapaf\u00fardio vestibular?\u201d (Rondoniaovivo)<\/p>\n<p>Bolsonarista que comemora com frequ\u00eancia a popularidade do presidente nas redes sociais, Vict\u00f3ria n\u00e3o se incomoda com as declara\u00e7\u00f5es homof\u00f3bicas de Jair Bolsonaro.<\/p>\n<p>Nunca na hist\u00f3ria deste pa\u00eds, um presidente estimulou tanta discrimina\u00e7\u00e3o \u00e0 comunidade LGBT.<\/p>\n<p>O objetivo desta reportagem \u00e9 demonstrar que n\u00e3o cabe indigna\u00e7\u00e3o \u00e0 Victoria Bacon por conta das falas do reitor em tom jocoso. Muito menos, campanha para que seja exonerado.<\/p>\n<p>\u00c9 tamb\u00e9m para que a luta contra a discrimina\u00e7\u00e3o por orienta\u00e7\u00e3o sexual n\u00e3o seja confundida e prejudique quem de fato sofre com a intoler\u00e2ncia e o preconceito, compromisso inarred\u00e1vel deste blog.<\/p>\n<p>As justificativas de Vict\u00f3ria Bacon de que sofria discrimina\u00e7\u00e3o foram fulminadas durante as investiga\u00e7\u00f5es desencadeadas no \u00e2mbito da Sindic\u00e2ncia Administrativa.<\/p>\n<p>Ela tentou \u2013 inclusive via imprensa \u2013 pulverizar a vers\u00e3o do preconceito; tecnicamente, a defesa tinha a n\u00edtida inten\u00e7\u00e3o de minar a credibilidade do processo a fim de chamar a aten\u00e7\u00e3o de \u00f3rg\u00e3os como o pr\u00f3prio Minist\u00e9rio P\u00fablico Federal (MPF\/RO) e tamb\u00e9m blind\u00e1-la ante a opini\u00e3o p\u00fablica.<\/p>\n<p>Ao depor na Comiss\u00e3o de Sindic\u00e2ncia, disse que de apenas uma turma de alunos teve queixas sobre seu comportamento, que um pequeno grupo fazia de tudo para influenciar os demais, o que afetava cerca de 30%.<\/p>\n<p>\u201cQue esclarece que desde o primeiro momento que apresentou-se naquela escola, considerando que sentiu que havia discrimina\u00e7\u00e3o e preconceito em raz\u00e3o de sua pessoa\u201d.<\/p>\n<p>Ocorre que ao final das investiga\u00e7\u00f5es restou comprovado que o ato de exibir a genit\u00e1lia e \u201cgesticular com conota\u00e7\u00e3o sexual\u201d era queixa de alunos de v\u00e1rias escolas.<\/p>\n<p><img data-recalc-dims=\"1\" loading=\"lazy\" decoding=\"async\" data-attachment-id=\"23016\" data-permalink=\"http:\/\/blogdalucianaoliveira.com.br\/blog\/2019\/07\/31\/professora-que-faz-campanha-por-exoneracao-de-reitor-foi-demitida-por-conduta-impropria\/miolo-conclusion\/\" data-orig-file=\"https:\/\/i0.wp.com\/blogdalucianaoliveira.com.br\/blog\/wp-content\/uploads\/2019\/07\/MIOLO-CONCLUSION.jpeg?fit=1000%2C1000\" data-orig-size=\"1000,1000\" data-comments-opened=\"0\" data-image-meta=\"{&quot;aperture&quot;:&quot;0&quot;,&quot;credit&quot;:&quot;&quot;,&quot;camera&quot;:&quot;&quot;,&quot;caption&quot;:&quot;&quot;,&quot;created_timestamp&quot;:&quot;0&quot;,&quot;copyright&quot;:&quot;&quot;,&quot;focal_length&quot;:&quot;0&quot;,&quot;iso&quot;:&quot;0&quot;,&quot;shutter_speed&quot;:&quot;0&quot;,&quot;title&quot;:&quot;&quot;,&quot;orientation&quot;:&quot;0&quot;}\" data-image-title=\"MIOLO-CONCLUSION\" data-image-description=\"\" data-image-caption=\"\" data-medium-file=\"https:\/\/i0.wp.com\/blogdalucianaoliveira.com.br\/blog\/wp-content\/uploads\/2019\/07\/MIOLO-CONCLUSION.jpeg?fit=300%2C300\" data-large-file=\"https:\/\/i0.wp.com\/blogdalucianaoliveira.com.br\/blog\/wp-content\/uploads\/2019\/07\/MIOLO-CONCLUSION.jpeg?fit=600%2C600\" class=\"alignnone size-full wp-image-23016\" src=\"https:\/\/i0.wp.com\/blogdalucianaoliveira.com.br\/blog\/wp-content\/uploads\/2019\/07\/MIOLO-CONCLUSION.jpeg?resize=600%2C600\" alt=\"MIOLO-CONCLUSION\" width=\"600\" height=\"600\" srcset=\"https:\/\/i0.wp.com\/blogdalucianaoliveira.com.br\/blog\/wp-content\/uploads\/2019\/07\/MIOLO-CONCLUSION.jpeg?w=1000 1000w, https:\/\/i0.wp.com\/blogdalucianaoliveira.com.br\/blog\/wp-content\/uploads\/2019\/07\/MIOLO-CONCLUSION.jpeg?resize=150%2C150 150w, https:\/\/i0.wp.com\/blogdalucianaoliveira.com.br\/blog\/wp-content\/uploads\/2019\/07\/MIOLO-CONCLUSION.jpeg?resize=300%2C300 300w, https:\/\/i0.wp.com\/blogdalucianaoliveira.com.br\/blog\/wp-content\/uploads\/2019\/07\/MIOLO-CONCLUSION.jpeg?resize=768%2C768 768w\" sizes=\"auto, (max-width: 600px) 100vw, 600px\" \/><\/p>\n<p>Como a \u00edntegra do Processo Administrativo Disciplinar (PAD) jamais fora divulgado ou acessado por quem quer que seja, a vers\u00e3o de Vict\u00f3ria sobre persegui\u00e7\u00e3o, conluio e homofobia remanesceu at\u00e9 agora. Mas s\u00f3 at\u00e9 agora.<\/p>\n<p>Como dito na primeira parte da s\u00e9rie de reportagens acerca dos ataques ao reitor da Universidade Federal de Rond\u00f4nia (UNIR), o m\u00e9dico Ari Ott, o Blog da Luciana teve acesso exclusivo a 13 documentos extensos anexados aos autos n\u00ba 0000716-92.2010.822.0000.<\/p>\n<p>A farta documenta\u00e7\u00e3o obtida demonstra que a l\u00edder da cruzada moralista intentada, na pr\u00e1tica, contraria tudo o que prega.<\/p>\n<p><strong>CITA\u00c7\u00d5ES REVELAM COMPORTAMENTO OBSCENO DE VICT\u00d3RIA BACON<\/strong><\/p>\n<p><img data-recalc-dims=\"1\" loading=\"lazy\" decoding=\"async\" data-attachment-id=\"23017\" data-permalink=\"http:\/\/blogdalucianaoliveira.com.br\/blog\/2019\/07\/31\/professora-que-faz-campanha-por-exoneracao-de-reitor-foi-demitida-por-conduta-impropria\/miolo-depoimentos\/\" data-orig-file=\"https:\/\/i0.wp.com\/blogdalucianaoliveira.com.br\/blog\/wp-content\/uploads\/2019\/07\/MIOLO-DEPOIMENTOS.jpeg?fit=1000%2C1000\" data-orig-size=\"1000,1000\" data-comments-opened=\"0\" data-image-meta=\"{&quot;aperture&quot;:&quot;0&quot;,&quot;credit&quot;:&quot;&quot;,&quot;camera&quot;:&quot;&quot;,&quot;caption&quot;:&quot;&quot;,&quot;created_timestamp&quot;:&quot;0&quot;,&quot;copyright&quot;:&quot;&quot;,&quot;focal_length&quot;:&quot;0&quot;,&quot;iso&quot;:&quot;0&quot;,&quot;shutter_speed&quot;:&quot;0&quot;,&quot;title&quot;:&quot;&quot;,&quot;orientation&quot;:&quot;0&quot;}\" data-image-title=\"MIOLO-DEPOIMENTOS\" data-image-description=\"\" data-image-caption=\"\" data-medium-file=\"https:\/\/i0.wp.com\/blogdalucianaoliveira.com.br\/blog\/wp-content\/uploads\/2019\/07\/MIOLO-DEPOIMENTOS.jpeg?fit=300%2C300\" data-large-file=\"https:\/\/i0.wp.com\/blogdalucianaoliveira.com.br\/blog\/wp-content\/uploads\/2019\/07\/MIOLO-DEPOIMENTOS.jpeg?fit=600%2C600\" class=\"alignnone size-full wp-image-23017\" src=\"https:\/\/i0.wp.com\/blogdalucianaoliveira.com.br\/blog\/wp-content\/uploads\/2019\/07\/MIOLO-DEPOIMENTOS.jpeg?resize=600%2C600\" alt=\"MIOLO-DEPOIMENTOS\" width=\"600\" height=\"600\" srcset=\"https:\/\/i0.wp.com\/blogdalucianaoliveira.com.br\/blog\/wp-content\/uploads\/2019\/07\/MIOLO-DEPOIMENTOS.jpeg?w=1000 1000w, https:\/\/i0.wp.com\/blogdalucianaoliveira.com.br\/blog\/wp-content\/uploads\/2019\/07\/MIOLO-DEPOIMENTOS.jpeg?resize=150%2C150 150w, https:\/\/i0.wp.com\/blogdalucianaoliveira.com.br\/blog\/wp-content\/uploads\/2019\/07\/MIOLO-DEPOIMENTOS.jpeg?resize=300%2C300 300w, https:\/\/i0.wp.com\/blogdalucianaoliveira.com.br\/blog\/wp-content\/uploads\/2019\/07\/MIOLO-DEPOIMENTOS.jpeg?resize=768%2C768 768w\" sizes=\"auto, (max-width: 600px) 100vw, 600px\" \/><\/p>\n<p><img data-recalc-dims=\"1\" loading=\"lazy\" decoding=\"async\" data-attachment-id=\"23018\" data-permalink=\"http:\/\/blogdalucianaoliveira.com.br\/blog\/2019\/07\/31\/professora-que-faz-campanha-por-exoneracao-de-reitor-foi-demitida-por-conduta-impropria\/depo02-alunovic\/\" data-orig-file=\"https:\/\/i0.wp.com\/blogdalucianaoliveira.com.br\/blog\/wp-content\/uploads\/2019\/07\/DEPO02-ALUNOVIC.jpeg?fit=1000%2C1000\" data-orig-size=\"1000,1000\" data-comments-opened=\"0\" data-image-meta=\"{&quot;aperture&quot;:&quot;0&quot;,&quot;credit&quot;:&quot;&quot;,&quot;camera&quot;:&quot;&quot;,&quot;caption&quot;:&quot;&quot;,&quot;created_timestamp&quot;:&quot;0&quot;,&quot;copyright&quot;:&quot;&quot;,&quot;focal_length&quot;:&quot;0&quot;,&quot;iso&quot;:&quot;0&quot;,&quot;shutter_speed&quot;:&quot;0&quot;,&quot;title&quot;:&quot;&quot;,&quot;orientation&quot;:&quot;0&quot;}\" data-image-title=\"DEPO02-ALUNOVIC\" data-image-description=\"\" data-image-caption=\"\" data-medium-file=\"https:\/\/i0.wp.com\/blogdalucianaoliveira.com.br\/blog\/wp-content\/uploads\/2019\/07\/DEPO02-ALUNOVIC.jpeg?fit=300%2C300\" data-large-file=\"https:\/\/i0.wp.com\/blogdalucianaoliveira.com.br\/blog\/wp-content\/uploads\/2019\/07\/DEPO02-ALUNOVIC.jpeg?fit=600%2C600\" class=\"alignnone size-full wp-image-23018\" src=\"https:\/\/i0.wp.com\/blogdalucianaoliveira.com.br\/blog\/wp-content\/uploads\/2019\/07\/DEPO02-ALUNOVIC.jpeg?resize=600%2C600\" alt=\"DEPO02-ALUNOVIC\" width=\"600\" height=\"600\" srcset=\"https:\/\/i0.wp.com\/blogdalucianaoliveira.com.br\/blog\/wp-content\/uploads\/2019\/07\/DEPO02-ALUNOVIC.jpeg?w=1000 1000w, https:\/\/i0.wp.com\/blogdalucianaoliveira.com.br\/blog\/wp-content\/uploads\/2019\/07\/DEPO02-ALUNOVIC.jpeg?resize=150%2C150 150w, https:\/\/i0.wp.com\/blogdalucianaoliveira.com.br\/blog\/wp-content\/uploads\/2019\/07\/DEPO02-ALUNOVIC.jpeg?resize=300%2C300 300w, https:\/\/i0.wp.com\/blogdalucianaoliveira.com.br\/blog\/wp-content\/uploads\/2019\/07\/DEPO02-ALUNOVIC.jpeg?resize=768%2C768 768w\" sizes=\"auto, (max-width: 600px) 100vw, 600px\" \/><\/p>\n<p><strong>01) Sexo ativo e passivo: uma aula sobre Newton<\/strong><\/p>\n<p>Vict\u00f3ria Bacon teve de se explicar sobre di\u00e1logo de cunho sexual mantido \u201cconstantemente\u201d com um \u00fanico aluno. Ela explicava a ele as diferen\u00e7as entre ser passivo ou ativo.<\/p>\n<p>Quando prestou depoimento \u00e0 comiss\u00e3o respons\u00e1vel pelo Processo Administrativo Disciplinar (PAD), alegou que ocorreu uma \u00fanica vez durante uma aula em que explicava sobre as leis de Newton, falando sobre os princ\u00edpios da in\u00e9rcia e da a\u00e7\u00e3o e rea\u00e7\u00e3o.<\/p>\n<p><strong>02) A fechadura<\/strong><\/p>\n<p>Um aluno de uma escola estadual, onde Vit\u00f3ria Bacon tamb\u00e9m lecionou, prestou depoimento no PAD em que a professora fora investigada. Ele relatou que, certa vez, Bacon parou diante de uma porta sem ma\u00e7aneta e disse para os alunos que iria ensin\u00e1-los a meter \u201co dedo no buraco\u201d.<\/p>\n<p><strong>03) \u201cEu n\u00e3o posso ficar sem chupar\u201d<\/strong><\/p>\n<p>A frase que d\u00e1 t\u00edtulo a este t\u00f3pico foi reproduzida pelo mesmo aluno que contou a os fatos sobre o buraco da fechadura. Ele disse que, antes disso, Vict\u00f3ria praticava atos que deixavam os alunos constrangidos.<\/p>\n<p>Em uma das aulas, a professora teria dito:<\/p>\n<p>\u201cEu n\u00e3o posso ficar sem chupar\u201d, e pediu para um dos alunos buscar um sorvete. Ainda de acordo com o documento, quando Vict\u00f3ria pegou o sorvete come\u00e7ou a chup\u00e1-lo \u201cde forma er\u00f3tica e com gestos obscenos\u201d.<\/p>\n<p><strong>04) Pernas abertas e test\u00edculos \u00e0 mostra<\/strong><\/p>\n<p>Tamb\u00e9m \u00e9 mencionado que Vict\u00f3ria Bacon se mexia na cadeira para arrumar seu vestido. Mas, quando se sentava de frente para os alunos, mantinha as pernas abertas. Os alunos mais adiante n\u00e3o conseguiam escapar da vis\u00e3o e acabavam vendo os \u201ctest\u00edculos da professora Vict\u00f3ria\u201d.<\/p>\n<p><strong>05) O parecer do procurador de Justi\u00e7a<\/strong><\/p>\n<p><img data-recalc-dims=\"1\" loading=\"lazy\" decoding=\"async\" data-attachment-id=\"23019\" data-permalink=\"http:\/\/blogdalucianaoliveira.com.br\/blog\/2019\/07\/31\/professora-que-faz-campanha-por-exoneracao-de-reitor-foi-demitida-por-conduta-impropria\/parecer\/\" data-orig-file=\"https:\/\/i0.wp.com\/blogdalucianaoliveira.com.br\/blog\/wp-content\/uploads\/2019\/07\/PARECER.jpg?fit=960%2C633\" data-orig-size=\"960,633\" data-comments-opened=\"0\" data-image-meta=\"{&quot;aperture&quot;:&quot;0&quot;,&quot;credit&quot;:&quot;&quot;,&quot;camera&quot;:&quot;&quot;,&quot;caption&quot;:&quot;&quot;,&quot;created_timestamp&quot;:&quot;0&quot;,&quot;copyright&quot;:&quot;&quot;,&quot;focal_length&quot;:&quot;0&quot;,&quot;iso&quot;:&quot;0&quot;,&quot;shutter_speed&quot;:&quot;0&quot;,&quot;title&quot;:&quot;&quot;,&quot;orientation&quot;:&quot;1&quot;}\" data-image-title=\"PARECER\" data-image-description=\"\" data-image-caption=\"\" data-medium-file=\"https:\/\/i0.wp.com\/blogdalucianaoliveira.com.br\/blog\/wp-content\/uploads\/2019\/07\/PARECER.jpg?fit=300%2C198\" data-large-file=\"https:\/\/i0.wp.com\/blogdalucianaoliveira.com.br\/blog\/wp-content\/uploads\/2019\/07\/PARECER.jpg?fit=600%2C396\" class=\"alignnone size-full wp-image-23019\" src=\"https:\/\/i0.wp.com\/blogdalucianaoliveira.com.br\/blog\/wp-content\/uploads\/2019\/07\/PARECER.jpg?resize=600%2C396\" alt=\"PARECER\" width=\"600\" height=\"396\" srcset=\"https:\/\/i0.wp.com\/blogdalucianaoliveira.com.br\/blog\/wp-content\/uploads\/2019\/07\/PARECER.jpg?w=960 960w, https:\/\/i0.wp.com\/blogdalucianaoliveira.com.br\/blog\/wp-content\/uploads\/2019\/07\/PARECER.jpg?resize=300%2C198 300w, https:\/\/i0.wp.com\/blogdalucianaoliveira.com.br\/blog\/wp-content\/uploads\/2019\/07\/PARECER.jpg?resize=768%2C506 768w, https:\/\/i0.wp.com\/blogdalucianaoliveira.com.br\/blog\/wp-content\/uploads\/2019\/07\/PARECER.jpg?resize=455%2C300 455w\" sizes=\"auto, (max-width: 600px) 100vw, 600px\" \/><\/p>\n<p>O parecer \u00e9 bem respaldado juridicamente. Mas o que chama a aten\u00e7\u00e3o de forma mais contundente \u00e9 o questionamento final apresentado pelo procurador de Justi\u00e7a J\u00falio C\u00e9sar do Amaral Thom\u00e9.<\/p>\n<p>\u201cO que ser\u00e1 que acrescenta \u00e0 vida de alunos a conduta de um profissional que vai \u00e0 sala de aula sem calcinha e deixa a genit\u00e1lia \u00e0 mostra a toda a classe?\u201d.<\/p>\n<p>Por fim, \u00e9 preciso repetir que a decis\u00e3o da Sindic\u00e2ncia Administrativa foi reafirmada em parecer de lavra do Minist\u00e9rio P\u00fablico (MP\/RO) e, por fim, em ac\u00f3rd\u00e3o un\u00e2nime proferido no dia 1\u00ba de junho de 2010 pela 2\u00aa C\u00e2mara Especial do Tribunal de Justi\u00e7a (TJ\/RO) com base no voto do desembargador Renato Martins Mimessi.<\/p>\n<p><img data-recalc-dims=\"1\" loading=\"lazy\" decoding=\"async\" data-attachment-id=\"23020\" data-permalink=\"http:\/\/blogdalucianaoliveira.com.br\/blog\/2019\/07\/31\/professora-que-faz-campanha-por-exoneracao-de-reitor-foi-demitida-por-conduta-impropria\/acordao\/\" data-orig-file=\"https:\/\/i0.wp.com\/blogdalucianaoliveira.com.br\/blog\/wp-content\/uploads\/2019\/07\/ACORDAO.jpg?fit=960%2C747\" data-orig-size=\"960,747\" data-comments-opened=\"0\" data-image-meta=\"{&quot;aperture&quot;:&quot;0&quot;,&quot;credit&quot;:&quot;&quot;,&quot;camera&quot;:&quot;&quot;,&quot;caption&quot;:&quot;&quot;,&quot;created_timestamp&quot;:&quot;0&quot;,&quot;copyright&quot;:&quot;&quot;,&quot;focal_length&quot;:&quot;0&quot;,&quot;iso&quot;:&quot;0&quot;,&quot;shutter_speed&quot;:&quot;0&quot;,&quot;title&quot;:&quot;&quot;,&quot;orientation&quot;:&quot;1&quot;}\" data-image-title=\"ACORDAO\" data-image-description=\"\" data-image-caption=\"\" data-medium-file=\"https:\/\/i0.wp.com\/blogdalucianaoliveira.com.br\/blog\/wp-content\/uploads\/2019\/07\/ACORDAO.jpg?fit=300%2C233\" data-large-file=\"https:\/\/i0.wp.com\/blogdalucianaoliveira.com.br\/blog\/wp-content\/uploads\/2019\/07\/ACORDAO.jpg?fit=600%2C467\" class=\"alignnone size-full wp-image-23020\" src=\"https:\/\/i0.wp.com\/blogdalucianaoliveira.com.br\/blog\/wp-content\/uploads\/2019\/07\/ACORDAO.jpg?resize=600%2C467\" alt=\"ACORDAO\" width=\"600\" height=\"467\" srcset=\"https:\/\/i0.wp.com\/blogdalucianaoliveira.com.br\/blog\/wp-content\/uploads\/2019\/07\/ACORDAO.jpg?w=960 960w, https:\/\/i0.wp.com\/blogdalucianaoliveira.com.br\/blog\/wp-content\/uploads\/2019\/07\/ACORDAO.jpg?resize=300%2C233 300w, https:\/\/i0.wp.com\/blogdalucianaoliveira.com.br\/blog\/wp-content\/uploads\/2019\/07\/ACORDAO.jpg?resize=768%2C598 768w, https:\/\/i0.wp.com\/blogdalucianaoliveira.com.br\/blog\/wp-content\/uploads\/2019\/07\/ACORDAO.jpg?resize=386%2C300 386w\" sizes=\"auto, (max-width: 600px) 100vw, 600px\" \/><\/p>\n<p>Vict\u00f3ria segue em campanha para que o reitor seja exonerado.<\/p>\n<p>No Facebook, anunciou o encaminhamento do que chama de \u201cpedido de puni\u00e7\u00e3o\u201d, sem dizer por qual crime.<\/p>\n<p><img data-recalc-dims=\"1\" loading=\"lazy\" decoding=\"async\" data-attachment-id=\"23022\" data-permalink=\"http:\/\/blogdalucianaoliveira.com.br\/blog\/2019\/07\/31\/professora-que-faz-campanha-por-exoneracao-de-reitor-foi-demitida-por-conduta-impropria\/img-20190731-wa0154\/\" data-orig-file=\"https:\/\/i0.wp.com\/blogdalucianaoliveira.com.br\/blog\/wp-content\/uploads\/2019\/07\/IMG-20190731-WA0154.jpg?fit=1000%2C1000\" data-orig-size=\"1000,1000\" data-comments-opened=\"0\" data-image-meta=\"{&quot;aperture&quot;:&quot;0&quot;,&quot;credit&quot;:&quot;&quot;,&quot;camera&quot;:&quot;&quot;,&quot;caption&quot;:&quot;&quot;,&quot;created_timestamp&quot;:&quot;0&quot;,&quot;copyright&quot;:&quot;&quot;,&quot;focal_length&quot;:&quot;0&quot;,&quot;iso&quot;:&quot;0&quot;,&quot;shutter_speed&quot;:&quot;0&quot;,&quot;title&quot;:&quot;&quot;,&quot;orientation&quot;:&quot;0&quot;}\" data-image-title=\"IMG-20190731-WA0154\" data-image-description=\"\" data-image-caption=\"\" data-medium-file=\"https:\/\/i0.wp.com\/blogdalucianaoliveira.com.br\/blog\/wp-content\/uploads\/2019\/07\/IMG-20190731-WA0154.jpg?fit=300%2C300\" data-large-file=\"https:\/\/i0.wp.com\/blogdalucianaoliveira.com.br\/blog\/wp-content\/uploads\/2019\/07\/IMG-20190731-WA0154.jpg?fit=600%2C600\" class=\"alignnone size-full wp-image-23022\" src=\"https:\/\/i0.wp.com\/blogdalucianaoliveira.com.br\/blog\/wp-content\/uploads\/2019\/07\/IMG-20190731-WA0154.jpg?resize=600%2C600\" alt=\"IMG-20190731-WA0154\" width=\"600\" height=\"600\" srcset=\"https:\/\/i0.wp.com\/blogdalucianaoliveira.com.br\/blog\/wp-content\/uploads\/2019\/07\/IMG-20190731-WA0154.jpg?w=1000 1000w, https:\/\/i0.wp.com\/blogdalucianaoliveira.com.br\/blog\/wp-content\/uploads\/2019\/07\/IMG-20190731-WA0154.jpg?resize=150%2C150 150w, https:\/\/i0.wp.com\/blogdalucianaoliveira.com.br\/blog\/wp-content\/uploads\/2019\/07\/IMG-20190731-WA0154.jpg?resize=300%2C300 300w, https:\/\/i0.wp.com\/blogdalucianaoliveira.com.br\/blog\/wp-content\/uploads\/2019\/07\/IMG-20190731-WA0154.jpg?resize=768%2C768 768w\" sizes=\"auto, (max-width: 600px) 100vw, 600px\" \/><\/p>\n<p>At\u00e9 o momento, o reitor n\u00e3o foi tema do programa Domingo Espetacular, na Record, como propagandeado h\u00e1 duas semanas.<\/p>\n","protected":false},"excerpt":{"rendered":"<p>Vict\u00f3ria se disse v\u00edtima de discrimina\u00e7\u00e3o, mas Sindic\u00e2ncia provou o contr\u00e1rio<\/p>\n","protected":false},"author":1,"featured_media":0,"comment_status":"closed","ping_status":"open","sticky":false,"template":"","format":"standard","meta":{"_exactmetrics_skip_tracking":false,"_exactmetrics_sitenote_active":false,"_exactmetrics_sitenote_note":"","_exactmetrics_sitenote_category":0,"jetpack_post_was_ever_published":false,"_jetpack_newsletter_access":"","_jetpack_dont_email_post_to_subs":false,"_jetpack_newsletter_tier_id":0,"_jetpack_memberships_contains_paywalled_content":false,"_jetpack_memberships_contains_paid_content":false,"footnotes":"","jetpack_publicize_message":"","jetpack_publicize_feature_enabled":true,"jetpack_social_post_already_shared":true,"jetpack_social_options":{"image_generator_settings":{"template":"highway","enabled":false},"version":2}},"categories":[1],"tags":[389,388],"class_list":["post-23014","post","type-post","status-publish","format-standard","hentry","category-notas","tag-reitor","tag-victoria-bacon"],"jetpack_publicize_connections":[],"jetpack_sharing_enabled":true,"jetpack_featured_media_url":"","jetpack_shortlink":"https:\/\/wp.me\/p7wKYW-5Zc","jetpack-related-posts":[],"_links":{"self":[{"href":"http:\/\/blogdalucianaoliveira.com.br\/blog\/wp-json\/wp\/v2\/posts\/23014","targetHints":{"allow":["GET"]}}],"collection":[{"href":"http:\/\/blogdalucianaoliveira.com.br\/blog\/wp-json\/wp\/v2\/posts"}],"about":[{"href":"http:\/\/blogdalucianaoliveira.com.br\/blog\/wp-json\/wp\/v2\/types\/post"}],"author":[{"embeddable":true,"href":"http:\/\/blogdalucianaoliveira.com.br\/blog\/wp-json\/wp\/v2\/users\/1"}],"replies":[{"embeddable":true,"href":"http:\/\/blogdalucianaoliveira.com.br\/blog\/wp-json\/wp\/v2\/comments?post=23014"}],"version-history":[{"count":5,"href":"http:\/\/blogdalucianaoliveira.com.br\/blog\/wp-json\/wp\/v2\/posts\/23014\/revisions"}],"predecessor-version":[{"id":29417,"href":"http:\/\/blogdalucianaoliveira.com.br\/blog\/wp-json\/wp\/v2\/posts\/23014\/revisions\/29417"}],"wp:attachment":[{"href":"http:\/\/blogdalucianaoliveira.com.br\/blog\/wp-json\/wp\/v2\/media?parent=23014"}],"wp:term":[{"taxonomy":"category","embeddable":true,"href":"http:\/\/blogdalucianaoliveira.com.br\/blog\/wp-json\/wp\/v2\/categories?post=23014"},{"taxonomy":"post_tag","embeddable":true,"href":"http:\/\/blogdalucianaoliveira.com.br\/blog\/wp-json\/wp\/v2\/tags?post=23014"}],"curies":[{"name":"wp","href":"https:\/\/api.w.org\/{rel}","templated":true}]}}