{"id":23033,"date":"2019-08-01T09:03:07","date_gmt":"2019-08-01T13:03:07","guid":{"rendered":"http:\/\/blogdalucianaoliveira.com.br\/blog\/?p=23033"},"modified":"2019-08-01T09:03:07","modified_gmt":"2019-08-01T13:03:07","slug":"kiko-nogueira-deltan-precisa-ser-preso-antes-de-acabar-com-provas-de-seus-delitos","status":"publish","type":"post","link":"http:\/\/blogdalucianaoliveira.com.br\/blog\/2019\/08\/01\/kiko-nogueira-deltan-precisa-ser-preso-antes-de-acabar-com-provas-de-seus-delitos\/","title":{"rendered":"Kiko Nogueira: Deltan precisa ser preso antes de acabar com provas de seus delitos"},"content":{"rendered":"<p><img data-recalc-dims=\"1\" loading=\"lazy\" decoding=\"async\" data-attachment-id=\"23037\" data-permalink=\"http:\/\/blogdalucianaoliveira.com.br\/blog\/2019\/08\/01\/kiko-nogueira-deltan-precisa-ser-preso-antes-de-acabar-com-provas-de-seus-delitos\/9f6d8c6a-9108-466b-9694-0cb20c1c5341\/\" data-orig-file=\"https:\/\/i0.wp.com\/blogdalucianaoliveira.com.br\/blog\/wp-content\/uploads\/2019\/08\/9F6D8C6A-9108-466B-9694-0CB20C1C5341.jpeg?fit=500%2C240\" data-orig-size=\"500,240\" data-comments-opened=\"0\" data-image-meta=\"{&quot;aperture&quot;:&quot;0&quot;,&quot;credit&quot;:&quot;&quot;,&quot;camera&quot;:&quot;&quot;,&quot;caption&quot;:&quot;&quot;,&quot;created_timestamp&quot;:&quot;0&quot;,&quot;copyright&quot;:&quot;&quot;,&quot;focal_length&quot;:&quot;0&quot;,&quot;iso&quot;:&quot;0&quot;,&quot;shutter_speed&quot;:&quot;0&quot;,&quot;title&quot;:&quot;&quot;,&quot;orientation&quot;:&quot;0&quot;}\" data-image-title=\"9F6D8C6A-9108-466B-9694-0CB20C1C5341\" data-image-description=\"\" data-image-caption=\"\" data-medium-file=\"https:\/\/i0.wp.com\/blogdalucianaoliveira.com.br\/blog\/wp-content\/uploads\/2019\/08\/9F6D8C6A-9108-466B-9694-0CB20C1C5341.jpeg?fit=300%2C144\" data-large-file=\"https:\/\/i0.wp.com\/blogdalucianaoliveira.com.br\/blog\/wp-content\/uploads\/2019\/08\/9F6D8C6A-9108-466B-9694-0CB20C1C5341.jpeg?fit=500%2C240\" src=\"https:\/\/i0.wp.com\/blogdalucianaoliveira.com.br\/blog\/wp-content\/uploads\/2019\/08\/9F6D8C6A-9108-466B-9694-0CB20C1C5341.jpeg?resize=500%2C240\" alt=\"9F6D8C6A-9108-466B-9694-0CB20C1C5341\" width=\"500\" height=\"240\" class=\"alignnone size-full wp-image-23037\" srcset=\"https:\/\/i0.wp.com\/blogdalucianaoliveira.com.br\/blog\/wp-content\/uploads\/2019\/08\/9F6D8C6A-9108-466B-9694-0CB20C1C5341.jpeg?w=500 500w, https:\/\/i0.wp.com\/blogdalucianaoliveira.com.br\/blog\/wp-content\/uploads\/2019\/08\/9F6D8C6A-9108-466B-9694-0CB20C1C5341.jpeg?resize=300%2C144 300w\" sizes=\"auto, (max-width: 500px) 100vw, 500px\" \/><\/p>\n<p>No DCM &#8211; Nova leva de di\u00e1logos da Vaza Jato mostram Deltan Dallagnol mandando investigar o ministro do Supremo Tribunal Federal Dias Toffoli, visto como inimigo da causa.<!--more--><\/p>\n<p>Dallagnol buscou informa\u00e7\u00f5es sobre as finan\u00e7as pessoais do atual presidente do STF e da mulher dele, Roberta Rangel, al\u00e9m de evid\u00eancias que os ligassem a empreiteiras. <\/p>\n<p>\u201cCaros, a OAS touxe a quest\u00e3o do apto do Toffoli?\u201d, diz ele, em 13 de julho de 2016, aos procuradores que negociavam com a empresa acordo de colabora\u00e7\u00e3o.<\/p>\n<p>\u201cQue eu saiba n\u00e3o\u201d, responde o promotor S\u00e9rgio Bruno Cabral Fernandes, de Bras\u00edlia.<\/p>\n<p>\u201cTemos que ver como abordar esse assunto. Com cautela\u201d, pede Dallagnol.<\/p>\n<p>Recorreu \u00e0 Receita Federal para levantar informa\u00e7\u00f5es sobre o escrit\u00f3rio de advocacia de Roberta.<\/p>\n<p>Gilmar Mendes tamb\u00e9m estava na mira.<\/p>\n<p>\u201cTem uma conversa de que haveria recebimentos cruzados pelas esposas do Toffoli e Gilmar\u201d, conta Deltan ao procurador Orlando Martello.<\/p>\n<p>\u201cTem mta especula\u00e7\u00e3o. Temos a prova disso na nossa base? Vc teve contato com isso?\u201d<\/p>\n<p>A Folha aponta que os magistrados STF n\u00e3o podem ser investigados por procuradores da primeira inst\u00e2ncia.<\/p>\n<p>Segundo a Constitui\u00e7\u00e3o, s\u00f3 com autoriza\u00e7\u00e3o do pr\u00f3prio tribunal, onde quem atua em nome do Minist\u00e9rio P\u00fablico Federal \u00e9 o procurador-geral da Rep\u00fablica.<\/p>\n<p>Pelos crit\u00e9rios da opera\u00e7\u00e3o que comandava com Sergio Moro, Dallagnol j\u00e1 estaria em cana. Preventiva na cabe\u00e7a.<\/p>\n<p>J\u00e1 falei disso e repito aqui: se fosse o que prega, j\u00e1 teria pedido demiss\u00e3o.<\/p>\n<p>Fosse o Brasil s\u00e9rio, estaria atr\u00e1s das grades.<\/p>\n<p>Ele precisa ser preso, entre outros motivos, antes de terminar de destruir as provas de seus crimes.<\/p>\n","protected":false},"excerpt":{"rendered":"<p>No DCM &#8211; Nova leva de di\u00e1logos da Vaza Jato mostram Deltan Dallagnol mandando investigar o ministro do Supremo Tribunal Federal Dias Toffoli, visto como inimigo da causa.<\/p>\n","protected":false},"author":1,"featured_media":0,"comment_status":"closed","ping_status":"open","sticky":false,"template":"","format":"standard","meta":{"_exactmetrics_skip_tracking":false,"_exactmetrics_sitenote_active":false,"_exactmetrics_sitenote_note":"","_exactmetrics_sitenote_category":0,"jetpack_post_was_ever_published":false,"_jetpack_newsletter_access":"","_jetpack_dont_email_post_to_subs":false,"_jetpack_newsletter_tier_id":0,"_jetpack_memberships_contains_paywalled_content":false,"_jetpack_memberships_contains_paid_content":false,"footnotes":"","jetpack_publicize_message":"","jetpack_publicize_feature_enabled":true,"jetpack_social_post_already_shared":true,"jetpack_social_options":{"image_generator_settings":{"template":"highway","enabled":false},"version":2}},"categories":[1],"tags":[],"class_list":["post-23033","post","type-post","status-publish","format-standard","hentry","category-notas"],"jetpack_publicize_connections":[],"jetpack_sharing_enabled":true,"jetpack_featured_media_url":"","jetpack_shortlink":"https:\/\/wp.me\/p7wKYW-5Zv","jetpack-related-posts":[],"_links":{"self":[{"href":"http:\/\/blogdalucianaoliveira.com.br\/blog\/wp-json\/wp\/v2\/posts\/23033","targetHints":{"allow":["GET"]}}],"collection":[{"href":"http:\/\/blogdalucianaoliveira.com.br\/blog\/wp-json\/wp\/v2\/posts"}],"about":[{"href":"http:\/\/blogdalucianaoliveira.com.br\/blog\/wp-json\/wp\/v2\/types\/post"}],"author":[{"embeddable":true,"href":"http:\/\/blogdalucianaoliveira.com.br\/blog\/wp-json\/wp\/v2\/users\/1"}],"replies":[{"embeddable":true,"href":"http:\/\/blogdalucianaoliveira.com.br\/blog\/wp-json\/wp\/v2\/comments?post=23033"}],"version-history":[{"count":1,"href":"http:\/\/blogdalucianaoliveira.com.br\/blog\/wp-json\/wp\/v2\/posts\/23033\/revisions"}],"predecessor-version":[{"id":23038,"href":"http:\/\/blogdalucianaoliveira.com.br\/blog\/wp-json\/wp\/v2\/posts\/23033\/revisions\/23038"}],"wp:attachment":[{"href":"http:\/\/blogdalucianaoliveira.com.br\/blog\/wp-json\/wp\/v2\/media?parent=23033"}],"wp:term":[{"taxonomy":"category","embeddable":true,"href":"http:\/\/blogdalucianaoliveira.com.br\/blog\/wp-json\/wp\/v2\/categories?post=23033"},{"taxonomy":"post_tag","embeddable":true,"href":"http:\/\/blogdalucianaoliveira.com.br\/blog\/wp-json\/wp\/v2\/tags?post=23033"}],"curies":[{"name":"wp","href":"https:\/\/api.w.org\/{rel}","templated":true}]}}