{"id":23039,"date":"2019-08-01T09:07:26","date_gmt":"2019-08-01T13:07:26","guid":{"rendered":"http:\/\/blogdalucianaoliveira.com.br\/blog\/?p=23039"},"modified":"2019-08-01T09:07:26","modified_gmt":"2019-08-01T13:07:26","slug":"deltan-virou-hacker-do-supremo-revelam-dialogos","status":"publish","type":"post","link":"http:\/\/blogdalucianaoliveira.com.br\/blog\/2019\/08\/01\/deltan-virou-hacker-do-supremo-revelam-dialogos\/","title":{"rendered":"Deltan virou \u201chacker\u201d do Supremo, revelam di\u00e1logos"},"content":{"rendered":"<p><img data-recalc-dims=\"1\" loading=\"lazy\" decoding=\"async\" data-attachment-id=\"23040\" data-permalink=\"http:\/\/blogdalucianaoliveira.com.br\/blog\/2019\/08\/01\/deltan-virou-hacker-do-supremo-revelam-dialogos\/019727a9-964c-400c-9169-1ed2d8deb409\/\" data-orig-file=\"https:\/\/i0.wp.com\/blogdalucianaoliveira.com.br\/blog\/wp-content\/uploads\/2019\/08\/019727A9-964C-400C-9169-1ED2D8DEB409.jpeg?fit=600%2C295\" data-orig-size=\"600,295\" data-comments-opened=\"0\" data-image-meta=\"{&quot;aperture&quot;:&quot;0&quot;,&quot;credit&quot;:&quot;&quot;,&quot;camera&quot;:&quot;&quot;,&quot;caption&quot;:&quot;&quot;,&quot;created_timestamp&quot;:&quot;0&quot;,&quot;copyright&quot;:&quot;&quot;,&quot;focal_length&quot;:&quot;0&quot;,&quot;iso&quot;:&quot;0&quot;,&quot;shutter_speed&quot;:&quot;0&quot;,&quot;title&quot;:&quot;&quot;,&quot;orientation&quot;:&quot;0&quot;}\" data-image-title=\"019727A9-964C-400C-9169-1ED2D8DEB409\" data-image-description=\"\" data-image-caption=\"\" data-medium-file=\"https:\/\/i0.wp.com\/blogdalucianaoliveira.com.br\/blog\/wp-content\/uploads\/2019\/08\/019727A9-964C-400C-9169-1ED2D8DEB409.jpeg?fit=300%2C148\" data-large-file=\"https:\/\/i0.wp.com\/blogdalucianaoliveira.com.br\/blog\/wp-content\/uploads\/2019\/08\/019727A9-964C-400C-9169-1ED2D8DEB409.jpeg?fit=600%2C295\" src=\"https:\/\/i0.wp.com\/blogdalucianaoliveira.com.br\/blog\/wp-content\/uploads\/2019\/08\/019727A9-964C-400C-9169-1ED2D8DEB409.jpeg?resize=600%2C295\" alt=\"019727A9-964C-400C-9169-1ED2D8DEB409\" width=\"600\" height=\"295\" class=\"alignnone size-full wp-image-23040\" srcset=\"https:\/\/i0.wp.com\/blogdalucianaoliveira.com.br\/blog\/wp-content\/uploads\/2019\/08\/019727A9-964C-400C-9169-1ED2D8DEB409.jpeg?w=600 600w, https:\/\/i0.wp.com\/blogdalucianaoliveira.com.br\/blog\/wp-content\/uploads\/2019\/08\/019727A9-964C-400C-9169-1ED2D8DEB409.jpeg?resize=300%2C148 300w\" sizes=\"auto, (max-width: 600px) 100vw, 600px\" \/><\/p>\n<p>Tijola\u00e7o &#8211; Deltan Dallagnol tem de ser afastado imediatamente de suas fun\u00e7\u00f5es de coordenador da Opera\u00e7\u00e3o Lava Jato.<!--more--><\/p>\n<p>As mensagens reveladas hoje, em mais um cap\u00edtulo da apura\u00e7\u00e3o do The Intercept, em conjunto com a Folha, n\u00e3o revelam apenas um comportamento a\u00e9tico do procurador, mas o cometimento de crimes.<\/p>\n<p>Violou as fun\u00e7\u00f5es legais, ao investigar n\u00e3o um fato, mas diretamente pessoas, no caso os ministros Jos\u00e9 Carlos Dias Toffoli e Gilmar Mendes, do Supremo, usurpou fun\u00e7\u00f5es que seriam apenas da Procuradoria Geral da Rep\u00fablica e violou, com a coopera\u00e7\u00e3o dos funcion\u00e1rios da Receita postos \u00e0 sua disposi\u00e7\u00e3o, o sigilo fiscal de ambos.<\/p>\n<p>A capa infamante de Veja sobre o atual presidente do Supremo, numa hist\u00f3ria que veio depois a mostrar-se falsa, foi gestada e produzida por ele.<\/p>\n<p>Deltan ultrapassou todos os limites para retaliar quem, no Supremo, n\u00e3o ratificava automaticamente as a\u00e7\u00f5es de Curitiba e os des\u00edgnios de S\u00e9rgio Moro.<\/p>\n<p>Sua invas\u00e3o aos dados fiscais dos dois ministros \u00e9 pior, sob qualquer aspecto, que o crime cometidos pelos \u201chackers de Araraquara\u201d, n\u00e3o apenas porque ele \u00e9 um agente de Estado violando a lei como usa, para isso, os \u00f3rg\u00e3os da Administra\u00e7\u00e3o P\u00fablica como instrumentos.<\/p>\n<p>A hist\u00f3ria est\u00e1 detalhada na Folha e no The Intercept e n\u00e3o preciso repeti-la aqui, bem como o leitor e a leitora pode facilmente entend\u00ea-la pela transcri\u00e7\u00e3o dos di\u00e1logos.<\/p>\n<p>O que importa, agora, \u00e9 ver quais ser\u00e3o ( e se ser\u00e3o) as provid\u00eancias tomadas pela Procuradoria Geral da Rep\u00fablica e pelo Conselho Nacional do Minist\u00e9rio P\u00fablico diante das evidentes transgress\u00f5es legais de Deltan Dallagnol e outros procuradores.<\/p>\n<p>Aqui, os di\u00e1logos completos.<\/p>\n<p>https:\/\/arte.folha.uol.com.br\/poder\/2019\/08\/01\/dialogos-lava-jato-dias-toffoli\/<\/p>\n","protected":false},"excerpt":{"rendered":"<p>Tijola\u00e7o &#8211; Deltan Dallagnol tem de ser afastado imediatamente de suas fun\u00e7\u00f5es de coordenador da Opera\u00e7\u00e3o Lava Jato.<\/p>\n","protected":false},"author":1,"featured_media":0,"comment_status":"closed","ping_status":"open","sticky":false,"template":"","format":"standard","meta":{"_exactmetrics_skip_tracking":false,"_exactmetrics_sitenote_active":false,"_exactmetrics_sitenote_note":"","_exactmetrics_sitenote_category":0,"jetpack_post_was_ever_published":false,"_jetpack_newsletter_access":"","_jetpack_dont_email_post_to_subs":false,"_jetpack_newsletter_tier_id":0,"_jetpack_memberships_contains_paywalled_content":false,"_jetpack_memberships_contains_paid_content":false,"footnotes":"","jetpack_publicize_message":"","jetpack_publicize_feature_enabled":true,"jetpack_social_post_already_shared":true,"jetpack_social_options":{"image_generator_settings":{"template":"highway","enabled":false},"version":2}},"categories":[1],"tags":[],"class_list":["post-23039","post","type-post","status-publish","format-standard","hentry","category-notas"],"jetpack_publicize_connections":[],"jetpack_sharing_enabled":true,"jetpack_featured_media_url":"","jetpack_shortlink":"https:\/\/wp.me\/p7wKYW-5ZB","jetpack-related-posts":[],"_links":{"self":[{"href":"http:\/\/blogdalucianaoliveira.com.br\/blog\/wp-json\/wp\/v2\/posts\/23039","targetHints":{"allow":["GET"]}}],"collection":[{"href":"http:\/\/blogdalucianaoliveira.com.br\/blog\/wp-json\/wp\/v2\/posts"}],"about":[{"href":"http:\/\/blogdalucianaoliveira.com.br\/blog\/wp-json\/wp\/v2\/types\/post"}],"author":[{"embeddable":true,"href":"http:\/\/blogdalucianaoliveira.com.br\/blog\/wp-json\/wp\/v2\/users\/1"}],"replies":[{"embeddable":true,"href":"http:\/\/blogdalucianaoliveira.com.br\/blog\/wp-json\/wp\/v2\/comments?post=23039"}],"version-history":[{"count":1,"href":"http:\/\/blogdalucianaoliveira.com.br\/blog\/wp-json\/wp\/v2\/posts\/23039\/revisions"}],"predecessor-version":[{"id":23043,"href":"http:\/\/blogdalucianaoliveira.com.br\/blog\/wp-json\/wp\/v2\/posts\/23039\/revisions\/23043"}],"wp:attachment":[{"href":"http:\/\/blogdalucianaoliveira.com.br\/blog\/wp-json\/wp\/v2\/media?parent=23039"}],"wp:term":[{"taxonomy":"category","embeddable":true,"href":"http:\/\/blogdalucianaoliveira.com.br\/blog\/wp-json\/wp\/v2\/categories?post=23039"},{"taxonomy":"post_tag","embeddable":true,"href":"http:\/\/blogdalucianaoliveira.com.br\/blog\/wp-json\/wp\/v2\/tags?post=23039"}],"curies":[{"name":"wp","href":"https:\/\/api.w.org\/{rel}","templated":true}]}}