{"id":2304,"date":"2016-07-12T16:17:14","date_gmt":"2016-07-12T20:17:14","guid":{"rendered":"http:\/\/blogdalucianaoliveira.com.br\/blog\/?p=2304"},"modified":"2016-07-12T16:23:45","modified_gmt":"2016-07-12T20:23:45","slug":"pedido-de-vistas-do-ministro-que-agora-preside-tse-deixa-indefinida-a-proibicao-a-showmicios-religiosos","status":"publish","type":"post","link":"http:\/\/blogdalucianaoliveira.com.br\/blog\/2016\/07\/12\/pedido-de-vistas-do-ministro-que-agora-preside-tse-deixa-indefinida-a-proibicao-a-showmicios-religiosos\/","title":{"rendered":"Pedido de vistas do ministro que agora preside TSE deixa indefinida a proibi\u00e7\u00e3o a showm\u00edcios religiosos"},"content":{"rendered":"<p><img data-recalc-dims=\"1\" loading=\"lazy\" decoding=\"async\" data-attachment-id=\"2305\" data-permalink=\"http:\/\/blogdalucianaoliveira.com.br\/blog\/2016\/07\/12\/pedido-de-vistas-do-ministro-que-agora-preside-tse-deixa-indefinida-a-proibicao-a-showmicios-religiosos\/cassol_bencao_caula\/\" data-orig-file=\"https:\/\/i0.wp.com\/blogdalucianaoliveira.com.br\/blog\/wp-content\/uploads\/2016\/07\/cassol_bencao_caula.jpg?fit=650%2C419\" data-orig-size=\"650,419\" data-comments-opened=\"0\" data-image-meta=\"{&quot;aperture&quot;:&quot;0&quot;,&quot;credit&quot;:&quot;&quot;,&quot;camera&quot;:&quot;&quot;,&quot;caption&quot;:&quot;&quot;,&quot;created_timestamp&quot;:&quot;0&quot;,&quot;copyright&quot;:&quot;&quot;,&quot;focal_length&quot;:&quot;0&quot;,&quot;iso&quot;:&quot;0&quot;,&quot;shutter_speed&quot;:&quot;0&quot;,&quot;title&quot;:&quot;&quot;,&quot;orientation&quot;:&quot;1&quot;}\" data-image-title=\"cassol_bencao_caula\" data-image-description=\"\" data-image-caption=\"\" data-medium-file=\"https:\/\/i0.wp.com\/blogdalucianaoliveira.com.br\/blog\/wp-content\/uploads\/2016\/07\/cassol_bencao_caula.jpg?fit=300%2C193\" data-large-file=\"https:\/\/i0.wp.com\/blogdalucianaoliveira.com.br\/blog\/wp-content\/uploads\/2016\/07\/cassol_bencao_caula.jpg?fit=600%2C387\" src=\"https:\/\/i0.wp.com\/blogdalucianaoliveira.com.br\/blog\/wp-content\/uploads\/2016\/07\/cassol_bencao_caula.jpg?resize=600%2C387\" alt=\"cassol_bencao_caula\" width=\"600\" height=\"387\" class=\"alignnone size-full wp-image-2305\" srcset=\"https:\/\/i0.wp.com\/blogdalucianaoliveira.com.br\/blog\/wp-content\/uploads\/2016\/07\/cassol_bencao_caula.jpg?w=650 650w, https:\/\/i0.wp.com\/blogdalucianaoliveira.com.br\/blog\/wp-content\/uploads\/2016\/07\/cassol_bencao_caula.jpg?resize=300%2C193 300w, https:\/\/i0.wp.com\/blogdalucianaoliveira.com.br\/blog\/wp-content\/uploads\/2016\/07\/cassol_bencao_caula.jpg?resize=465%2C300 465w\" sizes=\"auto, (max-width: 600px) 100vw, 600px\" \/><\/p>\n<p>At\u00e9 que ponto religi\u00e3o e pol\u00edtica podem se misturar sem interferir no processo eleitoral? Essa quest\u00e3o foi debatida em sess\u00e3o no Tribunal Superior Eleitoral em mar\u00e7o deste ano, no julgamento do caso que envolve o pastor Valdomiro Santiago, o senador Ivo Cassol, o pai dele, o ex-governador Jo\u00e3o Cahulla, Joarez Jardim, Tiziu Jidalias e outros na elei\u00e7\u00e3o de 2010. <!--more--><\/p>\n<p>Em plena campanha eleitoral, eles participaram de um evento religioso com o pastor do \u2018suor sagrado\u2019 que envolveu pelo menos dez mil pessoas, gravado, televisionado e repercutido na internet no Brasil, \u00c1frica e outros pa\u00edses da Am\u00e9rica Latina. <\/p>\n<p>O advogado Ernande Segismundo que patrocinou uma A\u00e7\u00e3o de Investiga\u00e7\u00e3o Judicial Eleitoral, chamou o evento de showm\u00edcio e a \u2018ben\u00e7\u00e3o\u2019 do pastor sobre os candidatos, de abuso de poder pol\u00edtico e econ\u00f4mico e uso indevido de meio de comunica\u00e7\u00e3o social. A Procuradoria Regional Eleitoral concordou e tamb\u00e9m denunciou os candidatos, sob o argumento de que o evento constituiu \u201cexpl\u00edcita e aut\u00eantica propaganda eleitoral feita pelo l\u00edder religioso da Igreja Mundial do Poder de Deus\u201d<\/p>\n<p>A demora em julgar o caso e o preju\u00edzo que dela resulta \u00e9 incalcul\u00e1vel, posto que Ivo Cassol est\u00e1 a dois anos de concluir seu mandato como senador.<\/p>\n<p>Um pedido de vistas do ministro Gilmar Mendes adiou o julgamento. Agora, como presidente do TSE, deve sentar em cima do processo e permitir que Ivo Cassol conclua seu mandato.<\/p>\n<p>\u00c9 um perigo favorecer o ex-governador com a demora no julgamento, pois os casos paradigm\u00e1ticos podem se multiplicar ap\u00f3s as elei\u00e7\u00f5es. A corte adiou o entendimento sobre o que \u00e9 mais importante julgar: a potencialidade do ato em si ou o respeito a norma, quando flagrante o benef\u00edcio por infringir uma veda\u00e7\u00e3o.<\/p>\n<p>O ministro Ant\u00f4nio Herman de Vasconcelos lan\u00e7ou a quest\u00e3o primordial: \u201cPergunto se o descrever os fatos aqui e utilizar esses fatos para n\u00e3o aplicabilidade das teses adotadas pelo Tribunal, se n\u00f3s n\u00e3o estamos derrotando ou enfraquecendo essas teses? Por que se um com\u00edcio de dez mil pessoas n\u00e3o se encaixar na moldura das teses que est\u00e3o aqui postas, o que vai se encaixar?\u201d<\/p>\n<p>Os limites das campanhas eleitorais existem, dif\u00edcil \u00e9 reconhecer em casos concretos que eles foram ultrapassados. Se passaram seis anos da den\u00fancia e nada foi decidido sobre qu\u00e3o estreita e perigosa pode se tornar a rela\u00e7\u00e3o entre o direito ao culto e o uso eleitoreiro desse direito pelos candidatos.<br \/>\nAo encerrar o julgamento do recurso, o ministro Dias Toffoli chamou a aten\u00e7\u00e3o do colegiado para uma reflex\u00e3o ainda mais ampla.<\/p>\n<p>\u201cUma coisa \u00e9 voc\u00ea levar para sua igreja para um debate pol\u00edtico, um determinado candidato e chamar a comunidade para aquele debate pol\u00edtico. Outra coisa \u00e9 durante um culto religioso, no qual voc\u00ea est\u00e1 misturando a f\u00e9 das pessoas com a pol\u00edtica e, isso a constitui\u00e7\u00e3o veda. Se n\u00f3s formos olhar o hist\u00f3rico de pa\u00edses que sofrem com essa quest\u00e3o de misturar religi\u00e3o com f\u00e9, sinto bem essa preocupa\u00e7\u00e3o de n\u00e3o abrir uma fresta pra que isso possa ocorrer no nosso pa\u00eds\u201d.<\/p>\n<p>A morosidade do TSE no julgamento de Ivo Cassol permite um abismo e n\u00e3o uma brecha na norma eleitoral em mais uma elei\u00e7\u00e3o, que favorece candidatos com poder econ\u00f4mico ou pol\u00edtico autorizando a explora\u00e7\u00e3o da f\u00e9 em palanques. <\/p>\n<p>E, francamente, algu\u00e9m acredita que o ministro Gilmar Mendes aceleraria o julgamento que pode tirar o mandato do senador Ivo Cassol pra dar lugar a senadora petista, segunda mais votada, \u00e0s v\u00e9speras do julgamento do impeachment? <\/p>\n<p>\u00c9 ruim hein?!<\/p>\n","protected":false},"excerpt":{"rendered":"<p>At\u00e9 que ponto religi\u00e3o e pol\u00edtica podem se misturar sem interferir no processo eleitoral? Essa quest\u00e3o foi debatida em sess\u00e3o no Tribunal Superior Eleitoral em mar\u00e7o deste ano, no julgamento do caso que envolve o pastor Valdomiro Santiago, o senador Ivo Cassol, o pai dele, o ex-governador Jo\u00e3o Cahulla, Joarez Jardim, Tiziu Jidalias e outros&#8230;<a class=\"more-link\" href=\"http:\/\/blogdalucianaoliveira.com.br\/blog\/2016\/07\/12\/pedido-de-vistas-do-ministro-que-agora-preside-tse-deixa-indefinida-a-proibicao-a-showmicios-religiosos\/\">Continue a leitura <span class=\"meta-nav\">&raquo;<\/span><\/a><\/p>\n","protected":false},"author":1,"featured_media":0,"comment_status":"closed","ping_status":"open","sticky":false,"template":"","format":"standard","meta":{"_exactmetrics_skip_tracking":false,"_exactmetrics_sitenote_active":false,"_exactmetrics_sitenote_note":"","_exactmetrics_sitenote_category":0,"jetpack_post_was_ever_published":false,"_jetpack_newsletter_access":"","_jetpack_dont_email_post_to_subs":false,"_jetpack_newsletter_tier_id":0,"_jetpack_memberships_contains_paywalled_content":false,"_jetpack_memberships_contains_paid_content":false,"footnotes":"","jetpack_publicize_message":"","jetpack_publicize_feature_enabled":true,"jetpack_social_post_already_shared":true,"jetpack_social_options":{"image_generator_settings":{"template":"highway","enabled":false},"version":2}},"categories":[1],"tags":[159,160,161],"class_list":["post-2304","post","type-post","status-publish","format-standard","hentry","category-notas","tag-ivo-cassol","tag-tse","tag-valdomiro-santiago"],"jetpack_publicize_connections":[],"jetpack_sharing_enabled":true,"jetpack_featured_media_url":"","jetpack_shortlink":"https:\/\/wp.me\/p7wKYW-Ba","jetpack-related-posts":[],"_links":{"self":[{"href":"http:\/\/blogdalucianaoliveira.com.br\/blog\/wp-json\/wp\/v2\/posts\/2304","targetHints":{"allow":["GET"]}}],"collection":[{"href":"http:\/\/blogdalucianaoliveira.com.br\/blog\/wp-json\/wp\/v2\/posts"}],"about":[{"href":"http:\/\/blogdalucianaoliveira.com.br\/blog\/wp-json\/wp\/v2\/types\/post"}],"author":[{"embeddable":true,"href":"http:\/\/blogdalucianaoliveira.com.br\/blog\/wp-json\/wp\/v2\/users\/1"}],"replies":[{"embeddable":true,"href":"http:\/\/blogdalucianaoliveira.com.br\/blog\/wp-json\/wp\/v2\/comments?post=2304"}],"version-history":[{"count":4,"href":"http:\/\/blogdalucianaoliveira.com.br\/blog\/wp-json\/wp\/v2\/posts\/2304\/revisions"}],"predecessor-version":[{"id":2309,"href":"http:\/\/blogdalucianaoliveira.com.br\/blog\/wp-json\/wp\/v2\/posts\/2304\/revisions\/2309"}],"wp:attachment":[{"href":"http:\/\/blogdalucianaoliveira.com.br\/blog\/wp-json\/wp\/v2\/media?parent=2304"}],"wp:term":[{"taxonomy":"category","embeddable":true,"href":"http:\/\/blogdalucianaoliveira.com.br\/blog\/wp-json\/wp\/v2\/categories?post=2304"},{"taxonomy":"post_tag","embeddable":true,"href":"http:\/\/blogdalucianaoliveira.com.br\/blog\/wp-json\/wp\/v2\/tags?post=2304"}],"curies":[{"name":"wp","href":"https:\/\/api.w.org\/{rel}","templated":true}]}}