{"id":23044,"date":"2019-08-01T09:48:15","date_gmt":"2019-08-01T13:48:15","guid":{"rendered":"http:\/\/blogdalucianaoliveira.com.br\/blog\/?p=23044"},"modified":"2019-08-01T09:48:15","modified_gmt":"2019-08-01T13:48:15","slug":"a-republica-de-curitiba-queria-tomar-de-assalto-o-brasil","status":"publish","type":"post","link":"http:\/\/blogdalucianaoliveira.com.br\/blog\/2019\/08\/01\/a-republica-de-curitiba-queria-tomar-de-assalto-o-brasil\/","title":{"rendered":"A Rep\u00fablica de Curitiba queria tomar de assalto o Brasil"},"content":{"rendered":"<div class=\"article__lead\">\n<picture><img data-recalc-dims=\"1\" decoding=\"async\" title=\" (Foto: Marcelo Camargo - ABR)\" src=\"https:\/\/i0.wp.com\/publisher-publish.s3.eu-central-1.amazonaws.com\/pb-brasil247\/swp\/jtjeq9\/media\/20190801090840_f136c3a5-92bf-415b-8862-b10b1dcb4945.jpeg?w=600&#038;ssl=1\" alt=\"\" \/><\/picture>(Foto: Marcelo Camargo &#8211; ABR)<\/p>\n<div class=\"article__lead\">\n<p>O procurador Deltan Dallagnol &#8220;tinha consci\u00eancia plena de que agia fora da lei. \u00c9 isso que queremos como exemplo para o pa\u00eds?&#8221;, questiona o colunista Hayle Gadelha; ele aparentemente &#8220;tinha comprado os direitos autorais da verdade e determinava o que era certo e o que era errado&#8221;, critica.<\/p>\n<\/div>\n<div class=\"articleMetadata marginBottom30\"><\/div>\n<div class=\"articleMetadata marginBottom30\">\n<h2><!--more--><\/h2>\n<\/div>\n<\/div>\n<div class=\"article__text marginTop30\">\u00a0No 247, por Hayle Gadelha&#8217;Consegue ainda o endere\u00e7o do Toffoli?&#8217;, disse o procurador Deltan Dallagnol, procurando iniciar cerco da Lava Jato ao ministro do STF Dias Toffoli.<br \/>\nDeu pra entender? O procurador Deltan Dallagnol aparentemente tinha comprado os direitos autorais da VERDADE e determinava o que era certo e o que era errado. Mesmo sabendo que investigar o ministro do Supremo n\u00e3o seria exatamente correto, ele insistiu nessa dire\u00e7\u00e3o.<\/p>\n<p>Dallagnol concluiu (n\u00e3o se sabe exatamente por qual motivo) que Toffoli poderia se dispor a frear o avan\u00e7o da opera\u00e7\u00e3o que ele conduzia. Por que seria? Ele incentivou seus amigos procuradores em Bras\u00edlia e Curitiba a investigar Toffoli sigilosamente em 2016, numa \u00e9poca em que o atual presidente do Supremo Tribunal Federal come\u00e7ava a ser visto pela opera\u00e7\u00e3o Lava Jato como um advers\u00e1rio disposto a frear seu avan\u00e7o.<\/p>\n<p>Por que seria? Seria por que os procuradores estavam procurando agir fora dos limites da lei, at\u00e9 da Constitui\u00e7\u00e3o?<\/p>\n<p>As mensagens obtidas pelo The Intercept Brasil (e analisadas em conjunto com a Folha) revelam que Dallagnol, coordenador da for\u00e7a-tarefa da Lava Jato em Curitiba, buscou informa\u00e7\u00f5es sobre as finan\u00e7as pessoais de Toffoli e de sua mulher e tamb\u00e9m evid\u00eancias que os ligassem a empreiteiras envolvidas com a corrup\u00e7\u00e3o na Petrobras.<\/p>\n<p>Acontece que ministros do STF n\u00e3o podem ser investigados por procuradores da primeira inst\u00e2ncia, como Dallagnol e os demais integrantes da for\u00e7a-tarefa. A Constitui\u00e7\u00e3o diz que eles s\u00f3 podem ser julgados pelo pr\u00f3prio tribunal, onde quem atua em nome do Minist\u00e9rio P\u00fablico Federal \u00e9 o procurador-geral da Rep\u00fablica. Ou seja, Dallagnol j\u00e1 se manifestava como um fora da lei. E esse &#8220;fora da lei&#8221; tratou de realizar grandes estragos ao pa\u00eds.<\/p>\n<p>Dallagnol estimulou uma ofensiva contra Toffoli e tamb\u00e9m teria recorrido \u00e0 Receita Federal para levantar informa\u00e7\u00f5es sobre o escrit\u00f3rio de advocacia da mulher do ministro, Roberta Rangel.<\/p>\n<p>O chefe da for\u00e7a-tarefa come\u00e7ou a manifestar interesse por Toffoli em julho de 2016, quando a empreiteira OAS negociava um acordo para colaborar com as investiga\u00e7\u00f5es da Lava Jato em troca de benef\u00edcios penais para seus executivos.<\/p>\n<p>No dia 13 de julho, Dallagnol fez uma consulta aos procuradores que negociavam com a empresa. \u201cCaros, a OAS trouxe a quest\u00e3o do apto do Toffoli?\u201d, perguntou no grupo Acordo OAS, no Telegram. \u201cQue eu saiba n\u00e3o\u201d, respondeu o promotor S\u00e9rgio Bruno Cabral Fernandes, de Bras\u00edlia. \u201cTemos que ver como abordar esse assunto. Com cautela.\u201d<\/p>\n<p>Deu pra entender? Esse \u201ccom cautela\u201d de Dallagnol significa simplesmente que ele tinha consci\u00eancia plena de que agia fora da lei. \u00c9 isso que queremos como exemplo para o pa\u00eds?<\/p>\n<\/div>\n","protected":false},"excerpt":{"rendered":"<p>(Foto: Marcelo Camargo &#8211; ABR) O procurador Deltan Dallagnol &#8220;tinha consci\u00eancia plena de que agia fora da lei. \u00c9 isso que queremos como exemplo para o pa\u00eds?&#8221;, questiona o colunista Hayle Gadelha; ele aparentemente &#8220;tinha comprado os direitos autorais da verdade e determinava o que era certo e o que era errado&#8221;, critica.<\/p>\n","protected":false},"author":1,"featured_media":0,"comment_status":"closed","ping_status":"open","sticky":false,"template":"","format":"standard","meta":{"_exactmetrics_skip_tracking":false,"_exactmetrics_sitenote_active":false,"_exactmetrics_sitenote_note":"","_exactmetrics_sitenote_category":0,"jetpack_post_was_ever_published":false,"_jetpack_newsletter_access":"","_jetpack_dont_email_post_to_subs":false,"_jetpack_newsletter_tier_id":0,"_jetpack_memberships_contains_paywalled_content":false,"_jetpack_memberships_contains_paid_content":false,"footnotes":"","jetpack_publicize_message":"","jetpack_publicize_feature_enabled":true,"jetpack_social_post_already_shared":true,"jetpack_social_options":{"image_generator_settings":{"template":"highway","enabled":false},"version":2}},"categories":[1],"tags":[],"class_list":["post-23044","post","type-post","status-publish","format-standard","hentry","category-notas"],"jetpack_publicize_connections":[],"jetpack_sharing_enabled":true,"jetpack_featured_media_url":"","jetpack_shortlink":"https:\/\/wp.me\/p7wKYW-5ZG","jetpack-related-posts":[],"_links":{"self":[{"href":"http:\/\/blogdalucianaoliveira.com.br\/blog\/wp-json\/wp\/v2\/posts\/23044","targetHints":{"allow":["GET"]}}],"collection":[{"href":"http:\/\/blogdalucianaoliveira.com.br\/blog\/wp-json\/wp\/v2\/posts"}],"about":[{"href":"http:\/\/blogdalucianaoliveira.com.br\/blog\/wp-json\/wp\/v2\/types\/post"}],"author":[{"embeddable":true,"href":"http:\/\/blogdalucianaoliveira.com.br\/blog\/wp-json\/wp\/v2\/users\/1"}],"replies":[{"embeddable":true,"href":"http:\/\/blogdalucianaoliveira.com.br\/blog\/wp-json\/wp\/v2\/comments?post=23044"}],"version-history":[{"count":1,"href":"http:\/\/blogdalucianaoliveira.com.br\/blog\/wp-json\/wp\/v2\/posts\/23044\/revisions"}],"predecessor-version":[{"id":23045,"href":"http:\/\/blogdalucianaoliveira.com.br\/blog\/wp-json\/wp\/v2\/posts\/23044\/revisions\/23045"}],"wp:attachment":[{"href":"http:\/\/blogdalucianaoliveira.com.br\/blog\/wp-json\/wp\/v2\/media?parent=23044"}],"wp:term":[{"taxonomy":"category","embeddable":true,"href":"http:\/\/blogdalucianaoliveira.com.br\/blog\/wp-json\/wp\/v2\/categories?post=23044"},{"taxonomy":"post_tag","embeddable":true,"href":"http:\/\/blogdalucianaoliveira.com.br\/blog\/wp-json\/wp\/v2\/tags?post=23044"}],"curies":[{"name":"wp","href":"https:\/\/api.w.org\/{rel}","templated":true}]}}