{"id":23052,"date":"2019-08-01T11:20:19","date_gmt":"2019-08-01T15:20:19","guid":{"rendered":"http:\/\/blogdalucianaoliveira.com.br\/blog\/?p=23052"},"modified":"2019-08-01T11:20:19","modified_gmt":"2019-08-01T15:20:19","slug":"agora-o-presidente-e-de-direita-diz-bolsonaro-sobre-mudancas-em-comissao-que-apura-crimes-da-ditadura","status":"publish","type":"post","link":"http:\/\/blogdalucianaoliveira.com.br\/blog\/2019\/08\/01\/agora-o-presidente-e-de-direita-diz-bolsonaro-sobre-mudancas-em-comissao-que-apura-crimes-da-ditadura\/","title":{"rendered":"&#8220;Agora o presidente \u00e9 de direita&#8221;, diz Bolsonaro sobre mudan\u00e7as em comiss\u00e3o que apura crimes da ditadura"},"content":{"rendered":"<div class=\"article__lead\">\n<picture> <img data-recalc-dims=\"1\" decoding=\"async\" title=\"Jair Bolsonaro (Foto: Marcos Corr\u00eaa\/PR)\" src=\"https:\/\/i0.wp.com\/publisher-publish.s3.eu-central-1.amazonaws.com\/pb-brasil247\/swp\/jtjeq9\/media\/20190801100816_ff0a9098-0892-4f68-aaa7-43753da4851c.jpeg?w=600&#038;ssl=1\" alt=\"Jair Bolsonaro\" \/><\/picture>Jair Bolsonaro (Foto: Marcos Corr\u00eaa\/PR)<\/p>\n<div class=\"article__lead\">\n<p>Em meio \u00e0s cr\u00edticas desferidas contra a Comiss\u00e3o de Mortos e Desaparecidos Pol\u00edticos, Jair Bolsonaro justificou as mudan\u00e7as promovidas no colegiado afirmando que agora o governo \u201c\u00e9 de direita\u201d; \u201cO motivo \u00e9 que mudou o presidente, agora \u00e9 o Jair Bolsonaro, de direita. Ponto final. Quando eles botavam terrorista l\u00e1, ningu\u00e9m falava nada. Agora mudou o presidente&#8221;, disse.<\/p>\n<\/div>\n<div class=\"articleMetadata marginBottom30\"><\/div>\n<\/div>\n<p><!--more--><\/p>\n<div class=\"article__text marginTop30\">\n<div class=\"ad-first-text\"><\/div>\n<p><b>247 &#8211;\u00a0<\/b>Em meio \u00e0s cr\u00edticas desferidas ao longo desta semana contra a Comiss\u00e3o de Mortos e Desaparecidos Pol\u00edticos (Cemdp), Jair Bolsonaro justificou as mudan\u00e7as promovidas no colegiado afirmando que agora o governo \u201c\u00e9 de direita\u201d. Em um novo ataque, Bolsonaro afirmou que os governo anteriores haviam colocado \u201cterroristas\u201d para integrarem a comiss\u00e3o que apura os crimes cometidos pela ditadura militar.<\/p>\n<p>\u201cO motivo \u00e9 que mudou o presidente, agora \u00e9 o Jair Bolsonaro, de direita. Ponto final. Quando eles botavam terrorista l\u00e1, ningu\u00e9m falava nada. Agora mudou o presidente. Igual mudou a quest\u00e3o ambiental tamb\u00e9m\u201d, afirmou Bolsonaro nesta quinta-feira (1).<\/p>\n<p>As mudan\u00e7a na composi\u00e7\u00e3o da Cemdp foram determinadas por Bolsonaro na mesma semana em que ele ironizou a morte de Fenando Santa Cruz, pai do atual presidente da Ordem dos Advogados do Brasil (OAB), Felipe Santa Cruz, assassinado pela ditadura. Na semana passada, a comiss\u00e3o emitiu um documento atestando que Santa Cruz morreu de forma \u201cn\u00e3o natural, violenta, causada pelo Estado brasileiro\u201d. (Leia no<a href=\"https:\/\/www.brasil247.com\/brasil\/vingativo-bolsonaro-troca-cupula-da-comissao-sobre-mortos-e-desaparecidos-politicos\"><b>\u00a0Brasil 247<\/b><\/a>)<\/p>\n<p>Apesar disso, Bolsonaro disse que as mudan\u00e7as determinadas por ele n\u00e3o possuem rela\u00e7\u00e3o com as declara\u00e7\u00f5es feitas por ele na qual nega que militares tenham assassinado Santa Cruz ap\u00f3s ~ter sido preso por agentes da ditadura. \u201cN\u00e3o tem nada a ver uma coisa com a outra\u201d, disse.<\/p>\n<div class=\"contentAd contentAd--noBackground marginBottom30\"><\/div>\n<\/div>\n","protected":false},"excerpt":{"rendered":"<p>Jair Bolsonaro (Foto: Marcos Corr\u00eaa\/PR) Em meio \u00e0s cr\u00edticas desferidas contra a Comiss\u00e3o de Mortos e Desaparecidos Pol\u00edticos, Jair Bolsonaro justificou as mudan\u00e7as promovidas no colegiado afirmando que agora o governo \u201c\u00e9 de direita\u201d; \u201cO motivo \u00e9 que mudou o presidente, agora \u00e9 o Jair Bolsonaro, de direita. Ponto final. Quando eles botavam terrorista l\u00e1,&#8230;<a class=\"more-link\" href=\"http:\/\/blogdalucianaoliveira.com.br\/blog\/2019\/08\/01\/agora-o-presidente-e-de-direita-diz-bolsonaro-sobre-mudancas-em-comissao-que-apura-crimes-da-ditadura\/\">Continue a leitura <span class=\"meta-nav\">&raquo;<\/span><\/a><\/p>\n","protected":false},"author":1,"featured_media":0,"comment_status":"closed","ping_status":"open","sticky":false,"template":"","format":"standard","meta":{"_exactmetrics_skip_tracking":false,"_exactmetrics_sitenote_active":false,"_exactmetrics_sitenote_note":"","_exactmetrics_sitenote_category":0,"jetpack_post_was_ever_published":false,"_jetpack_newsletter_access":"","_jetpack_dont_email_post_to_subs":false,"_jetpack_newsletter_tier_id":0,"_jetpack_memberships_contains_paywalled_content":false,"_jetpack_memberships_contains_paid_content":false,"footnotes":"","jetpack_publicize_message":"","jetpack_publicize_feature_enabled":true,"jetpack_social_post_already_shared":true,"jetpack_social_options":{"image_generator_settings":{"template":"highway","enabled":false},"version":2}},"categories":[1],"tags":[],"class_list":["post-23052","post","type-post","status-publish","format-standard","hentry","category-notas"],"jetpack_publicize_connections":[],"jetpack_sharing_enabled":true,"jetpack_featured_media_url":"","jetpack_shortlink":"https:\/\/wp.me\/p7wKYW-5ZO","jetpack-related-posts":[],"_links":{"self":[{"href":"http:\/\/blogdalucianaoliveira.com.br\/blog\/wp-json\/wp\/v2\/posts\/23052","targetHints":{"allow":["GET"]}}],"collection":[{"href":"http:\/\/blogdalucianaoliveira.com.br\/blog\/wp-json\/wp\/v2\/posts"}],"about":[{"href":"http:\/\/blogdalucianaoliveira.com.br\/blog\/wp-json\/wp\/v2\/types\/post"}],"author":[{"embeddable":true,"href":"http:\/\/blogdalucianaoliveira.com.br\/blog\/wp-json\/wp\/v2\/users\/1"}],"replies":[{"embeddable":true,"href":"http:\/\/blogdalucianaoliveira.com.br\/blog\/wp-json\/wp\/v2\/comments?post=23052"}],"version-history":[{"count":1,"href":"http:\/\/blogdalucianaoliveira.com.br\/blog\/wp-json\/wp\/v2\/posts\/23052\/revisions"}],"predecessor-version":[{"id":23053,"href":"http:\/\/blogdalucianaoliveira.com.br\/blog\/wp-json\/wp\/v2\/posts\/23052\/revisions\/23053"}],"wp:attachment":[{"href":"http:\/\/blogdalucianaoliveira.com.br\/blog\/wp-json\/wp\/v2\/media?parent=23052"}],"wp:term":[{"taxonomy":"category","embeddable":true,"href":"http:\/\/blogdalucianaoliveira.com.br\/blog\/wp-json\/wp\/v2\/categories?post=23052"},{"taxonomy":"post_tag","embeddable":true,"href":"http:\/\/blogdalucianaoliveira.com.br\/blog\/wp-json\/wp\/v2\/tags?post=23052"}],"curies":[{"name":"wp","href":"https:\/\/api.w.org\/{rel}","templated":true}]}}