{"id":2310,"date":"2016-07-12T19:57:41","date_gmt":"2016-07-12T23:57:41","guid":{"rendered":"http:\/\/blogdalucianaoliveira.com.br\/blog\/?p=2310"},"modified":"2016-07-12T19:57:41","modified_gmt":"2016-07-12T23:57:41","slug":"em-novo-ataque-tres-indigenas-sao-baleados-menino-de-17-anos-esta-em-estado-grave","status":"publish","type":"post","link":"http:\/\/blogdalucianaoliveira.com.br\/blog\/2016\/07\/12\/em-novo-ataque-tres-indigenas-sao-baleados-menino-de-17-anos-esta-em-estado-grave\/","title":{"rendered":"Em novo ataque, tr\u00eas ind\u00edgenas s\u00e3o baleados; menino de 17 anos est\u00e1 em estado grave"},"content":{"rendered":"<p><img data-recalc-dims=\"1\" loading=\"lazy\" decoding=\"async\" data-attachment-id=\"2313\" data-permalink=\"http:\/\/blogdalucianaoliveira.com.br\/blog\/2016\/07\/12\/em-novo-ataque-tres-indigenas-sao-baleados-menino-de-17-anos-esta-em-estado-grave\/image-520\/\" data-orig-file=\"https:\/\/i0.wp.com\/blogdalucianaoliveira.com.br\/blog\/wp-content\/uploads\/2016\/07\/image-72.jpeg?fit=576%2C1024\" data-orig-size=\"576,1024\" data-comments-opened=\"0\" data-image-meta=\"{&quot;aperture&quot;:&quot;0&quot;,&quot;credit&quot;:&quot;&quot;,&quot;camera&quot;:&quot;&quot;,&quot;caption&quot;:&quot;&quot;,&quot;created_timestamp&quot;:&quot;0&quot;,&quot;copyright&quot;:&quot;&quot;,&quot;focal_length&quot;:&quot;0&quot;,&quot;iso&quot;:&quot;0&quot;,&quot;shutter_speed&quot;:&quot;0&quot;,&quot;title&quot;:&quot;&quot;,&quot;orientation&quot;:&quot;0&quot;}\" data-image-title=\"image\" data-image-description=\"\" data-image-caption=\"\" data-medium-file=\"https:\/\/i0.wp.com\/blogdalucianaoliveira.com.br\/blog\/wp-content\/uploads\/2016\/07\/image-72.jpeg?fit=169%2C300\" data-large-file=\"https:\/\/i0.wp.com\/blogdalucianaoliveira.com.br\/blog\/wp-content\/uploads\/2016\/07\/image-72.jpeg?fit=576%2C1024\" src=\"https:\/\/i0.wp.com\/blogdalucianaoliveira.com.br\/blog\/wp-content\/uploads\/2016\/07\/image-72.jpeg?resize=576%2C1024\" alt=\"image\" width=\"576\" height=\"1024\" class=\"alignnone size-full wp-image-2313\" srcset=\"https:\/\/i0.wp.com\/blogdalucianaoliveira.com.br\/blog\/wp-content\/uploads\/2016\/07\/image-72.jpeg?w=576 576w, https:\/\/i0.wp.com\/blogdalucianaoliveira.com.br\/blog\/wp-content\/uploads\/2016\/07\/image-72.jpeg?resize=169%2C300 169w\" sizes=\"auto, (max-width: 576px) 100vw, 576px\" \/><\/p>\n<p>Homens armados em quatro caminhonetes e um trator atacaram violentamente os ind\u00edgenas Guarani e Kaiowa acampados no tekoha Guapoy, na Terra Ind\u00edgena (TI) Dourados-Amambaipegu\u00e1 I, na noite desta segunda, 11, no munic\u00edpio de Caarap\u00f3 (MS), no mesmo local onde foi assassinado o agente de sa\u00fade Clodiodi de Souza no m\u00eas passado. <!--more--><\/p>\n<p>Tr\u00eas pessoas foram atingidas por tiros de armas de fogo: um adulto de 32 anos e dois jovens, um de 15 e outro de 17 anos. Um deles est\u00e1 em estado grave, e ainda n\u00e3o foram encaminhados para o hospital. O ataque ocorreu sob a presen\u00e7a na regi\u00e3o da For\u00e7a Nacional de Seguran\u00e7a.<\/p>\n<p>Al\u00e9m do massacre de 14 de junho, os ind\u00edgenas de Caarap\u00f3 ainda enfrentam uma ordem de reintegra\u00e7\u00e3o de posse contra a comunidade acampada no tekoha Kunumi Vera \u2013 outro acampamento que comp\u00f5e a mesma TI \u2013 e uma amea\u00e7a de pris\u00e3o de lideran\u00e7as. H\u00e1 relatos de persegui\u00e7\u00e3o sofrida pelos Kaiowa e Guarani na cidade.<\/p>\n<p>Este n\u00e3o \u00e9 o primeiro ataque contra Guapoy. Em 19 de junho, ind\u00edgenas relataram ter sido atacados a tiros por homens em caminhonetes, mas ningu\u00e9m havia ficado ferido. <\/p>\n<p>O \u00faltimo ataque, contudo, foi mais violento. Os Kaiowa relatam que, por volta das 9 da noite de segunda, 11, as fam\u00edlias do Guapoy estavam dan\u00e7ando axir\u00e9 e rezando, quando visualizaram um trator do tipo p\u00e1-carregadeira e quatro caminhonetes rondando a \u00e1rea do equipamento, al\u00e9m de sons de disparos.<\/p>\n<p><img data-recalc-dims=\"1\" loading=\"lazy\" decoding=\"async\" data-attachment-id=\"2312\" data-permalink=\"http:\/\/blogdalucianaoliveira.com.br\/blog\/2016\/07\/12\/em-novo-ataque-tres-indigenas-sao-baleados-menino-de-17-anos-esta-em-estado-grave\/image-519\/\" data-orig-file=\"https:\/\/i0.wp.com\/blogdalucianaoliveira.com.br\/blog\/wp-content\/uploads\/2016\/07\/image-71.jpeg?fit=576%2C1024\" data-orig-size=\"576,1024\" data-comments-opened=\"0\" data-image-meta=\"{&quot;aperture&quot;:&quot;0&quot;,&quot;credit&quot;:&quot;&quot;,&quot;camera&quot;:&quot;&quot;,&quot;caption&quot;:&quot;&quot;,&quot;created_timestamp&quot;:&quot;0&quot;,&quot;copyright&quot;:&quot;&quot;,&quot;focal_length&quot;:&quot;0&quot;,&quot;iso&quot;:&quot;0&quot;,&quot;shutter_speed&quot;:&quot;0&quot;,&quot;title&quot;:&quot;&quot;,&quot;orientation&quot;:&quot;0&quot;}\" data-image-title=\"image\" data-image-description=\"\" data-image-caption=\"\" data-medium-file=\"https:\/\/i0.wp.com\/blogdalucianaoliveira.com.br\/blog\/wp-content\/uploads\/2016\/07\/image-71.jpeg?fit=169%2C300\" data-large-file=\"https:\/\/i0.wp.com\/blogdalucianaoliveira.com.br\/blog\/wp-content\/uploads\/2016\/07\/image-71.jpeg?fit=576%2C1024\" src=\"https:\/\/i0.wp.com\/blogdalucianaoliveira.com.br\/blog\/wp-content\/uploads\/2016\/07\/image-71.jpeg?resize=576%2C1024\" alt=\"image\" width=\"576\" height=\"1024\" class=\"alignnone size-full wp-image-2312\" srcset=\"https:\/\/i0.wp.com\/blogdalucianaoliveira.com.br\/blog\/wp-content\/uploads\/2016\/07\/image-71.jpeg?w=576 576w, https:\/\/i0.wp.com\/blogdalucianaoliveira.com.br\/blog\/wp-content\/uploads\/2016\/07\/image-71.jpeg?resize=169%2C300 169w\" sizes=\"auto, (max-width: 576px) 100vw, 576px\" \/><\/p>\n<p>Cerca de uma hora depois, os ve\u00edculos se aproximaram do acampamento. \u201cEles vinham bem devagarzinho. Na frente, a \u2018concha\u2019 [trator] com os far\u00f3is acesos. Atr\u00e1s, as caminhonetes, de luzes apagadas. A\u00ed eles come\u00e7aram a gritaram \u2018sai da\u00ed, seus vagabundos!\u2019, e vinham na nossa dire\u00e7\u00e3o\u201d, relata C., um dos sobreviventes.<\/p>\n<p>\u201cA\u00ed desligou as luzes da \u2018concha\u2019, e ligou das caminhonetes. Foi a\u00ed que dois homens dentro da \u2018concha\u2019 apareceram e come\u00e7aram a atirar, e outros das caminhonetes tamb\u00e9m sa\u00edram atirando, e a gente saiu tudo correndo\u201d, continua outro ind\u00edgena, R., tamb\u00e9m atingido pelos tiros.<\/p>\n<p>No ataque, tr\u00eas ind\u00edgenas \u2013 um adulto, O., de 32 anos, e dos menores de idade \u2013 C., de 17, e R., de 15 anos \u2013 foram atingidos por tiros. O. levou um tiro que atravessou seu bra\u00e7o, e R. levou um tiro no joelho. O tiro que atingiu C. atravessou seu bra\u00e7o e tamb\u00e9m o tronco \u2013 a bala agora est\u00e1 alojada no t\u00f3rax, e ele corre risco de complica\u00e7\u00f5es. E n\u00e3o se trata de muni\u00e7\u00e3o de borracha.<\/p>\n<p><img data-recalc-dims=\"1\" loading=\"lazy\" decoding=\"async\" data-attachment-id=\"2311\" data-permalink=\"http:\/\/blogdalucianaoliveira.com.br\/blog\/2016\/07\/12\/em-novo-ataque-tres-indigenas-sao-baleados-menino-de-17-anos-esta-em-estado-grave\/image-518\/\" data-orig-file=\"https:\/\/i0.wp.com\/blogdalucianaoliveira.com.br\/blog\/wp-content\/uploads\/2016\/07\/image-70.jpeg?fit=576%2C1024\" data-orig-size=\"576,1024\" data-comments-opened=\"0\" data-image-meta=\"{&quot;aperture&quot;:&quot;0&quot;,&quot;credit&quot;:&quot;&quot;,&quot;camera&quot;:&quot;&quot;,&quot;caption&quot;:&quot;&quot;,&quot;created_timestamp&quot;:&quot;0&quot;,&quot;copyright&quot;:&quot;&quot;,&quot;focal_length&quot;:&quot;0&quot;,&quot;iso&quot;:&quot;0&quot;,&quot;shutter_speed&quot;:&quot;0&quot;,&quot;title&quot;:&quot;&quot;,&quot;orientation&quot;:&quot;0&quot;}\" data-image-title=\"image\" data-image-description=\"\" data-image-caption=\"\" data-medium-file=\"https:\/\/i0.wp.com\/blogdalucianaoliveira.com.br\/blog\/wp-content\/uploads\/2016\/07\/image-70.jpeg?fit=169%2C300\" data-large-file=\"https:\/\/i0.wp.com\/blogdalucianaoliveira.com.br\/blog\/wp-content\/uploads\/2016\/07\/image-70.jpeg?fit=576%2C1024\" src=\"https:\/\/i0.wp.com\/blogdalucianaoliveira.com.br\/blog\/wp-content\/uploads\/2016\/07\/image-70.jpeg?resize=576%2C1024\" alt=\"image\" width=\"576\" height=\"1024\" class=\"alignnone size-full wp-image-2311\" srcset=\"https:\/\/i0.wp.com\/blogdalucianaoliveira.com.br\/blog\/wp-content\/uploads\/2016\/07\/image-70.jpeg?w=576 576w, https:\/\/i0.wp.com\/blogdalucianaoliveira.com.br\/blog\/wp-content\/uploads\/2016\/07\/image-70.jpeg?resize=169%2C300 169w\" sizes=\"auto, (max-width: 576px) 100vw, 576px\" \/><\/p>\n<p>As duas afirma\u00e7\u00f5es \u2013 sobre o estado de sa\u00fade e o tipo de muni\u00e7\u00e3o que atingiu os ind\u00edgenas \u2013 vem da equipe m\u00e9dica do posto de sa\u00fade da reserva Tey\u2019ikue, onde est\u00e3o sendo atendidos os ind\u00edgenas, na manh\u00e3 desta ter\u00e7a, 12. Segundo eles, os proj\u00e9teis que atingiram os ind\u00edgenas aparenta ser ao menos de calibre 38. C. apresenta sinais de atelectasia e precisa ser levado a um hospital com urg\u00eancia.<\/p>\n<p>Ind\u00edgenas que sofreram o ataque afirmam reconhecer ao menos quatro dos homens que os atacaram \u00e0 noite como propriet\u00e1rios e funcion\u00e1rios de fazendas da regi\u00e3o.<\/p>\n<p>Fonte: Cimi<\/p>\n","protected":false},"excerpt":{"rendered":"<p>Homens armados em quatro caminhonetes e um trator atacaram violentamente os ind\u00edgenas Guarani e Kaiowa acampados no tekoha Guapoy, na Terra Ind\u00edgena (TI) Dourados-Amambaipegu\u00e1 I, na noite desta segunda, 11, no munic\u00edpio de Caarap\u00f3 (MS), no mesmo local onde foi assassinado o agente de sa\u00fade Clodiodi de Souza no m\u00eas passado.<\/p>\n","protected":false},"author":1,"featured_media":0,"comment_status":"closed","ping_status":"open","sticky":false,"template":"","format":"standard","meta":{"_exactmetrics_skip_tracking":false,"_exactmetrics_sitenote_active":false,"_exactmetrics_sitenote_note":"","_exactmetrics_sitenote_category":0,"jetpack_post_was_ever_published":false,"_jetpack_newsletter_access":"","_jetpack_dont_email_post_to_subs":false,"_jetpack_newsletter_tier_id":0,"_jetpack_memberships_contains_paywalled_content":false,"_jetpack_memberships_contains_paid_content":false,"footnotes":"","jetpack_publicize_message":"","jetpack_publicize_feature_enabled":true,"jetpack_social_post_already_shared":true,"jetpack_social_options":{"image_generator_settings":{"template":"highway","enabled":false},"version":2}},"categories":[1],"tags":[162,38,34],"class_list":["post-2310","post","type-post","status-publish","format-standard","hentry","category-notas","tag-cimi","tag-indios","tag-violencia"],"jetpack_publicize_connections":[],"jetpack_sharing_enabled":true,"jetpack_featured_media_url":"","jetpack_shortlink":"https:\/\/wp.me\/p7wKYW-Bg","jetpack-related-posts":[],"_links":{"self":[{"href":"http:\/\/blogdalucianaoliveira.com.br\/blog\/wp-json\/wp\/v2\/posts\/2310","targetHints":{"allow":["GET"]}}],"collection":[{"href":"http:\/\/blogdalucianaoliveira.com.br\/blog\/wp-json\/wp\/v2\/posts"}],"about":[{"href":"http:\/\/blogdalucianaoliveira.com.br\/blog\/wp-json\/wp\/v2\/types\/post"}],"author":[{"embeddable":true,"href":"http:\/\/blogdalucianaoliveira.com.br\/blog\/wp-json\/wp\/v2\/users\/1"}],"replies":[{"embeddable":true,"href":"http:\/\/blogdalucianaoliveira.com.br\/blog\/wp-json\/wp\/v2\/comments?post=2310"}],"version-history":[{"count":1,"href":"http:\/\/blogdalucianaoliveira.com.br\/blog\/wp-json\/wp\/v2\/posts\/2310\/revisions"}],"predecessor-version":[{"id":2314,"href":"http:\/\/blogdalucianaoliveira.com.br\/blog\/wp-json\/wp\/v2\/posts\/2310\/revisions\/2314"}],"wp:attachment":[{"href":"http:\/\/blogdalucianaoliveira.com.br\/blog\/wp-json\/wp\/v2\/media?parent=2310"}],"wp:term":[{"taxonomy":"category","embeddable":true,"href":"http:\/\/blogdalucianaoliveira.com.br\/blog\/wp-json\/wp\/v2\/categories?post=2310"},{"taxonomy":"post_tag","embeddable":true,"href":"http:\/\/blogdalucianaoliveira.com.br\/blog\/wp-json\/wp\/v2\/tags?post=2310"}],"curies":[{"name":"wp","href":"https:\/\/api.w.org\/{rel}","templated":true}]}}