{"id":2318,"date":"2016-07-13T09:16:36","date_gmt":"2016-07-13T13:16:36","guid":{"rendered":"http:\/\/blogdalucianaoliveira.com.br\/blog\/?p=2318"},"modified":"2016-07-13T09:16:36","modified_gmt":"2016-07-13T13:16:36","slug":"pais-tem-atos-contra-a-reducao-da-maioridade-hoje","status":"publish","type":"post","link":"http:\/\/blogdalucianaoliveira.com.br\/blog\/2016\/07\/13\/pais-tem-atos-contra-a-reducao-da-maioridade-hoje\/","title":{"rendered":"Pa\u00eds tem atos contra a redu\u00e7\u00e3o da maioridade hoje"},"content":{"rendered":"<p><img data-recalc-dims=\"1\" loading=\"lazy\" decoding=\"async\" data-attachment-id=\"2322\" data-permalink=\"http:\/\/blogdalucianaoliveira.com.br\/blog\/2016\/07\/13\/pais-tem-atos-contra-a-reducao-da-maioridade-hoje\/image-523\/\" data-orig-file=\"https:\/\/i0.wp.com\/blogdalucianaoliveira.com.br\/blog\/wp-content\/uploads\/2016\/07\/image-75.jpeg?fit=384%2C384\" data-orig-size=\"384,384\" data-comments-opened=\"0\" data-image-meta=\"{&quot;aperture&quot;:&quot;0&quot;,&quot;credit&quot;:&quot;&quot;,&quot;camera&quot;:&quot;&quot;,&quot;caption&quot;:&quot;&quot;,&quot;created_timestamp&quot;:&quot;0&quot;,&quot;copyright&quot;:&quot;&quot;,&quot;focal_length&quot;:&quot;0&quot;,&quot;iso&quot;:&quot;0&quot;,&quot;shutter_speed&quot;:&quot;0&quot;,&quot;title&quot;:&quot;&quot;,&quot;orientation&quot;:&quot;0&quot;}\" data-image-title=\"image\" data-image-description=\"\" data-image-caption=\"\" data-medium-file=\"https:\/\/i0.wp.com\/blogdalucianaoliveira.com.br\/blog\/wp-content\/uploads\/2016\/07\/image-75.jpeg?fit=300%2C300\" data-large-file=\"https:\/\/i0.wp.com\/blogdalucianaoliveira.com.br\/blog\/wp-content\/uploads\/2016\/07\/image-75.jpeg?fit=384%2C384\" src=\"https:\/\/i0.wp.com\/blogdalucianaoliveira.com.br\/blog\/wp-content\/uploads\/2016\/07\/image-75.jpeg?resize=384%2C384\" alt=\"image\" width=\"384\" height=\"384\" class=\"alignnone size-full wp-image-2322\" srcset=\"https:\/\/i0.wp.com\/blogdalucianaoliveira.com.br\/blog\/wp-content\/uploads\/2016\/07\/image-75.jpeg?w=384 384w, https:\/\/i0.wp.com\/blogdalucianaoliveira.com.br\/blog\/wp-content\/uploads\/2016\/07\/image-75.jpeg?resize=150%2C150 150w, https:\/\/i0.wp.com\/blogdalucianaoliveira.com.br\/blog\/wp-content\/uploads\/2016\/07\/image-75.jpeg?resize=300%2C300 300w\" sizes=\"auto, (max-width: 384px) 100vw, 384px\" \/><\/p>\n<p>Agenda de Mobiliza\u00e7\u00e3o Nacional em Defesa dos Direitos Humanos das Crian\u00e7as e dos Adolescentes <!--more--><\/p>\n<p>Acre<br \/>\n&#8220;Ato p\u00fablico &#8211; Apresenta\u00e7\u00f5es Culturais (Dan\u00e7a, Teatro, Capoeira, Hip-Hop entre outras); Panfletagem; Apresenta\u00e7\u00e3o da Guarda e Bombeiro Mirim;&#8221; Rio Branco \u2013 Coreto da Pra\u00e7a da Revolu\u00e7\u00e3o \u2013 Centro (em frente \u00e0 Prefeitura) \u2013 Avenida Get\u00falio Vargas 9h<\/p>\n<p>Sergipe<br \/>\nAto P\u00fablico &#8211; Oficinas de: cartazes, percuss\u00e3o, Pintura de rosto, turbante,  conta\u00e7\u00e3o de hist\u00f3ria, estencil;  Apresenta\u00e7\u00f5es culturais; di\u00e1logo com a popula\u00e7\u00e3o intercalado com as oficinas e apresenta\u00e7\u00f5es culturais; Passeata com panfletagem pelo Cal\u00e7ad\u00e3o da Jo\u00e3o Pessoa.  Aracaju &#8211; Pra\u00e7a General Valad\u00e3o 13:30h.<\/p>\n<p>Distrito Federal<br \/>\n16:00h. Ato P\u00fablico &#8211; Panfletagem, di\u00e1logo com a popula\u00e7\u00e3o e coleta de assinatura (abaixo-assinado contra a Redu\u00e7\u00e3o); Atividade Cultural Rodovi\u00e1ria do Plano Piloto de Bras\u00edlia.<\/p>\n<p>Audi\u00eancia P\u00fablica na C\u00e2mara dos Deputados,  as 14 horas.  Momento que os adolescentes do G38 estar\u00e3o entregando panfletos no congresso.<\/p>\n<p>Incid\u00eancias no Senado e na C\u00e2mara Federal com faixas e Panfleta\u00e7o 14h.<\/p>\n<p>Rio de Janeiro<br \/>\nPanfletagem as 16h na ALERJ e Central do Brasil<\/p>\n<p>Mato Grosso do Sul<br \/>\nMesa (?), Ato p\u00fablicoPanfletagem ALERJ N\u00e3o informou Mesa: n\u00e3o informou ; Ato p\u00fablico: Pra\u00e7a Ari Coelho Mesa: 8h; Ato: 15h<\/p>\n<p>S\u00e3o Paulo<br \/>\nAtividades recreativas, apresenta\u00e7\u00f5es culturais, assembleia popular 26 anos do ECA, Caminhada e Ocupa\u00e7\u00e3o Art\u00edstica &#8211; S\u00e3o Paulo \u2013 Pra\u00e7a da S\u00e914h<br \/>\nCaminhada Tirem as M\u00e3os do ECA, Concentra\u00e7\u00e3o as 14h na Esta\u00e7\u00e3o Cultural em Campinas<\/p>\n<p>Pernambuco<br \/>\nAto p\u00fablico Recife \u2013 Pra\u00e7a da Independ\u00eancia 14h<br \/>\nEncontro de Forma\u00e7\u00e3o Caruaru \u2013 Audit\u00f3rio do Sindicato dos Trabalhadores Rurais 9h<br \/>\nEncontro de Forma\u00e7\u00e3o Triunfo \u2013 Audit\u00f3rio do Lar Santa Elisabeth 8h<\/p>\n<p>Rio Grande do Norte<br \/>\n9h &#8211; Roda de Di\u00e1logo sobre Redu\u00e7\u00e3o da Idade Penal e Sistema Socioeducativo, local: CEDECA &#8211; Casa Renascer.<br \/>\n14h &#8211; OCUPE A PRA\u00c7A! Juventude Contra a Redu\u00e7\u00e3o &#8211; Local: Pra\u00e7a C\u00edvica de Natal &#8211;<br \/>\nOficina de Pipa; Oficina de Slike Line; Roda de Conversa; Produ\u00e7\u00e3o de Materiais; Oficina de Teatro; Oficina de Batucada; Oficina de Stencil; Palco Aberto.<\/p>\n<p>Mato Grosso<br \/>\nEvento Cuiab\u00e1 \u2013 Audit\u00f3rio da ADUFMAT, no Campos da UFMT. 17h<\/p>\n<p>Par\u00e1<br \/>\nSemin\u00e1rio Bel\u00e9m \u2013 Ordem dos Advogados do Brasil \u2013 Se\u00e7\u00e3o Par\u00e1 (OAB\/PA), localizado na Pra\u00e7a Bar\u00e3o do Rio Branco,  n\u00ba. 93, Campina, Bel\u00e9m\/PA. 8h<br \/>\nCaminhada e ato publico em defesa do ECA, Concentra\u00e7\u00e3o as 08h, na Pra\u00e7a S\u00e3o Sebasti\u00e3o em Santar\u00e9m <\/p>\n<p>Amazonas<br \/>\n2 Atos P\u00fablicos: flash mob em 4 pontos; Flash Mobs: Av. Djalma Batista; Av Andr\u00e9 Ara\u00fajo; Av. Boulevard \u00c1lvaro Maia; Pra\u00e7a do Congresso | Ponta Negra 8h; 17h<\/p>\n<p>Rond\u00f4nia<br \/>\napresenta\u00e7\u00f5es culturais,  intercaladas com falas sobre viola\u00e7\u00f5es de direitos humanos de crian\u00e7as e adolescentes ( Cultura do Estupro;  Redu\u00e7\u00e3o da Maioridade Penal;  Lei Org\u00e2nica do Conselho Tutelar) Espa\u00e7o Alternativo 17h30<\/p>\n<p>Roraima<br \/>\nPanfletagem e sensibiliza\u00e7\u00e3o e entrega de exemplares do ECA &#8211; Pra\u00e7a do Centro C\u00edvico, \u00e0s 07h<\/p>\n<p>Manto Grosso do Sul<br \/>\nSemin\u00e1rio 26 anos do ECA, Mesa 26 anos do ECA, Roda de manifesta\u00e7\u00f5es e fortalecimento da Frente MS contra a Redu\u00e7\u00e3o da Maioridade Penal, Caminhada e Manifesta\u00e7\u00e3o p\u00fablica  na pra\u00e7a Ari Coelho  Contra a Redu\u00e7\u00e3o da Maioridade Penal.<br \/>\nLocal: MIS- Museu de Imagem e Som, Av. Fernando Correia da Costa,559 &#8211; 3\u00b0Andar &#8211; Campo Grande &#8211; MS<\/p>\n<p>Mato Grosso<br \/>\nRoda de Conversa Dialogando Sobre o ECA &#8211; Audit\u00f3rio da ADUFMAT &#8211; Campus UFMT, \u00e0s 17h.<\/p>\n<p>Bahia<br \/>\nCaminhada Sobre o ECA; Audi\u00eancia MP transmitida via TV para 28 Salas. Dia 22 &#8211; Audi\u00eancia P\u00fablica do CECA na Assembleia Legislativa do Estado.<\/p>\n<p>Tocantins<br \/>\nOficinas de Cartazes, Est\u00eancil e Confec\u00e7\u00e3o de Bandeiras Com Palavras de Ordem e Manifesta\u00e7\u00f5es de Militantes Populares &#8211; Palco Aberto Para Manifesta\u00e7\u00f5es Culturais e Panfleta\u00e7o Contra a Redu\u00e7\u00e3o e Pela em Defesa do ECA &#8211; No Gin\u00e1sio Ayrton Sena em Palmas, a Partir das 18h. <\/p>\n<p>Cear\u00e1<br \/>\n\u00c0s 17h, Grande Ato contra a Redu\u00e7\u00e3o &#8211; Audit\u00f3rio da Escola Josi\u00ea Caminha de  Meneses, Rua It\u00fa, 120, Granja Portugal &#8211; Fortaleza CE.<\/p>\n<p>Lacamento da Campanha do F\u00f3rum DCA na pra\u00e7a da S\u00e9 &#8211; Tema: &#8220;Desmistificando o ECA&#8221;,  Lan\u00e7amento da Campanha &#8211; Tema: \u201cECA: dever de todas e todos garantir!\u201d, a partir da tarde do dia 13\/07<\/p>\n<p>Panfleta\u00e7o na Pra\u00e7a da S\u00e9, em frente \u00e0 Catedral de Fortaleza, distribuindo material informativo sobre ECA. <\/p>\n<p>Divulga\u00e7\u00e3o de material virtual nas redes sociais, na p\u00e1gina do F\u00f3rum DCA Cear\u00e1 no Facebook. Nas ruas, em vias movimentadas de Fortaleza, faixas com perguntas sobre o ECA ser\u00e3o instaladas em passarelas para pedestres. <\/p>\n<p>Debates tamb\u00e9m fazem parte da programa\u00e7\u00e3o, como a Roda de Conversa entre Movimentos Sociais e da inf\u00e2ncia, no dia 21 \u00e0s 17h; e na \u00faltima semana de julho, dia 28 (quinta-feira), ser\u00e1 realizado o Semin\u00e1rio \u201cJuventudes e Resist\u00eancias\u201d, \u00e0s 8h no Cuca Monduim.<\/p>\n<p>Amap\u00e1<br \/>\nOs Movimentos Sociais  Unificados pela inf\u00e2ncia, realizam no 13 de julho, dia que o ECA completa 26 anos uma grande panfletagem, com atividades l\u00fadicas,  pipa\u00e7o, brincadeiras e contadores de historias, ser\u00e1 uma momento de muita alegria, e reafirma\u00e7\u00e3o de nossa luta pela Democracia e Direitos.  Venha e participe conosco 13\/07 a partir das 15:30 horas ao lado da Fortaleza de s\u00e3o Jos\u00e9 de Macap\u00e1.<\/p>\n<p>Rio Grande do Sul<br \/>\nAto P\u00fablico em Defesa dos Direitos Humanos das Crian\u00e7as, Adolescentes e Jovens no dia 15 de julho \u00e0s 17h &#8211; POA Esquina Democr\u00e1tica  (Zaire) Porto Alegre.<br \/>\nAudi\u00eancia Publica no dia 13 de julho \u00e0s 08:30, Av. Aurelino de Figueiredo, 80, Porto Alegre.<\/p>\n<p>Piau\u00ed<br \/>\nLan\u00e7amento e  palestra: Plano Municipal de atendimento socioeducativo, Local: Edif\u00edcio Jo\u00e3o Paulo VI Na av. Frei Serafim, depois da ponte da Frei Serafim, Hor\u00e1rio:  abertura as 8:30 lan\u00e7amento do plano, 9:00hs &#8211; palestra<\/p>\n<p>Fonte: Frente Nacional Contra a Redu\u00e7\u00e3o da Idade Penal<\/p>\n","protected":false},"excerpt":{"rendered":"<p>Agenda de Mobiliza\u00e7\u00e3o Nacional em Defesa dos Direitos Humanos das Crian\u00e7as e dos Adolescentes<\/p>\n","protected":false},"author":1,"featured_media":0,"comment_status":"closed","ping_status":"open","sticky":false,"template":"","format":"standard","meta":{"_exactmetrics_skip_tracking":false,"_exactmetrics_sitenote_active":false,"_exactmetrics_sitenote_note":"","_exactmetrics_sitenote_category":0,"jetpack_post_was_ever_published":false,"_jetpack_newsletter_access":"","_jetpack_dont_email_post_to_subs":false,"_jetpack_newsletter_tier_id":0,"_jetpack_memberships_contains_paywalled_content":false,"_jetpack_memberships_contains_paid_content":false,"footnotes":"","jetpack_publicize_message":"","jetpack_publicize_feature_enabled":true,"jetpack_social_post_already_shared":true,"jetpack_social_options":{"image_generator_settings":{"template":"highway","enabled":false},"version":2}},"categories":[1],"tags":[],"class_list":["post-2318","post","type-post","status-publish","format-standard","hentry","category-notas"],"jetpack_publicize_connections":[],"jetpack_sharing_enabled":true,"jetpack_featured_media_url":"","jetpack_shortlink":"https:\/\/wp.me\/p7wKYW-Bo","jetpack-related-posts":[],"_links":{"self":[{"href":"http:\/\/blogdalucianaoliveira.com.br\/blog\/wp-json\/wp\/v2\/posts\/2318","targetHints":{"allow":["GET"]}}],"collection":[{"href":"http:\/\/blogdalucianaoliveira.com.br\/blog\/wp-json\/wp\/v2\/posts"}],"about":[{"href":"http:\/\/blogdalucianaoliveira.com.br\/blog\/wp-json\/wp\/v2\/types\/post"}],"author":[{"embeddable":true,"href":"http:\/\/blogdalucianaoliveira.com.br\/blog\/wp-json\/wp\/v2\/users\/1"}],"replies":[{"embeddable":true,"href":"http:\/\/blogdalucianaoliveira.com.br\/blog\/wp-json\/wp\/v2\/comments?post=2318"}],"version-history":[{"count":3,"href":"http:\/\/blogdalucianaoliveira.com.br\/blog\/wp-json\/wp\/v2\/posts\/2318\/revisions"}],"predecessor-version":[{"id":2323,"href":"http:\/\/blogdalucianaoliveira.com.br\/blog\/wp-json\/wp\/v2\/posts\/2318\/revisions\/2323"}],"wp:attachment":[{"href":"http:\/\/blogdalucianaoliveira.com.br\/blog\/wp-json\/wp\/v2\/media?parent=2318"}],"wp:term":[{"taxonomy":"category","embeddable":true,"href":"http:\/\/blogdalucianaoliveira.com.br\/blog\/wp-json\/wp\/v2\/categories?post=2318"},{"taxonomy":"post_tag","embeddable":true,"href":"http:\/\/blogdalucianaoliveira.com.br\/blog\/wp-json\/wp\/v2\/tags?post=2318"}],"curies":[{"name":"wp","href":"https:\/\/api.w.org\/{rel}","templated":true}]}}