{"id":2333,"date":"2016-07-13T13:29:05","date_gmt":"2016-07-13T17:29:05","guid":{"rendered":"http:\/\/blogdalucianaoliveira.com.br\/blog\/?p=2333"},"modified":"2016-07-13T13:29:05","modified_gmt":"2016-07-13T17:29:05","slug":"ato-pedira-justica-pelo-assassinato-de-lideranca-do-mab","status":"publish","type":"post","link":"http:\/\/blogdalucianaoliveira.com.br\/blog\/2016\/07\/13\/ato-pedira-justica-pelo-assassinato-de-lideranca-do-mab\/","title":{"rendered":"Ato pedir\u00e1 justi\u00e7a pelo assassinato de lideran\u00e7a do MAB"},"content":{"rendered":"<p><img data-recalc-dims=\"1\" loading=\"lazy\" decoding=\"async\" data-attachment-id=\"2334\" data-permalink=\"http:\/\/blogdalucianaoliveira.com.br\/blog\/2016\/07\/13\/ato-pedira-justica-pelo-assassinato-de-lideranca-do-mab\/image-524\/\" data-orig-file=\"https:\/\/i0.wp.com\/blogdalucianaoliveira.com.br\/blog\/wp-content\/uploads\/2016\/07\/image-76.jpeg?fit=423%2C339\" data-orig-size=\"423,339\" data-comments-opened=\"0\" data-image-meta=\"{&quot;aperture&quot;:&quot;0&quot;,&quot;credit&quot;:&quot;&quot;,&quot;camera&quot;:&quot;&quot;,&quot;caption&quot;:&quot;&quot;,&quot;created_timestamp&quot;:&quot;0&quot;,&quot;copyright&quot;:&quot;&quot;,&quot;focal_length&quot;:&quot;0&quot;,&quot;iso&quot;:&quot;0&quot;,&quot;shutter_speed&quot;:&quot;0&quot;,&quot;title&quot;:&quot;&quot;,&quot;orientation&quot;:&quot;0&quot;}\" data-image-title=\"image\" data-image-description=\"\" data-image-caption=\"\" data-medium-file=\"https:\/\/i0.wp.com\/blogdalucianaoliveira.com.br\/blog\/wp-content\/uploads\/2016\/07\/image-76.jpeg?fit=300%2C240\" data-large-file=\"https:\/\/i0.wp.com\/blogdalucianaoliveira.com.br\/blog\/wp-content\/uploads\/2016\/07\/image-76.jpeg?fit=423%2C339\" src=\"https:\/\/i0.wp.com\/blogdalucianaoliveira.com.br\/blog\/wp-content\/uploads\/2016\/07\/image-76.jpeg?resize=423%2C339\" alt=\"image\" width=\"423\" height=\"339\" class=\"alignnone size-full wp-image-2334\" srcset=\"https:\/\/i0.wp.com\/blogdalucianaoliveira.com.br\/blog\/wp-content\/uploads\/2016\/07\/image-76.jpeg?w=423 423w, https:\/\/i0.wp.com\/blogdalucianaoliveira.com.br\/blog\/wp-content\/uploads\/2016\/07\/image-76.jpeg?resize=300%2C240 300w, https:\/\/i0.wp.com\/blogdalucianaoliveira.com.br\/blog\/wp-content\/uploads\/2016\/07\/image-76.jpeg?resize=374%2C300 374w\" sizes=\"auto, (max-width: 423px) 100vw, 423px\" \/><\/p>\n<p>JUSTI\u00c7A!!! \u00c9 o que exigimos.<!--more--><\/p>\n<p>Nicinha foi vista pela \u00faltima vez na barraca de lona onde morava com seu companheiro, Nei, em um acampamento com outras fam\u00edlias de pescadores, atingidas pela Usina Hidrel\u00e9trica (UHE) Jirau, na localidade chamada de \u201cVelha Mutum Paran\u00e1\u201d.<\/p>\n<p>Edione Pessoa da Silva foi preso ap\u00f3s confessar o assassinato da militante, mas fugiu da Penitenci\u00e1ria Estadual \u201cEdvan Mariano Rosendo\u201d, localizada em Porto Velho (RO).<\/p>\n<p>A ossada encontrada que pode ser de Nicinha ainda n\u00e3o foi submetida ao exame de DNA, pois o material necess\u00e1rio para a realiza\u00e7\u00e3o do exame estaria em falta em Manaus, onde ser\u00e1 feito. <\/p>\n<p>A lideran\u00e7a era conhecida na regi\u00e3o pela luta em defesa das popula\u00e7\u00f5es atingidas, denunciando as viola\u00e7\u00f5es de direitos humanos cometidas pelo cons\u00f3rcio respons\u00e1vel pela UHE de Jirau, chamado de Energia Sustent\u00e1vel do Brasil (ESBR). Filha de seringueiros que vieram do Acre para Abun\u00e3 (Porto Velho) em Rond\u00f4nia, onde vivia h\u00e1 quase cinquenta anos, foi obrigada a se deslocar para \u201cVelha Mutum Paran\u00e1\u201d junto a outros pescadores. No local, n\u00e3o existia acesso \u00e0 \u00e1gua pot\u00e1vel ou energia el\u00e9trica.<\/p>\n<p>Nilce realizou diversas den\u00fancias ao longo desses anos, participando de audi\u00eancias e manifesta\u00e7\u00f5es p\u00fablicas, entre as quais, apontou os graves impactos gerados \u00e0 atividade pesqueira no rio Madeira. <\/p>\n<p>As den\u00fancias geraram dois inqu\u00e9ritos civis que est\u00e3o sendo realizados pelos Minist\u00e9rios P\u00fablicos Federal e Estadual sobre a n\u00e3o realiza\u00e7\u00e3o do Programa de Apoio \u00e0 Atividade Pesqueira e outro, de car\u00e1ter criminal, em fun\u00e7\u00e3o de manipula\u00e7\u00f5es de dados em relat\u00f3rios de monitoramento.<\/p>\n","protected":false},"excerpt":{"rendered":"<p>JUSTI\u00c7A!!! \u00c9 o que exigimos.<\/p>\n","protected":false},"author":1,"featured_media":0,"comment_status":"closed","ping_status":"open","sticky":false,"template":"","format":"standard","meta":{"_exactmetrics_skip_tracking":false,"_exactmetrics_sitenote_active":false,"_exactmetrics_sitenote_note":"","_exactmetrics_sitenote_category":0,"jetpack_post_was_ever_published":false,"_jetpack_newsletter_access":"","_jetpack_dont_email_post_to_subs":false,"_jetpack_newsletter_tier_id":0,"_jetpack_memberships_contains_paywalled_content":false,"_jetpack_memberships_contains_paid_content":false,"footnotes":"","jetpack_publicize_message":"","jetpack_publicize_feature_enabled":true,"jetpack_social_post_already_shared":true,"jetpack_social_options":{"image_generator_settings":{"template":"highway","enabled":false},"version":2}},"categories":[1],"tags":[],"class_list":["post-2333","post","type-post","status-publish","format-standard","hentry","category-notas"],"jetpack_publicize_connections":[],"jetpack_sharing_enabled":true,"jetpack_featured_media_url":"","jetpack_shortlink":"https:\/\/wp.me\/p7wKYW-BD","jetpack-related-posts":[],"_links":{"self":[{"href":"http:\/\/blogdalucianaoliveira.com.br\/blog\/wp-json\/wp\/v2\/posts\/2333","targetHints":{"allow":["GET"]}}],"collection":[{"href":"http:\/\/blogdalucianaoliveira.com.br\/blog\/wp-json\/wp\/v2\/posts"}],"about":[{"href":"http:\/\/blogdalucianaoliveira.com.br\/blog\/wp-json\/wp\/v2\/types\/post"}],"author":[{"embeddable":true,"href":"http:\/\/blogdalucianaoliveira.com.br\/blog\/wp-json\/wp\/v2\/users\/1"}],"replies":[{"embeddable":true,"href":"http:\/\/blogdalucianaoliveira.com.br\/blog\/wp-json\/wp\/v2\/comments?post=2333"}],"version-history":[{"count":1,"href":"http:\/\/blogdalucianaoliveira.com.br\/blog\/wp-json\/wp\/v2\/posts\/2333\/revisions"}],"predecessor-version":[{"id":2335,"href":"http:\/\/blogdalucianaoliveira.com.br\/blog\/wp-json\/wp\/v2\/posts\/2333\/revisions\/2335"}],"wp:attachment":[{"href":"http:\/\/blogdalucianaoliveira.com.br\/blog\/wp-json\/wp\/v2\/media?parent=2333"}],"wp:term":[{"taxonomy":"category","embeddable":true,"href":"http:\/\/blogdalucianaoliveira.com.br\/blog\/wp-json\/wp\/v2\/categories?post=2333"},{"taxonomy":"post_tag","embeddable":true,"href":"http:\/\/blogdalucianaoliveira.com.br\/blog\/wp-json\/wp\/v2\/tags?post=2333"}],"curies":[{"name":"wp","href":"https:\/\/api.w.org\/{rel}","templated":true}]}}