{"id":23367,"date":"2019-08-16T13:55:49","date_gmt":"2019-08-16T17:55:49","guid":{"rendered":"http:\/\/blogdalucianaoliveira.com.br\/blog\/?p=23367"},"modified":"2019-08-16T13:55:49","modified_gmt":"2019-08-16T17:55:49","slug":"governo-suspende-84-mil-bolsas-de-estudos-e-pesquisas","status":"publish","type":"post","link":"http:\/\/blogdalucianaoliveira.com.br\/blog\/2019\/08\/16\/governo-suspende-84-mil-bolsas-de-estudos-e-pesquisas\/","title":{"rendered":"Governo suspende 84 mil bolsas de estudos e pesquisas"},"content":{"rendered":"<p><img data-recalc-dims=\"1\" loading=\"lazy\" decoding=\"async\" data-attachment-id=\"23368\" data-permalink=\"http:\/\/blogdalucianaoliveira.com.br\/blog\/2019\/08\/16\/governo-suspende-84-mil-bolsas-de-estudos-e-pesquisas\/a2efe05b-1133-4ea3-8fdf-bdcb012b5e89\/\" data-orig-file=\"https:\/\/i0.wp.com\/blogdalucianaoliveira.com.br\/blog\/wp-content\/uploads\/2019\/08\/A2EFE05B-1133-4EA3-8FDF-BDCB012B5E89.jpeg?fit=640%2C351\" data-orig-size=\"640,351\" data-comments-opened=\"0\" data-image-meta=\"{&quot;aperture&quot;:&quot;0&quot;,&quot;credit&quot;:&quot;&quot;,&quot;camera&quot;:&quot;&quot;,&quot;caption&quot;:&quot;&quot;,&quot;created_timestamp&quot;:&quot;0&quot;,&quot;copyright&quot;:&quot;&quot;,&quot;focal_length&quot;:&quot;0&quot;,&quot;iso&quot;:&quot;0&quot;,&quot;shutter_speed&quot;:&quot;0&quot;,&quot;title&quot;:&quot;&quot;,&quot;orientation&quot;:&quot;0&quot;}\" data-image-title=\"A2EFE05B-1133-4EA3-8FDF-BDCB012B5E89\" data-image-description=\"\" data-image-caption=\"\" data-medium-file=\"https:\/\/i0.wp.com\/blogdalucianaoliveira.com.br\/blog\/wp-content\/uploads\/2019\/08\/A2EFE05B-1133-4EA3-8FDF-BDCB012B5E89.jpeg?fit=300%2C165\" data-large-file=\"https:\/\/i0.wp.com\/blogdalucianaoliveira.com.br\/blog\/wp-content\/uploads\/2019\/08\/A2EFE05B-1133-4EA3-8FDF-BDCB012B5E89.jpeg?fit=600%2C329\" src=\"https:\/\/i0.wp.com\/blogdalucianaoliveira.com.br\/blog\/wp-content\/uploads\/2019\/08\/A2EFE05B-1133-4EA3-8FDF-BDCB012B5E89.jpeg?resize=600%2C329\" alt=\"A2EFE05B-1133-4EA3-8FDF-BDCB012B5E89\" width=\"600\" height=\"329\" class=\"alignnone size-full wp-image-23368\" srcset=\"https:\/\/i0.wp.com\/blogdalucianaoliveira.com.br\/blog\/wp-content\/uploads\/2019\/08\/A2EFE05B-1133-4EA3-8FDF-BDCB012B5E89.jpeg?w=640 640w, https:\/\/i0.wp.com\/blogdalucianaoliveira.com.br\/blog\/wp-content\/uploads\/2019\/08\/A2EFE05B-1133-4EA3-8FDF-BDCB012B5E89.jpeg?resize=300%2C165 300w, https:\/\/i0.wp.com\/blogdalucianaoliveira.com.br\/blog\/wp-content\/uploads\/2019\/08\/A2EFE05B-1133-4EA3-8FDF-BDCB012B5E89.jpeg?resize=547%2C300 547w\" sizes=\"auto, (max-width: 600px) 100vw, 600px\" \/><\/p>\n<p>Nota do CNPq afirma que \u201ccen\u00e1rio or\u00e7ament\u00e1rio\u201d \u00e9 o motivo da suspens\u00e3o<!--more--><\/p>\n<p>Reda\u00e7\u00e3o<br \/>\nBrasil de Fato<\/p>\n<p>O governo do presidente Jair Bolsonaro (PSL) oficializou, na noite desta quinta-feira (15), que n\u00e3o haver\u00e1 dinheiro para financiar 84 mil bolsas de estudos e pesquisas em andamento e fazer novos contratos, que estavam previstos para este ano no Or\u00e7amento do Conselho Nacional de Desenvolvimento Cient\u00edfico e Tecnol\u00f3gico (CNPq), \u00f3rg\u00e3o ligado ao minist\u00e9rio da Ci\u00eancia e Tecnologia. <\/p>\n<p>O valor suplementar que deveria ser sido repassado pelo Minist\u00e9rio da Economia para garantir a produ\u00e7\u00e3o de pesquisas acad\u00eamicas \u00e9 de R$ 330 milh\u00f5es.<\/p>\n<p>A nota do CNPq diz que a suspens\u00e3o das bolsas se deve ao \u201ccen\u00e1rio or\u00e7ament\u00e1rio\u201d. A divulga\u00e7\u00e3o foi feita ap\u00f3s o \u00f3rg\u00e3o ter a \u201cindica\u00e7\u00e3o\u201d que n\u00e3o haveria mais a recomposi\u00e7\u00e3o integral do Or\u00e7amento para 2019.<\/p>\n<p>No in\u00edcio desta semana, o presidente do CNPq, Jo\u00e3o Luiz Filgueiras de Azevedo, deu uma entrevista para o Jornal da USP em que lamentava a situa\u00e7\u00e3o de risco em rela\u00e7\u00e3o ao financiamento de novas bolsas e a continuidade das bolsas em andamento.<\/p>\n<p>\u201cVamos pagar as bolsas de agosto normalmente; mas de setembro em diante n\u00e3o tem como pagar mais nada. A folha de agosto, essencialmente, zera o nosso or\u00e7amento\u201d, disse Azevedo, ao Jornal da USP.<\/p>\n<p>O valor reservado para o CNPq, na Lei Or\u00e7ament\u00e1ria Anual (LOA) deste ano, \u00e9 de R$ 785 milh\u00f5es para bolsas e de R$ 127 milh\u00f5es para fomento \u00e0 pesquisa. Somando ao todo, R$ 912 milh\u00f5es. Essa reserva foi aprovada no Congresso.<\/p>\n<p>Os cortes foram confirmados um m\u00eas ap\u00f3s o Minist\u00e9rio da Educa\u00e7\u00e3o apresentar o plano &#8220;Future-se&#8221;, que tem como horizonte a privatiza\u00e7\u00e3o do ensino p\u00fablico superior e a participa\u00e7\u00e3o de empresas na escolha dos objetos de pesquisas acad\u00eamicas. <\/p>\n<p>Confira em breve mais informa\u00e7\u00f5es sobre a repercuss\u00e3o dos cortes.<\/p>\n<p>Edi\u00e7\u00e3o: Daniel Giovanaz<\/p>\n","protected":false},"excerpt":{"rendered":"<p>Nota do CNPq afirma que \u201ccen\u00e1rio or\u00e7ament\u00e1rio\u201d \u00e9 o motivo da suspens\u00e3o<\/p>\n","protected":false},"author":1,"featured_media":0,"comment_status":"closed","ping_status":"open","sticky":false,"template":"","format":"standard","meta":{"_exactmetrics_skip_tracking":false,"_exactmetrics_sitenote_active":false,"_exactmetrics_sitenote_note":"","_exactmetrics_sitenote_category":0,"jetpack_post_was_ever_published":false,"_jetpack_newsletter_access":"","_jetpack_dont_email_post_to_subs":false,"_jetpack_newsletter_tier_id":0,"_jetpack_memberships_contains_paywalled_content":false,"_jetpack_memberships_contains_paid_content":false,"footnotes":"","jetpack_publicize_message":"","jetpack_publicize_feature_enabled":true,"jetpack_social_post_already_shared":true,"jetpack_social_options":{"image_generator_settings":{"template":"highway","enabled":false},"version":2}},"categories":[1],"tags":[],"class_list":["post-23367","post","type-post","status-publish","format-standard","hentry","category-notas"],"jetpack_publicize_connections":[],"jetpack_sharing_enabled":true,"jetpack_featured_media_url":"","jetpack_shortlink":"https:\/\/wp.me\/p7wKYW-64T","jetpack-related-posts":[],"_links":{"self":[{"href":"http:\/\/blogdalucianaoliveira.com.br\/blog\/wp-json\/wp\/v2\/posts\/23367","targetHints":{"allow":["GET"]}}],"collection":[{"href":"http:\/\/blogdalucianaoliveira.com.br\/blog\/wp-json\/wp\/v2\/posts"}],"about":[{"href":"http:\/\/blogdalucianaoliveira.com.br\/blog\/wp-json\/wp\/v2\/types\/post"}],"author":[{"embeddable":true,"href":"http:\/\/blogdalucianaoliveira.com.br\/blog\/wp-json\/wp\/v2\/users\/1"}],"replies":[{"embeddable":true,"href":"http:\/\/blogdalucianaoliveira.com.br\/blog\/wp-json\/wp\/v2\/comments?post=23367"}],"version-history":[{"count":1,"href":"http:\/\/blogdalucianaoliveira.com.br\/blog\/wp-json\/wp\/v2\/posts\/23367\/revisions"}],"predecessor-version":[{"id":23369,"href":"http:\/\/blogdalucianaoliveira.com.br\/blog\/wp-json\/wp\/v2\/posts\/23367\/revisions\/23369"}],"wp:attachment":[{"href":"http:\/\/blogdalucianaoliveira.com.br\/blog\/wp-json\/wp\/v2\/media?parent=23367"}],"wp:term":[{"taxonomy":"category","embeddable":true,"href":"http:\/\/blogdalucianaoliveira.com.br\/blog\/wp-json\/wp\/v2\/categories?post=23367"},{"taxonomy":"post_tag","embeddable":true,"href":"http:\/\/blogdalucianaoliveira.com.br\/blog\/wp-json\/wp\/v2\/tags?post=23367"}],"curies":[{"name":"wp","href":"https:\/\/api.w.org\/{rel}","templated":true}]}}