{"id":23372,"date":"2019-08-16T17:28:20","date_gmt":"2019-08-16T21:28:20","guid":{"rendered":"http:\/\/blogdalucianaoliveira.com.br\/blog\/?p=23372"},"modified":"2019-08-16T17:28:20","modified_gmt":"2019-08-16T21:28:20","slug":"campanha-moro-mente-denuncia-crimes-do-ex-juiz-na-operacao-lava-jato","status":"publish","type":"post","link":"http:\/\/blogdalucianaoliveira.com.br\/blog\/2019\/08\/16\/campanha-moro-mente-denuncia-crimes-do-ex-juiz-na-operacao-lava-jato\/","title":{"rendered":"Campanha &#8220;Moro Mente&#8221; denuncia crimes do ex-juiz na opera\u00e7\u00e3o Lava Jato"},"content":{"rendered":"<p><img data-recalc-dims=\"1\" loading=\"lazy\" decoding=\"async\" data-attachment-id=\"23373\" data-permalink=\"http:\/\/blogdalucianaoliveira.com.br\/blog\/2019\/08\/16\/campanha-moro-mente-denuncia-crimes-do-ex-juiz-na-operacao-lava-jato\/men-3\/\" data-orig-file=\"https:\/\/i0.wp.com\/blogdalucianaoliveira.com.br\/blog\/wp-content\/uploads\/2019\/08\/men.jpg?fit=640%2C471\" data-orig-size=\"640,471\" data-comments-opened=\"0\" data-image-meta=\"{&quot;aperture&quot;:&quot;0&quot;,&quot;credit&quot;:&quot;&quot;,&quot;camera&quot;:&quot;&quot;,&quot;caption&quot;:&quot;&quot;,&quot;created_timestamp&quot;:&quot;0&quot;,&quot;copyright&quot;:&quot;&quot;,&quot;focal_length&quot;:&quot;0&quot;,&quot;iso&quot;:&quot;0&quot;,&quot;shutter_speed&quot;:&quot;0&quot;,&quot;title&quot;:&quot;&quot;,&quot;orientation&quot;:&quot;0&quot;}\" data-image-title=\"men\" data-image-description=\"\" data-image-caption=\"\" data-medium-file=\"https:\/\/i0.wp.com\/blogdalucianaoliveira.com.br\/blog\/wp-content\/uploads\/2019\/08\/men.jpg?fit=300%2C221\" data-large-file=\"https:\/\/i0.wp.com\/blogdalucianaoliveira.com.br\/blog\/wp-content\/uploads\/2019\/08\/men.jpg?fit=600%2C442\" class=\"alignnone size-full wp-image-23373\" src=\"https:\/\/i0.wp.com\/blogdalucianaoliveira.com.br\/blog\/wp-content\/uploads\/2019\/08\/men.jpg?resize=600%2C442\" alt=\"men\" width=\"600\" height=\"442\" srcset=\"https:\/\/i0.wp.com\/blogdalucianaoliveira.com.br\/blog\/wp-content\/uploads\/2019\/08\/men.jpg?w=640 640w, https:\/\/i0.wp.com\/blogdalucianaoliveira.com.br\/blog\/wp-content\/uploads\/2019\/08\/men.jpg?resize=300%2C221 300w, https:\/\/i0.wp.com\/blogdalucianaoliveira.com.br\/blog\/wp-content\/uploads\/2019\/08\/men.jpg?resize=408%2C300 408w\" sizes=\"auto, (max-width: 600px) 100vw, 600px\" \/><\/p>\n<p>Advogada \u00c9rica Meireles, da coordena\u00e7\u00e3o executiva da ABJD, falou sobre a a\u00e7\u00e3o em entrevista ao Programa Brasil de Fato<!--more--><\/p>\n<p>A Associa\u00e7\u00e3o Brasileira de Juristas pela Democracia (ABJD)\u00a0lan\u00e7ou,\u00a0no in\u00edcio deste m\u00eas de agosto, a campanha\u00a0<strong>Moro Mente<\/strong>. A\u00a0a\u00e7\u00e3o tem o objetivo de explicar \u00e0 popula\u00e7\u00e3o quais foram os crimes cometidos pelo ex-juiz e atual ministro da Justi\u00e7a, S\u00e9rgio Moro, na opera\u00e7\u00e3o Lava Jato.<\/p>\n<p>Para entender melhor como funciona a campanha, o Programa Brasil de Fato conversou com a advogada \u00c9rica Meireles nesta sexta-feira (16). Ela faz parte da coordena\u00e7\u00e3o executiva da ABJD e tamb\u00e9m \u00e9 servidora da defensoria p\u00fablica do estado de S\u00e3o Paulo.<\/p>\n<p>Segundo ela, existem diversas ilegalidades ao longo da trajet\u00f3ria de S\u00e9rgio Moro como principal juiz da Lava Jato. &#8220;Tentando objetivar alguns pontos, porque s\u00e3o diversas a\u00e7\u00f5es, o que eu posso destacar em primeiro plano \u00e9 a combina\u00e7\u00e3o do jogo durante o processo judicial. Isso n\u00e3o pode ser feito, como na \u00e9poca o [ex] juiz\u00a0S\u00e9rgio Moro fez, mostrando evidente parcialidade na sua a\u00e7\u00e3o. Temos algumas a\u00e7\u00f5es a respeito de aviso de prazo, verifica\u00e7\u00f5es de peti\u00e7\u00f5es antes mesmo que elas fossem protocoladas e fizessem parte do processo, opinar sobre dela\u00e7\u00f5es premiadas, combinar a\u00e7\u00f5es de investiga\u00e7\u00f5es de atos processuais&#8221;, explica.<\/p>\n<p>Ela ressalta que a campanha tamb\u00e9m se preocupa com as mensagens divulgadas\u00a0no caso que ficou conhecido como Vaza Jato, obtidas pelo site\u00a0<em>The Intercept Brasil<\/em>\u00a0e publicadas em parceria com outros ve\u00edculos da grande imprensa. Os di\u00e1logos\u00a0entre os principais membros da opera\u00e7\u00e3o revelam a atua\u00e7\u00e3o pol\u00edtica da for\u00e7a-tarefa na condu\u00e7\u00e3o dos processos.<\/p>\n<p>&#8220;A ABJD, afora essa campanha de di\u00e1logo com a sociedade, da elabora\u00e7\u00e3o de artigos, de v\u00eddeos, n\u00f3s tentamos acionar as institui\u00e7\u00f5es que t\u00eam compet\u00eancia para tal an\u00e1lise [sobre a Vaza Jato]. E infelizmente n\u00e3o foram para frente as investiga\u00e7\u00f5es que n\u00f3s solicitamos. Isso corrobora o que temos visto de espetaculariza\u00e7\u00e3o da Justi\u00e7a&#8221;.<\/p>\n<p>Na pr\u00f3xima segunda-feira (19), a ABJD realiza um ato p\u00fablico\u00a0para denunciar a conduta do atual ministro da Justi\u00e7a \u00e0 frente da opera\u00e7\u00e3o. O evento ser\u00e1 \u00e0s 18h30, no Sal\u00e3o Nobre da Faculdade de Direito da USP.<\/p>\n<p><a href=\"https:\/\/soundcloud.com\/radioagenciabdf\/campanha-moro-mente-tenta-explicar-a-populacao-ilegalidades-cometidas-pelo-juiz\" target=\"_blank\" rel=\"noopener\">Ou\u00e7a a\u00a0\u00edntegra da entrevista aqui<\/a>.<\/p>\n<p>&nbsp;<\/p>\n<p><iframe loading=\"lazy\" src=\"https:\/\/cdn.knightlab.com\/libs\/timeline3\/latest\/embed\/index.html?source=1mIHBPNfvfLzPvMlB6dKmw4Uxq557AfUOO0Iq4t7bSI4&amp;font=Default&amp;lang=pt-br&amp;initial_zoom=2&amp;height=650\" width=\"100%\" height=\"650\" frameborder=\"0\" allowfullscreen=\"allowfullscreen\" data-mce-fragment=\"1\"><\/iframe><\/p>\n<p>&nbsp;<\/p>\n<p class=\"editor\">Edi\u00e7\u00e3o: Tayguara Ribeiro<\/p>\n<div class=\"content-footer\"><\/div>\n","protected":false},"excerpt":{"rendered":"<p>Advogada \u00c9rica Meireles, da coordena\u00e7\u00e3o executiva da ABJD, falou sobre a a\u00e7\u00e3o em entrevista ao Programa Brasil de Fato<\/p>\n","protected":false},"author":1,"featured_media":0,"comment_status":"closed","ping_status":"open","sticky":false,"template":"","format":"standard","meta":{"_exactmetrics_skip_tracking":false,"_exactmetrics_sitenote_active":false,"_exactmetrics_sitenote_note":"","_exactmetrics_sitenote_category":0,"jetpack_post_was_ever_published":false,"_jetpack_newsletter_access":"","_jetpack_dont_email_post_to_subs":false,"_jetpack_newsletter_tier_id":0,"_jetpack_memberships_contains_paywalled_content":false,"_jetpack_memberships_contains_paid_content":false,"footnotes":"","jetpack_publicize_message":"","jetpack_publicize_feature_enabled":true,"jetpack_social_post_already_shared":true,"jetpack_social_options":{"image_generator_settings":{"template":"highway","enabled":false},"version":2}},"categories":[1],"tags":[],"class_list":["post-23372","post","type-post","status-publish","format-standard","hentry","category-notas"],"jetpack_publicize_connections":[],"jetpack_sharing_enabled":true,"jetpack_featured_media_url":"","jetpack_shortlink":"https:\/\/wp.me\/p7wKYW-64Y","jetpack-related-posts":[],"_links":{"self":[{"href":"http:\/\/blogdalucianaoliveira.com.br\/blog\/wp-json\/wp\/v2\/posts\/23372","targetHints":{"allow":["GET"]}}],"collection":[{"href":"http:\/\/blogdalucianaoliveira.com.br\/blog\/wp-json\/wp\/v2\/posts"}],"about":[{"href":"http:\/\/blogdalucianaoliveira.com.br\/blog\/wp-json\/wp\/v2\/types\/post"}],"author":[{"embeddable":true,"href":"http:\/\/blogdalucianaoliveira.com.br\/blog\/wp-json\/wp\/v2\/users\/1"}],"replies":[{"embeddable":true,"href":"http:\/\/blogdalucianaoliveira.com.br\/blog\/wp-json\/wp\/v2\/comments?post=23372"}],"version-history":[{"count":1,"href":"http:\/\/blogdalucianaoliveira.com.br\/blog\/wp-json\/wp\/v2\/posts\/23372\/revisions"}],"predecessor-version":[{"id":23374,"href":"http:\/\/blogdalucianaoliveira.com.br\/blog\/wp-json\/wp\/v2\/posts\/23372\/revisions\/23374"}],"wp:attachment":[{"href":"http:\/\/blogdalucianaoliveira.com.br\/blog\/wp-json\/wp\/v2\/media?parent=23372"}],"wp:term":[{"taxonomy":"category","embeddable":true,"href":"http:\/\/blogdalucianaoliveira.com.br\/blog\/wp-json\/wp\/v2\/categories?post=23372"},{"taxonomy":"post_tag","embeddable":true,"href":"http:\/\/blogdalucianaoliveira.com.br\/blog\/wp-json\/wp\/v2\/tags?post=23372"}],"curies":[{"name":"wp","href":"https:\/\/api.w.org\/{rel}","templated":true}]}}