{"id":23375,"date":"2019-08-16T17:35:48","date_gmt":"2019-08-16T21:35:48","guid":{"rendered":"http:\/\/blogdalucianaoliveira.com.br\/blog\/?p=23375"},"modified":"2019-08-16T17:35:48","modified_gmt":"2019-08-16T21:35:48","slug":"nao-lutamos-mais-pela-democracia-lutamos-pela-civilizacao-diz-juiz-de-direito","status":"publish","type":"post","link":"http:\/\/blogdalucianaoliveira.com.br\/blog\/2019\/08\/16\/nao-lutamos-mais-pela-democracia-lutamos-pela-civilizacao-diz-juiz-de-direito\/","title":{"rendered":"\u201cN\u00e3o lutamos mais pela democracia, lutamos pela civiliza\u00e7\u00e3o\u201d, diz juiz de direito"},"content":{"rendered":"<p><img data-recalc-dims=\"1\" loading=\"lazy\" decoding=\"async\" data-attachment-id=\"23376\" data-permalink=\"http:\/\/blogdalucianaoliveira.com.br\/blog\/2019\/08\/16\/nao-lutamos-mais-pela-democracia-lutamos-pela-civilizacao-diz-juiz-de-direito\/jui-2\/\" data-orig-file=\"https:\/\/i0.wp.com\/blogdalucianaoliveira.com.br\/blog\/wp-content\/uploads\/2019\/08\/jui.png?fit=1024%2C536\" data-orig-size=\"1024,536\" data-comments-opened=\"0\" data-image-meta=\"{&quot;aperture&quot;:&quot;0&quot;,&quot;credit&quot;:&quot;&quot;,&quot;camera&quot;:&quot;&quot;,&quot;caption&quot;:&quot;&quot;,&quot;created_timestamp&quot;:&quot;0&quot;,&quot;copyright&quot;:&quot;&quot;,&quot;focal_length&quot;:&quot;0&quot;,&quot;iso&quot;:&quot;0&quot;,&quot;shutter_speed&quot;:&quot;0&quot;,&quot;title&quot;:&quot;&quot;,&quot;orientation&quot;:&quot;0&quot;}\" data-image-title=\"jui]\" data-image-description=\"\" data-image-caption=\"\" data-medium-file=\"https:\/\/i0.wp.com\/blogdalucianaoliveira.com.br\/blog\/wp-content\/uploads\/2019\/08\/jui.png?fit=300%2C157\" data-large-file=\"https:\/\/i0.wp.com\/blogdalucianaoliveira.com.br\/blog\/wp-content\/uploads\/2019\/08\/jui.png?fit=600%2C314\" class=\"alignnone size-full wp-image-23376\" src=\"https:\/\/i0.wp.com\/blogdalucianaoliveira.com.br\/blog\/wp-content\/uploads\/2019\/08\/jui.png?resize=600%2C314\" alt=\"jui]\" width=\"600\" height=\"314\" srcset=\"https:\/\/i0.wp.com\/blogdalucianaoliveira.com.br\/blog\/wp-content\/uploads\/2019\/08\/jui.png?w=1024 1024w, https:\/\/i0.wp.com\/blogdalucianaoliveira.com.br\/blog\/wp-content\/uploads\/2019\/08\/jui.png?resize=300%2C157 300w, https:\/\/i0.wp.com\/blogdalucianaoliveira.com.br\/blog\/wp-content\/uploads\/2019\/08\/jui.png?resize=768%2C402 768w, https:\/\/i0.wp.com\/blogdalucianaoliveira.com.br\/blog\/wp-content\/uploads\/2019\/08\/jui.png?resize=573%2C300 573w\" sizes=\"auto, (max-width: 600px) 100vw, 600px\" \/><\/p>\n<p>No Justificando, por Jo\u00e3o Marcos Buch, juiz de direito &#8211; Na Paris de 1832 Victor Hugo publicou sua obra \u201cO \u00daltimo Dia de um Condenado \u00e0 Morte\u201d, na qual relata a angustiante espera de um homem privado da vida. Essa po\u00e9tica literatura encerra um discurso apaixonado pela aboli\u00e7\u00e3o da pena de morte e em \u00faltima an\u00e1lise pela aboli\u00e7\u00e3o da tirania.<!--more--><\/p>\n<p>No Brasil de 2019 h\u00e1 quem diga que antes de perguntarem sobre as mortes nas pris\u00f5es que perguntem \u00e0s v\u00edtimas de quem est\u00e1 preso. Como juiz que trabalha com execu\u00e7\u00e3o penal, que tem nas leis e especialmente na Constitui\u00e7\u00e3o Federal a base de sua jurisdi\u00e7\u00e3o e que tem enfrentado ao longo dos anos o colapso cada vez mais grave do sistema prisional, em cujo recrudescimento das penas e a incompreens\u00e3o das raz\u00f5es hist\u00f3ricas da viol\u00eancia encontra terra f\u00e9rtil, pensei em trazer \u00e0 luz alguns postulados jur\u00eddicos e cient\u00edficos, no intuito de colocar alguma racionalidade em toda essa irracionalidade.<\/p>\n<p>Por\u00e9m, refletindo melhor, resolvi relatar que nas minhas andan\u00e7as pelos quatro cantos do pa\u00eds para falar sobre direitos humanos j\u00e1 fiz muito disso, face \u00e0 face e com o respeito necess\u00e1rio j\u00e1 perguntei a v\u00edtimas sobre o que elas gostariam que acontecesse com quem est\u00e1 preso, se achavam que os prisioneiros deviam ser assassinados. Ouvi in\u00fameras respostas, algumas ressentidas, muitas marcadas pela dor e por um profundo sentimento de injusti\u00e7a, mas nenhuma, nenhuma mesmo que apontasse para a morte do preso. Independentemente de classe social e econ\u00f4mica ou do n\u00edvel educacional, as manifesta\u00e7\u00f5es sempre foram respeitosas e em sua grande maioria l\u00facidas.<\/p>\n<p>Em linguagem formal e n\u00e3o coloquial, pois n\u00e3o saberia lembrar de detalhes ou reproduzir fielmente os di\u00e1logos \u2013 qui\u00e7\u00e1 o de uma m\u00e3e que disse ter tido o filho esfaqueado e morto na frente de sua casa e que o assassino nunca tinha sido julgado, para quem eu com o afeto que me cabia tentei explicar que mesmo n\u00e3o tendo como sentir a dor que ela sentia o que eu queria era um mundo onde nenhuma outra m\u00e3e sofresse o que ela sofria, que nunca mais filhos fossem mortos criminosamente \u2013 eis as respostas que ouvi: \u201cDoutor, n\u00e3o quero que quem furtou minha loja, roubou meu celular, arrombou meu carro seja assassinado na pris\u00e3o, quero que ele aprenda a ter uma profiss\u00e3o e pare de assaltar; seu juiz, n\u00e3o quero que o traficante que vendeu droga para meu filho morra, quero que ele pare de vender drogas; excel\u00eancia, n\u00e3o quero que o dependente de drogas tenha a vida ceifada, quero que deixe de se drogar e supere o v\u00edcio; n\u00e3o quero que aquele que atentou contra a dignidade sexual de minha filha, que desgra\u00e7adamente matou meu filho, que atentou contra a vida de meus pais seja eliminado, quero que ele se arrependa pelo mal que fez, nunca mais o repita e que trabalhe para reduzir os danos que causou.\u201d<\/p>\n<p>As pessoas est\u00e3o cansadas da viol\u00eancia, quando perguntadas respondem que n\u00e3o querem mais sentir a dor do \u00f3dio, sonham com uma vida mais fraterna. Lamentavelmente por\u00e9m parece que essas respostas jamais chegam aos ouvidos daqueles que, tendo o poder para mudar o rumo da hist\u00f3ria, n\u00e3o querem ouvir e, pelo contr\u00e1rio, defendem a pena de morte, a vingan\u00e7a, o exterm\u00ednio, como se a pena capital j\u00e1 n\u00e3o existisse no Brasil, em disfar\u00e7ada tirania. Em nome de uma pol\u00edtica repressiva e fracassada de \u201cguerra\u201d contra o crime e de combate \u00e0s drogas, milhares de pessoas s\u00e3o mortas todos os anos. S\u00e3o jovens policiais, jovens viciados, jovens traficantes, jovens da margem, que encontram sua exist\u00eancia tr\u00e1gica e precocemente encerrada.<\/p>\n<p>Talvez Victor Hugo soubesse que o homem ainda demoraria muito tempo para compreender a amplitude e corre\u00e7\u00e3o de seu pensamento. Por aqui, neste pa\u00eds continental, o povo at\u00e9 tenta superar a viol\u00eancia, uma hora ou outra as pessoas percebem que todos est\u00e3o propensos a cometer atos violentos e que devemos olhar mais para os outros, para as v\u00edtimas, para os presos, para n\u00f3s mesmos, humanos que somos. Mas ent\u00e3o, como trov\u00f5es, aqueles em posi\u00e7\u00e3o de poder e destaque lan\u00e7am palavras contr\u00e1rias nos c\u00e9us do pa\u00eds, disseminando o medo e por consequ\u00eancia a vingan\u00e7a, a lei do tali\u00e3o, do olho por olho dente por dente. E tudo se perde!<\/p>\n<p>Estamos \u00e0 beira do abismo. N\u00e3o lutamos mais pela democracia, lutamos pela civiliza\u00e7\u00e3o. Nossos pr\u00f3ximos passos podem ser os \u00faltimos, os \u00faltimos passos da humanidade.<\/p>\n<p>Jo\u00e3o Marcos Buch \u00e9 juiz de direto da vara de execu\u00e7\u00f5es penais da Comarca de Joinville\/SC e membro da AJD<\/p>\n","protected":false},"excerpt":{"rendered":"<p>No Justificando, por Jo\u00e3o Marcos Buch, juiz de direito &#8211; Na Paris de 1832 Victor Hugo publicou sua obra \u201cO \u00daltimo Dia de um Condenado \u00e0 Morte\u201d, na qual relata a angustiante espera de um homem privado da vida. Essa po\u00e9tica literatura encerra um discurso apaixonado pela aboli\u00e7\u00e3o da pena de morte e em \u00faltima&#8230;<a class=\"more-link\" href=\"http:\/\/blogdalucianaoliveira.com.br\/blog\/2019\/08\/16\/nao-lutamos-mais-pela-democracia-lutamos-pela-civilizacao-diz-juiz-de-direito\/\">Continue a leitura <span class=\"meta-nav\">&raquo;<\/span><\/a><\/p>\n","protected":false},"author":1,"featured_media":0,"comment_status":"closed","ping_status":"open","sticky":false,"template":"","format":"standard","meta":{"_exactmetrics_skip_tracking":false,"_exactmetrics_sitenote_active":false,"_exactmetrics_sitenote_note":"","_exactmetrics_sitenote_category":0,"jetpack_post_was_ever_published":false,"_jetpack_newsletter_access":"","_jetpack_dont_email_post_to_subs":false,"_jetpack_newsletter_tier_id":0,"_jetpack_memberships_contains_paywalled_content":false,"_jetpack_memberships_contains_paid_content":false,"footnotes":"","jetpack_publicize_message":"","jetpack_publicize_feature_enabled":true,"jetpack_social_post_already_shared":true,"jetpack_social_options":{"image_generator_settings":{"template":"highway","enabled":false},"version":2}},"categories":[1],"tags":[],"class_list":["post-23375","post","type-post","status-publish","format-standard","hentry","category-notas"],"jetpack_publicize_connections":[],"jetpack_sharing_enabled":true,"jetpack_featured_media_url":"","jetpack_shortlink":"https:\/\/wp.me\/p7wKYW-651","jetpack-related-posts":[],"_links":{"self":[{"href":"http:\/\/blogdalucianaoliveira.com.br\/blog\/wp-json\/wp\/v2\/posts\/23375","targetHints":{"allow":["GET"]}}],"collection":[{"href":"http:\/\/blogdalucianaoliveira.com.br\/blog\/wp-json\/wp\/v2\/posts"}],"about":[{"href":"http:\/\/blogdalucianaoliveira.com.br\/blog\/wp-json\/wp\/v2\/types\/post"}],"author":[{"embeddable":true,"href":"http:\/\/blogdalucianaoliveira.com.br\/blog\/wp-json\/wp\/v2\/users\/1"}],"replies":[{"embeddable":true,"href":"http:\/\/blogdalucianaoliveira.com.br\/blog\/wp-json\/wp\/v2\/comments?post=23375"}],"version-history":[{"count":1,"href":"http:\/\/blogdalucianaoliveira.com.br\/blog\/wp-json\/wp\/v2\/posts\/23375\/revisions"}],"predecessor-version":[{"id":23377,"href":"http:\/\/blogdalucianaoliveira.com.br\/blog\/wp-json\/wp\/v2\/posts\/23375\/revisions\/23377"}],"wp:attachment":[{"href":"http:\/\/blogdalucianaoliveira.com.br\/blog\/wp-json\/wp\/v2\/media?parent=23375"}],"wp:term":[{"taxonomy":"category","embeddable":true,"href":"http:\/\/blogdalucianaoliveira.com.br\/blog\/wp-json\/wp\/v2\/categories?post=23375"},{"taxonomy":"post_tag","embeddable":true,"href":"http:\/\/blogdalucianaoliveira.com.br\/blog\/wp-json\/wp\/v2\/tags?post=23375"}],"curies":[{"name":"wp","href":"https:\/\/api.w.org\/{rel}","templated":true}]}}